{"id":37032,"date":"2017-01-20T21:59:08","date_gmt":"2017-01-20T20:59:08","guid":{"rendered":"http:\/\/www.schiebener.net\/wordpress\/?p=37032"},"modified":"2017-01-20T22:15:18","modified_gmt":"2017-01-20T21:15:18","slug":"neue-quartalszahlen-druckauflage-fuer-die-westfalenpost-meschede-warstein-brilon-sinkt-in-einem-jahr-um-mehr-als-6-prozent","status":"publish","type":"post","link":"https:\/\/www.schiebener.net\/wordpress\/neue-quartalszahlen-druckauflage-fuer-die-westfalenpost-meschede-warstein-brilon-sinkt-in-einem-jahr-um-mehr-als-6-prozent\/","title":{"rendered":"Neue Quartalszahlen: Druckauflage f\u00fcr die Westfalenpost Meschede, Warstein, Brilon sinkt in einem Jahr um mehr als 6 Prozent."},"content":{"rendered":"<figure id=\"attachment_37033\" aria-describedby=\"caption-attachment-37033\" style=\"width: 710px\" class=\"wp-caption aligncenter\"><a href=\"http:\/\/www.schiebener.net\/wordpress\/wp-content\/uploads\/2017\/01\/ivw20117012001.jpg\" target=\"_blank\"><img loading=\"lazy\" decoding=\"async\" class=\" wp-image-37033\" src=\"http:\/\/www.schiebener.net\/wordpress\/wp-content\/uploads\/2017\/01\/ivw20117012001.jpg\" alt=\"\" width=\"710\" height=\"243\" srcset=\"https:\/\/www.schiebener.net\/wordpress\/wp-content\/uploads\/2017\/01\/ivw20117012001.jpg 1646w, https:\/\/www.schiebener.net\/wordpress\/wp-content\/uploads\/2017\/01\/ivw20117012001-300x103.jpg 300w, https:\/\/www.schiebener.net\/wordpress\/wp-content\/uploads\/2017\/01\/ivw20117012001-768x263.jpg 768w, https:\/\/www.schiebener.net\/wordpress\/wp-content\/uploads\/2017\/01\/ivw20117012001-1024x350.jpg 1024w\" sizes=\"auto, (max-width: 709px) 85vw, (max-width: 909px) 67vw, (max-width: 984px) 61vw, (max-width: 1362px) 45vw, 600px\" \/><\/a><figcaption id=\"caption-attachment-37033\" class=\"wp-caption-text\">Auch in diesem Vierteljahr verliert die gedruckte Westfalenpost an Bedeutung. (screenshot: zoom\/Quelle ivw))<\/figcaption><\/figure>\n<p><strong>Siedlinghausen. (zoom) Die Westfalenpost verliert, wie schon in den Jahren zuvor, AbonnentInnen und damit wahrscheinlich Leser.<\/strong><\/p>\n<p>Die gedruckte Auflage der Ausgaben Meschede\/Warstein\/Brilon ist um 6,45% gesunken und mit 28.948 unter der Marke von 30.000.<\/p>\n<p>Die ePaper Ausgaben haben sich zwar mehr als verdoppelt, die Digitalisierung konnte trotzdem nicht verhindern, dass die AbonnentInnenzahl um 4,55% von 27.831 auf 26.565 abgesackt ist.<\/p>\n<p>Der Vierteljahresvergleich f\u00e4llt besser aus.<\/p>\n<figure id=\"attachment_37034\" aria-describedby=\"caption-attachment-37034\" style=\"width: 711px\" class=\"wp-caption aligncenter\"><a href=\"http:\/\/www.schiebener.net\/wordpress\/wp-content\/uploads\/2017\/01\/ivw201170120022.jpg\"><img loading=\"lazy\" decoding=\"async\" class=\" wp-image-37034\" src=\"http:\/\/www.schiebener.net\/wordpress\/wp-content\/uploads\/2017\/01\/ivw201170120022.jpg\" alt=\"\" width=\"711\" height=\"262\" srcset=\"https:\/\/www.schiebener.net\/wordpress\/wp-content\/uploads\/2017\/01\/ivw201170120022.jpg 1638w, https:\/\/www.schiebener.net\/wordpress\/wp-content\/uploads\/2017\/01\/ivw201170120022-300x110.jpg 300w, https:\/\/www.schiebener.net\/wordpress\/wp-content\/uploads\/2017\/01\/ivw201170120022-768x283.jpg 768w, https:\/\/www.schiebener.net\/wordpress\/wp-content\/uploads\/2017\/01\/ivw201170120022-1024x377.jpg 1024w\" sizes=\"auto, (max-width: 709px) 85vw, (max-width: 909px) 67vw, (max-width: 984px) 61vw, (max-width: 1362px) 45vw, 600px\" \/><\/a><figcaption id=\"caption-attachment-37034\" class=\"wp-caption-text\">Im letzten Vierteljahr 2016 scheinen sich die Zahlen wacker zu halten.<\/figcaption><\/figure>\n<p>Dieses &#8222;Weihnachtshoch&#8220; tritt allerdings regelm\u00e4\u00dfig auf und ist kein Grund zur Beruhigung.<\/p>\n<p>Interessanter als die Zahlen f\u00fcr den Gesamtraum Meschede\/Warstein\/Brilon w\u00e4ren die Zahlen f\u00fcr die einzelnen Redaktionen. An diesen Statistiken k\u00f6nnte man eventuell ablesen, wie sich unterschiedliche Berichterstattung auf den Zeitungsverkauf auswirkt.<\/p>\n<p>W\u00e4hrend die WP Meschede beispielsweise mehr auf Themen wie Polizeimeldungen, &#8222;Angstr\u00e4ume&#8220; und &#8222;(kriminelle) Fl\u00fcchtlinge&#8220; zu setzen scheint, macht die WP Brilon einen liberaleren und vielf\u00e4ltigeren Eindruck.<\/p>\n<p>Vielleicht passen sich die Redaktionen opportunistisch an das jeweilige politische Stadtklima (CDU\/SPD) an, vielleicht haben sie auch eine eigene Idee.<\/p>\n<p>Ich wei\u00df es nicht. Die Redaktionszahlen sind nicht \u00f6ffentlich.<\/p>\n<p><strong>Update:<\/strong><\/p>\n<p>Da ich gerade auf Twitter gefragt wurde, hier noch der Jahresscreenshot f\u00fcr die WP Arnsberg:<\/p>\n<p><a href=\"http:\/\/www.schiebener.net\/wordpress\/wp-content\/uploads\/2017\/01\/ivw20117012003.jpg\"><img loading=\"lazy\" decoding=\"async\" src=\"http:\/\/www.schiebener.net\/wordpress\/wp-content\/uploads\/2017\/01\/ivw20117012003.jpg\" alt=\"\" width=\"1617\" height=\"543\" class=\"aligncenter size-full wp-image-37039\" srcset=\"https:\/\/www.schiebener.net\/wordpress\/wp-content\/uploads\/2017\/01\/ivw20117012003.jpg 1617w, https:\/\/www.schiebener.net\/wordpress\/wp-content\/uploads\/2017\/01\/ivw20117012003-300x101.jpg 300w, https:\/\/www.schiebener.net\/wordpress\/wp-content\/uploads\/2017\/01\/ivw20117012003-768x258.jpg 768w, https:\/\/www.schiebener.net\/wordpress\/wp-content\/uploads\/2017\/01\/ivw20117012003-1024x344.jpg 1024w\" sizes=\"auto, (max-width: 709px) 85vw, (max-width: 909px) 67vw, (max-width: 1362px) 62vw, 840px\" \/><\/a><\/p>\n<p>Jeder kann sich die Zahlen selbst zusammenklicken. Ist ein bisschen Arbeit: <\/p>\n<p><a href=\"http:\/\/www.ivw.eu\/aw\/print\/qa\/f\/all?titelbez=&#038;verlagsname=&#038;titelnr=&#038;ivwnr=&#038;titelcode=&#038;erschort=&#038;erschweise=All&#038;titelstatus=All&#038;&#038;sachgrp[min]=&#038;sachgrp[max]=&#038;quartal[20164]=20164&#038;page=4\" target=\"_blank\">http:\/\/www.ivw.eu\/aw\/print\/qa\/f\/all?titelbez=&#038;verlagsname=&#038;titelnr=&#038;ivwnr=&#038;titelcode=&#038;erschort=&#038;erschweise=All&#038;titelstatus=All&#038;&#038;sachgrp[min]=&#038;sachgrp[max]=&#038;quartal[20164]=20164&#038;page=4<\/a><\/p>\n","protected":false},"excerpt":{"rendered":"<p>Siedlinghausen. (zoom) Die Westfalenpost verliert, wie schon in den Jahren zuvor, AbonnentInnen und damit wahrscheinlich Leser. Die gedruckte Auflage der Ausgaben Meschede\/Warstein\/Brilon ist um 6,45% gesunken und mit 28.948 unter &hellip; <a href=\"https:\/\/www.schiebener.net\/wordpress\/neue-quartalszahlen-druckauflage-fuer-die-westfalenpost-meschede-warstein-brilon-sinkt-in-einem-jahr-um-mehr-als-6-prozent\/\" class=\"more-link\"><span class=\"screen-reader-text\">\u201eNeue Quartalszahlen: Druckauflage f\u00fcr die Westfalenpost Meschede, Warstein, Brilon sinkt in einem Jahr um mehr als 6 Prozent.\u201c <\/span>weiterlesen<\/a><\/p>\n","protected":false},"author":3,"featured_media":0,"comment_status":"open","ping_status":"open","sticky":false,"template":"","format":"standard","meta":{"footnotes":""},"categories":[80,32],"tags":[579,6294,4915,264,681,3294,340,252],"class_list":["post-37032","post","type-post","status-publish","format-standard","hentry","category-lokales","category-medien","tag-brilon","tag-funke-mediengruppe","tag-ivw-auflagenzahlen","tag-meschede","tag-print","tag-warstein","tag-westfalenpost","tag-zeitungskrise"],"_links":{"self":[{"href":"https:\/\/www.schiebener.net\/wordpress\/wp-json\/wp\/v2\/posts\/37032","targetHints":{"allow":["GET"]}}],"collection":[{"href":"https:\/\/www.schiebener.net\/wordpress\/wp-json\/wp\/v2\/posts"}],"about":[{"href":"https:\/\/www.schiebener.net\/wordpress\/wp-json\/wp\/v2\/types\/post"}],"author":[{"embeddable":true,"href":"https:\/\/www.schiebener.net\/wordpress\/wp-json\/wp\/v2\/users\/3"}],"replies":[{"embeddable":true,"href":"https:\/\/www.schiebener.net\/wordpress\/wp-json\/wp\/v2\/comments?post=37032"}],"version-history":[{"count":0,"href":"https:\/\/www.schiebener.net\/wordpress\/wp-json\/wp\/v2\/posts\/37032\/revisions"}],"wp:attachment":[{"href":"https:\/\/www.schiebener.net\/wordpress\/wp-json\/wp\/v2\/media?parent=37032"}],"wp:term":[{"taxonomy":"category","embeddable":true,"href":"https:\/\/www.schiebener.net\/wordpress\/wp-json\/wp\/v2\/categories?post=37032"},{"taxonomy":"post_tag","embeddable":true,"href":"https:\/\/www.schiebener.net\/wordpress\/wp-json\/wp\/v2\/tags?post=37032"}],"curies":[{"name":"wp","href":"https:\/\/api.w.org\/{rel}","templated":true}]}}