{"id":36923,"date":"2017-01-06T08:01:29","date_gmt":"2017-01-06T07:01:29","guid":{"rendered":"http:\/\/www.schiebener.net\/wordpress\/?p=36923"},"modified":"2017-01-06T21:30:04","modified_gmt":"2017-01-06T20:30:04","slug":"pressemitteilung-4-julius-drescher-preis-kuratorium-entscheidet","status":"publish","type":"post","link":"https:\/\/www.schiebener.net\/wordpress\/pressemitteilung-4-julius-drescher-preis-kuratorium-entscheidet\/","title":{"rendered":"Pressemitteilung: 4. Julius-Drescher-Preis \u2013 Kuratorium entscheidet"},"content":{"rendered":"<figure id=\"attachment_36924\" aria-describedby=\"caption-attachment-36924\" style=\"width: 700px\" class=\"wp-caption aligncenter\"><img loading=\"lazy\" decoding=\"async\" class=\"size-full wp-image-36924\" src=\"http:\/\/www.schiebener.net\/wordpress\/wp-content\/uploads\/2017\/01\/Kuratorium-Julius-Drescher-Preis.jpg\" alt=\"\" width=\"700\" height=\"332\" srcset=\"https:\/\/www.schiebener.net\/wordpress\/wp-content\/uploads\/2017\/01\/Kuratorium-Julius-Drescher-Preis.jpg 700w, https:\/\/www.schiebener.net\/wordpress\/wp-content\/uploads\/2017\/01\/Kuratorium-Julius-Drescher-Preis-300x142.jpg 300w\" sizes=\"auto, (max-width: 709px) 85vw, (max-width: 909px) 67vw, (max-width: 984px) 61vw, (max-width: 1362px) 45vw, 600px\" \/><figcaption id=\"caption-attachment-36924\" class=\"wp-caption-text\">Das Kuratorium mit dem Vorsitzenden, Franz M\u00fcntefering und MdB Dirk Wiese (Mitte). (foto: spd)<\/figcaption><\/figure>\n<p><strong>Meschede. (spd_pm) Im kommenden Fr\u00fchjahr wird der <a href=\"http:\/\/dirkwiese.de\/4854\/4-julius-drescher-preis-der-hsk-spd\/\" target=\"_blank\">Julius-Drescher-Preis 2017<\/a> f\u00fcr au\u00dferordentliches b\u00fcrgerschaftliches Engagement und den damit verbundenen vorbildlichen Einsatz f\u00fcr die Demokratie und eine solidarische Gesellschaft im Heimatort des neuen Preistr\u00e4gers verliehen.<\/strong><\/p>\n<p>Anhand der eingereichten Vorschl\u00e4ge wird das Kuratorium des Julius Drescher-Preises in seiner Sitzung am 11. Januar 2017 entscheiden, wer vierter Preistr\u00e4ger wird.<\/p>\n<p>Bis zum 09. Januar 2017 nimmt das Kuratorium weitere ausf\u00fchrlich begr\u00fcndete Vorschl\u00e4ge entgegen. Diese k\u00f6nnen per Post an die HSK-SPD, Winziger Platz 12, 59872 Meschede oder per Email an hochsauerlandkreis@spd.de gerichtet werden.<\/p>\n<p>Zum 90. Geburtstag von <a href=\"https:\/\/de.wikipedia.org\/wiki\/Julius_Drescher\" target=\"_blank\">Julius-Drescher<\/a> hatte die SPD im Hochsauerland den Preis, der turnusgem\u00e4\u00df alle zwei Jahre ausgelobt wird, ins Leben gerufen.<\/p>\n<p>&#8212;&#8212;&#8212;&#8212;-<\/p>\n<p><em>Aktuelle Informationen vom Bundestagsabgeordneten Dirk Wiese sowie \u00fcber die SPD im Hochsauerland befinden sich im Internet unter <a href=\"http:\/\/www.dirkwiese.de\" target=\"_blank\">www.dirkwiese.de<\/a> und unter <a href=\"http:\/\/www.hsk-spd.de\" target=\"_blank\">www.hsk-spd.de<\/a><\/em><\/p>\n","protected":false},"excerpt":{"rendered":"<p>Meschede. (spd_pm) Im kommenden Fr\u00fchjahr wird der Julius-Drescher-Preis 2017 f\u00fcr au\u00dferordentliches b\u00fcrgerschaftliches Engagement und den damit verbundenen vorbildlichen Einsatz f\u00fcr die Demokratie und eine solidarische Gesellschaft im Heimatort des neuen &hellip; <a href=\"https:\/\/www.schiebener.net\/wordpress\/pressemitteilung-4-julius-drescher-preis-kuratorium-entscheidet\/\" class=\"more-link\"><span class=\"screen-reader-text\">\u201ePressemitteilung: 4. Julius-Drescher-Preis \u2013 Kuratorium entscheidet\u201c <\/span>weiterlesen<\/a><\/p>\n","protected":false},"author":17,"featured_media":0,"comment_status":"open","ping_status":"open","sticky":false,"template":"","format":"standard","meta":{"footnotes":""},"categories":[303,80,1043],"tags":[6634,655,4682],"class_list":["post-36923","post","type-post","status-publish","format-standard","hentry","category-in-unserem-briefkasten","category-lokales","category-pressemitteilungen","tag-julius-drescher-preis","tag-pressemitteilung","tag-spd-hsk"],"_links":{"self":[{"href":"https:\/\/www.schiebener.net\/wordpress\/wp-json\/wp\/v2\/posts\/36923","targetHints":{"allow":["GET"]}}],"collection":[{"href":"https:\/\/www.schiebener.net\/wordpress\/wp-json\/wp\/v2\/posts"}],"about":[{"href":"https:\/\/www.schiebener.net\/wordpress\/wp-json\/wp\/v2\/types\/post"}],"author":[{"embeddable":true,"href":"https:\/\/www.schiebener.net\/wordpress\/wp-json\/wp\/v2\/users\/17"}],"replies":[{"embeddable":true,"href":"https:\/\/www.schiebener.net\/wordpress\/wp-json\/wp\/v2\/comments?post=36923"}],"version-history":[{"count":0,"href":"https:\/\/www.schiebener.net\/wordpress\/wp-json\/wp\/v2\/posts\/36923\/revisions"}],"wp:attachment":[{"href":"https:\/\/www.schiebener.net\/wordpress\/wp-json\/wp\/v2\/media?parent=36923"}],"wp:term":[{"taxonomy":"category","embeddable":true,"href":"https:\/\/www.schiebener.net\/wordpress\/wp-json\/wp\/v2\/categories?post=36923"},{"taxonomy":"post_tag","embeddable":true,"href":"https:\/\/www.schiebener.net\/wordpress\/wp-json\/wp\/v2\/tags?post=36923"}],"curies":[{"name":"wp","href":"https:\/\/api.w.org\/{rel}","templated":true}]}}