{"id":36845,"date":"2016-12-27T00:06:44","date_gmt":"2016-12-26T23:06:44","guid":{"rendered":"http:\/\/www.schiebener.net\/wordpress\/?p=36845"},"modified":"2016-12-27T00:06:44","modified_gmt":"2016-12-26T23:06:44","slug":"umleitung-luegenpresse-profiteure-des-terrors-fake-news-narrative-der-europaeischen-union-und-wir-basteln-uns-ein-interview","status":"publish","type":"post","link":"https:\/\/www.schiebener.net\/wordpress\/umleitung-luegenpresse-profiteure-des-terrors-fake-news-narrative-der-europaeischen-union-und-wir-basteln-uns-ein-interview\/","title":{"rendered":"Umleitung: L\u00fcgenpresse, Profiteure des Terrors, Fake News, Narrative der Europ\u00e4ischen Union und wir basteln uns ein Interview"},"content":{"rendered":"<figure id=\"attachment_36846\" aria-describedby=\"caption-attachment-36846\" style=\"width: 700px\" class=\"wp-caption aligncenter\"><img loading=\"lazy\" decoding=\"async\" class=\"size-full wp-image-36846\" src=\"http:\/\/www.schiebener.net\/wordpress\/wp-content\/uploads\/2016\/12\/HamburgAltona2016122601.jpg\" alt=\"\" width=\"700\" height=\"1082\" srcset=\"https:\/\/www.schiebener.net\/wordpress\/wp-content\/uploads\/2016\/12\/HamburgAltona2016122601.jpg 700w, https:\/\/www.schiebener.net\/wordpress\/wp-content\/uploads\/2016\/12\/HamburgAltona2016122601-194x300.jpg 194w, https:\/\/www.schiebener.net\/wordpress\/wp-content\/uploads\/2016\/12\/HamburgAltona2016122601-662x1024.jpg 662w\" sizes=\"auto, (max-width: 709px) 85vw, (max-width: 909px) 67vw, (max-width: 984px) 61vw, (max-width: 1362px) 45vw, 600px\" \/><figcaption id=\"caption-attachment-36846\" class=\"wp-caption-text\">Neulich in Hamburg Altona: das Tor in der Einkaufswelt (foto: zoom)<\/figcaption><\/figure>\n<p><strong>L\u00fcgenpresse und Volksverr\u00e4ter:<\/strong> Wo ist das Problem? &#8230; <a href=\"https:\/\/www.youtube.com\/watch?v=tb0csqCblAw\" target=\"_blank\">bpb_auf_youtube<\/a><\/p>\n<p><strong>Profiteure des Terrors:<\/strong> Nicht nur in Moscheen &#8230; <a href=\"http:\/\/post-von-horn.de\/2016\/12\/21\/nicht-nur-in-moscheen\/\" target=\"_blank\">postvonhorn<\/a><\/p>\n<p><strong>Anmerkungen zur Debatte \u00fcber den Anschlag in Berlin:<\/strong> Wirkungsvolle Gefahrenabwehr statt Paragraphenbastelei &#8230; <a href=\"http:\/\/hpd.de\/artikel\/wirkungsvolle-gefahrenabwehr-statt-paragraphenbastelei-13915\" target=\"_blank\">hpd<\/a><\/p>\n<p><strong>\u201eWir m\u00fcssen uns wehren\u201c:<\/strong> Autoren weltweit vor Verfolgung sch\u00fctzen \u2013 eine Rede \u00fcber die Schriftstellervereinigung PEN &#8230; <a href=\"http:\/\/www.revierpassagen.de\/39275\/wir-muessen-uns-wehren-autoren-weltweit-vor-verfolgung-schuetzen-ueber-die-schriftstellervereinigung-pen\/20161221_2059\" target=\"_blank\">revierpassagen<\/a><\/p>\n<p><strong>Facebook:<\/strong> Fake-News Ma\u00dfnahmen k\u00f6nnen nur ein erster Schritt sein &#8230; <a href=\"http:\/\/www.rebrob.de\/facebook-fake-news-massnahmen-koennen-nur-ein-erster-schritt-sein\/\" target=\"_blank\">rebrob<\/a><\/p>\n<p><strong>Warum man Fake News nicht verbieten kann:<\/strong> Eine Fallstudie &#8230; <a href=\"http:\/\/www.sprachlog.de\/2016\/12\/22\/warum-man-fake-news-nicht-verbieten-kann-eine-fallstudie\/\" target=\"_blank\">sprachlog<\/a><\/p>\n<p><strong>Geschichtswerkstattbericht aus Harburg:<\/strong> Geschichtswissenschaft ist kein Feuilleton, sie saugt nicht am Stift, sondern frisst Akten. Der Arbeitsplatz von Historiker\/innen ist nicht die Talkschau, sondern das Archiv &#8230; <a href=\"http:\/\/www.harbuch.de\/index.php\/frische-themen-artikel\/werkstattbericht.html\" target=\"_blank\">harbuch<\/a><\/p>\n<p><strong>Die Narrative der Europ\u00e4ischen Union:<\/strong> &#8222;Das wesentliche Element der \u00dcberlegenheits-Narrative ist die universalistische Interpretation der Gemeinschaftswerte der EU und ihre ethische Vorrangstellung gegen\u00fcber den Nicht-EU Staaten und immer h\u00e4ufiger auch gegen\u00fcber den Mitgliedsstaaten, wenn eine Verletzung der Gemeinschaftswerte innerhalb der EU vermutet wird&#8220; &#8230; <a href=\"https:\/\/public-history-weekly.degruyter.com\/4-2016-43\/narratives-of-the-european-union\/\" target=\"_blank\">publicHistory<\/a><\/p>\n<p><strong>\u00dcber die Urspr\u00fcnge der Europ\u00e4ischen Aufkl\u00e4rung:<\/strong> Gegen die Mythen der Kirche &#8230; <a href=\"http:\/\/scilogs.spektrum.de\/beobachtungen-der-wissenschaft\/ueber-die-urspruenge-der-europaeischen-aufklaerung-gegen-die-mythen-der-kirche\/\" target=\"_blank\">scilogs<\/a><\/p>\n<p><strong>Chanukka-Feier am Phoenixsee:<\/strong> Neuer Gedenkstein erinnert an den ehemaligen j\u00fcdischen Friedhof im Westpark &#8230; <a href=\"http:\/\/nordstadtblogger.de\/neuer-gedenkstein-erinnert-an-den-ehemaligen-juedischen-friedhof-im-westpark-heute-chanukka-feier-am-phoenixsee\/\" target=\"_blank\">nordstadtblogger <\/a><\/p>\n<p><strong>Wir basteln uns ein Interview:<\/strong> WPWR will ein Gespr\u00e4ch mit dem OB gef\u00fchrt haben &#8230; <a href=\"https:\/\/doppelwacholder.wordpress.com\/2016\/12\/26\/wir-basteln-uns-ein-interview\/\" target=\"_blank\">doppelwacholder<\/a><\/p>\n<p><strong>Asylsuchende und Fl\u00fcchtlinge:<\/strong> Unn\u00f6tige Kosten durch erschwerten Arbeitsmarktzugang &#8230; <a href=\"http:\/\/sbl-fraktion.de\/?p=7154\" target=\"_blank\">sbl<\/a><\/p>\n","protected":false},"excerpt":{"rendered":"<p>L\u00fcgenpresse und Volksverr\u00e4ter: Wo ist das Problem? &#8230; bpb_auf_youtube Profiteure des Terrors: Nicht nur in Moscheen &#8230; postvonhorn Anmerkungen zur Debatte \u00fcber den Anschlag in Berlin: Wirkungsvolle Gefahrenabwehr statt Paragraphenbastelei &hellip; <a href=\"https:\/\/www.schiebener.net\/wordpress\/umleitung-luegenpresse-profiteure-des-terrors-fake-news-narrative-der-europaeischen-union-und-wir-basteln-uns-ein-interview\/\" class=\"more-link\"><span class=\"screen-reader-text\">\u201eUmleitung: L\u00fcgenpresse, Profiteure des Terrors, Fake News, Narrative der Europ\u00e4ischen Union und wir basteln uns ein Interview\u201c <\/span>weiterlesen<\/a><\/p>\n","protected":false},"author":3,"featured_media":0,"comment_status":"open","ping_status":"open","sticky":false,"template":"","format":"standard","meta":{"footnotes":""},"categories":[542,533,3182,319,83,80,32,46,24,6314,49,2241,379],"tags":[868,6614,6612,6613,744,6598,861,6611,6005,2124],"class_list":["post-36845","post","type-post","status-publish","format-standard","hentry","category-arbeitswelt","category-europa","category-finanzen","category-geschichte","category-hamburg-allgemein","category-lokales","category-medien","category-philosophie","category-politik","category-rechtsextremismus","category-religion","category-sprache","category-umleitung","tag-asyl","tag-chanukka","tag-eu","tag-europaeische-union","tag-facebook","tag-fake-news","tag-fluchtlinge","tag-luegenpresse","tag-pen","tag-terror"],"_links":{"self":[{"href":"https:\/\/www.schiebener.net\/wordpress\/wp-json\/wp\/v2\/posts\/36845","targetHints":{"allow":["GET"]}}],"collection":[{"href":"https:\/\/www.schiebener.net\/wordpress\/wp-json\/wp\/v2\/posts"}],"about":[{"href":"https:\/\/www.schiebener.net\/wordpress\/wp-json\/wp\/v2\/types\/post"}],"author":[{"embeddable":true,"href":"https:\/\/www.schiebener.net\/wordpress\/wp-json\/wp\/v2\/users\/3"}],"replies":[{"embeddable":true,"href":"https:\/\/www.schiebener.net\/wordpress\/wp-json\/wp\/v2\/comments?post=36845"}],"version-history":[{"count":0,"href":"https:\/\/www.schiebener.net\/wordpress\/wp-json\/wp\/v2\/posts\/36845\/revisions"}],"wp:attachment":[{"href":"https:\/\/www.schiebener.net\/wordpress\/wp-json\/wp\/v2\/media?parent=36845"}],"wp:term":[{"taxonomy":"category","embeddable":true,"href":"https:\/\/www.schiebener.net\/wordpress\/wp-json\/wp\/v2\/categories?post=36845"},{"taxonomy":"post_tag","embeddable":true,"href":"https:\/\/www.schiebener.net\/wordpress\/wp-json\/wp\/v2\/tags?post=36845"}],"curies":[{"name":"wp","href":"https:\/\/api.w.org\/{rel}","templated":true}]}}