{"id":36798,"date":"2016-12-17T22:55:23","date_gmt":"2016-12-17T21:55:23","guid":{"rendered":"http:\/\/www.schiebener.net\/wordpress\/?p=36798"},"modified":"2016-12-17T23:42:45","modified_gmt":"2016-12-17T22:42:45","slug":"im-vorueberfahren-zechitwerk-bredelar","status":"publish","type":"post","link":"https:\/\/www.schiebener.net\/wordpress\/im-vorueberfahren-zechitwerk-bredelar\/","title":{"rendered":"Im Vor\u00fcberfahren: Zechitwerk Bredelar"},"content":{"rendered":"<figure id=\"attachment_36799\" aria-describedby=\"caption-attachment-36799\" style=\"width: 1024px\" class=\"wp-caption aligncenter\"><a href=\"http:\/\/www.schiebener.net\/wordpress\/wp-content\/uploads\/2016\/12\/ZechitwerkBredelar2016121701.jpg\" target=\"_blank\"><img loading=\"lazy\" decoding=\"async\" class=\"wp-image-36799 size-full\" src=\"http:\/\/www.schiebener.net\/wordpress\/wp-content\/uploads\/2016\/12\/ZechitwerkBredelar2016121701.jpg\" width=\"1024\" height=\"488\" srcset=\"https:\/\/www.schiebener.net\/wordpress\/wp-content\/uploads\/2016\/12\/ZechitwerkBredelar2016121701.jpg 1024w, https:\/\/www.schiebener.net\/wordpress\/wp-content\/uploads\/2016\/12\/ZechitwerkBredelar2016121701-300x143.jpg 300w, https:\/\/www.schiebener.net\/wordpress\/wp-content\/uploads\/2016\/12\/ZechitwerkBredelar2016121701-768x366.jpg 768w\" sizes=\"auto, (max-width: 709px) 85vw, (max-width: 909px) 67vw, (max-width: 1362px) 62vw, 840px\" \/><\/a><figcaption id=\"caption-attachment-36799\" class=\"wp-caption-text\">Ausschnitt der Fassade des Zechitwerks in Bredelar (foto: zoom)<\/figcaption><\/figure>\n<p><strong>Auf dem Weg nach Kassel bin ich heute auf der B 7 durch Bredelar gefahren und habe die Fassade des zerfallenen Zechitwerks &#8222;bewundert&#8220;.<\/strong><\/p>\n<p>Ich habe schnell ein Foto als &#8222;Notiz&#8220; gemacht und gedacht, dass ich die Geschichte dieses mir nicht bekannten Geb\u00e4udes schnell recherchieren k\u00f6nnte.<\/p>\n<p>Bislang habe ich nicht viel gefunden. Am ergiebigsten ist ein <a href=\"http:\/\/www.marsberger-geschichten.de\/marsbergs-fundstueck-des-monats-maerz-2013-die-patentschrift-von-carl-reinke-bredelar-aus-1904\/\" target=\"_blank\">Eintrag in den Marsberger Geschichten als Fundst\u00fcck des Monats M\u00e4rz 2013.<\/a><\/p>\n<p>Sehr umfangreich ist der Aufsatz nicht.<\/p>\n<p>Morgen wird weiter gesucht, obwohl ich es merkw\u00fcrdig finde, dass eine derartig eindrucksvolle lokale Firmenruine so wenige Spuren im Netz hinterlassen hat.<\/p>\n<p>Noch merkw\u00fcrdiger ist es, dass ich das Geb\u00e4ude auf meinen Fahrten nach Kassel bis heute nicht wahrgenommen hatte, obwohl es doch so auff\u00e4llig an der Durchfahrtsstra\u00dfe liegt.<\/p>\n<p>Blinder Fleck? Blinder Fleck!<\/p>\n<figure id=\"attachment_36800\" aria-describedby=\"caption-attachment-36800\" style=\"width: 1024px\" class=\"wp-caption aligncenter\"><a href=\"http:\/\/www.schiebener.net\/wordpress\/wp-content\/uploads\/2016\/12\/ZechitwerkBredelar2016121702.jpg\" target=\"_blank\"><img loading=\"lazy\" decoding=\"async\" class=\"wp-image-36800 size-full\" src=\"http:\/\/www.schiebener.net\/wordpress\/wp-content\/uploads\/2016\/12\/ZechitwerkBredelar2016121702.jpg\" width=\"1024\" height=\"566\" srcset=\"https:\/\/www.schiebener.net\/wordpress\/wp-content\/uploads\/2016\/12\/ZechitwerkBredelar2016121702.jpg 1024w, https:\/\/www.schiebener.net\/wordpress\/wp-content\/uploads\/2016\/12\/ZechitwerkBredelar2016121702-300x166.jpg 300w, https:\/\/www.schiebener.net\/wordpress\/wp-content\/uploads\/2016\/12\/ZechitwerkBredelar2016121702-768x425.jpg 768w\" sizes=\"auto, (max-width: 709px) 85vw, (max-width: 909px) 67vw, (max-width: 1362px) 62vw, 840px\" \/><\/a><figcaption id=\"caption-attachment-36800\" class=\"wp-caption-text\">Zechitwerk Bredelar: Geschachtelte An- und Einsichten.<\/figcaption><\/figure>\n","protected":false},"excerpt":{"rendered":"<p>Auf dem Weg nach Kassel bin ich heute auf der B 7 durch Bredelar gefahren und habe die Fassade des zerfallenen Zechitwerks &#8222;bewundert&#8220;. Ich habe schnell ein Foto als &#8222;Notiz&#8220; &hellip; <a href=\"https:\/\/www.schiebener.net\/wordpress\/im-vorueberfahren-zechitwerk-bredelar\/\" class=\"more-link\"><span class=\"screen-reader-text\">\u201eIm Vor\u00fcberfahren: Zechitwerk Bredelar\u201c <\/span>weiterlesen<\/a><\/p>\n","protected":false},"author":3,"featured_media":0,"comment_status":"open","ping_status":"open","sticky":false,"template":"","format":"standard","meta":{"footnotes":""},"categories":[542,174,319,80],"tags":[6596,6595],"class_list":["post-36798","post","type-post","status-publish","format-standard","hentry","category-arbeitswelt","category-dit-und-dat","category-geschichte","category-lokales","tag-bredelar","tag-zechitwerk"],"_links":{"self":[{"href":"https:\/\/www.schiebener.net\/wordpress\/wp-json\/wp\/v2\/posts\/36798","targetHints":{"allow":["GET"]}}],"collection":[{"href":"https:\/\/www.schiebener.net\/wordpress\/wp-json\/wp\/v2\/posts"}],"about":[{"href":"https:\/\/www.schiebener.net\/wordpress\/wp-json\/wp\/v2\/types\/post"}],"author":[{"embeddable":true,"href":"https:\/\/www.schiebener.net\/wordpress\/wp-json\/wp\/v2\/users\/3"}],"replies":[{"embeddable":true,"href":"https:\/\/www.schiebener.net\/wordpress\/wp-json\/wp\/v2\/comments?post=36798"}],"version-history":[{"count":0,"href":"https:\/\/www.schiebener.net\/wordpress\/wp-json\/wp\/v2\/posts\/36798\/revisions"}],"wp:attachment":[{"href":"https:\/\/www.schiebener.net\/wordpress\/wp-json\/wp\/v2\/media?parent=36798"}],"wp:term":[{"taxonomy":"category","embeddable":true,"href":"https:\/\/www.schiebener.net\/wordpress\/wp-json\/wp\/v2\/categories?post=36798"},{"taxonomy":"post_tag","embeddable":true,"href":"https:\/\/www.schiebener.net\/wordpress\/wp-json\/wp\/v2\/tags?post=36798"}],"curies":[{"name":"wp","href":"https:\/\/api.w.org\/{rel}","templated":true}]}}