{"id":36580,"date":"2016-11-13T21:52:49","date_gmt":"2016-11-13T20:52:49","guid":{"rendered":"http:\/\/www.schiebener.net\/wordpress\/?p=36580"},"modified":"2016-11-13T21:52:49","modified_gmt":"2016-11-13T20:52:49","slug":"ratsbuergerentscheid-ja-fuer-die-sekundarschule-medebachwinterberg","status":"publish","type":"post","link":"https:\/\/www.schiebener.net\/wordpress\/ratsbuergerentscheid-ja-fuer-die-sekundarschule-medebachwinterberg\/","title":{"rendered":"Ratsb\u00fcrgerentscheid: Ja f\u00fcr die Sekundarschule Medebach\/Winterberg"},"content":{"rendered":"<figure id=\"attachment_36581\" aria-describedby=\"caption-attachment-36581\" style=\"width: 735px\" class=\"wp-caption aligncenter\"><img loading=\"lazy\" decoding=\"async\" class=\"size-full wp-image-36581\" src=\"http:\/\/www.schiebener.net\/wordpress\/wp-content\/uploads\/2016\/11\/Nein20116111301.jpg\" alt=\"Der Ratsb\u00fcrgerentscheid wurde mit &quot;Ja&quot; beantwortet (screenshot)\" width=\"735\" height=\"937\" srcset=\"https:\/\/www.schiebener.net\/wordpress\/wp-content\/uploads\/2016\/11\/Nein20116111301.jpg 735w, https:\/\/www.schiebener.net\/wordpress\/wp-content\/uploads\/2016\/11\/Nein20116111301-235x300.jpg 235w\" sizes=\"auto, (max-width: 709px) 85vw, (max-width: 909px) 67vw, (max-width: 984px) 61vw, (max-width: 1362px) 45vw, 600px\" \/><figcaption id=\"caption-attachment-36581\" class=\"wp-caption-text\">Der Ratsb\u00fcrgerentscheid wurde mit &#8222;Ja&#8220; beantwortet (screenshot)<\/figcaption><\/figure>\n<p><strong>Das Schulkonzept des Winterberger Rats <a href=\"https:\/\/www.rathaus-winterberg.de\/Politik\/Ratsbuergerentscheid\/vorl.-Endergebnis-des-Ratsbuergerentscheid-2016\" target=\"_blank\">wurde heute in einem Ratsb\u00fcrgerentscheid mit &#8222;Ja&#8220; unterst\u00fctzt<\/a>.<\/strong><\/p>\n<p>Die Frage lautete: &#8222;Soll in Folge zur\u00fcckgehender Sch\u00fclerzahlen die derzeitige Verbundschule Winterberg-Siedlinghausen zum 01.08.2017 in eine gemeinsame, f\u00fcnfz\u00fcgige teilintegrierte Sekundarschule in vertikaler Gliederung mit Standort Medebach (dreiz\u00fcgig Klasse 5 &#8211; 10) und <em>einem<\/em> Teilstandort in Winterberg-Kernstadt (zweiz\u00fcgig Klasse 5 &#8211; 10) \u00fcberf\u00fchrt werden?&#8220;<\/p>\n<p>Mit dem &#8222;Ja&#8220; ist die Schlie\u00dfung des Schulstandorts Siedlinghausen beschlossen.<\/p>\n<p>Die Siedlingh\u00e4user B\u00fcrgerinitiative hatte, um ihren Schulstandort zu erhalten, f\u00fcr ein &#8222;Nein&#8220; geworben. Siedlinghausen selbst sowie der Nachbarort Silbach stimmten mit gro\u00dfer Mehrheit mit &#8222;Nein&#8220;. Die Detailausz\u00e4hlungen aus den einzelnen Orten stehen noch nicht online.<\/p>\n<p><a href=\"http:\/\/www.derwesten.de\/staedte\/nachrichten-aus-winterberg-medebach-und-hallenberg\/buerger-in-winterberg-haben-die-wahl-wir-berichten-live-id12353981.html\" target=\"_blank\">Laut Medienberichten<\/a> warnte B\u00fcrgermeister Werner Eickler im Anschluss an die Ausz\u00e4hlung die B\u00fcrger davor, gegen die neue Schulorganisation Rechtsmittel einzulegen. Jeder, der es wage gegen den &#8222;Volksentsscheid&#8220; zu klagen, trete den Willen der B\u00fcrger mit F\u00fc\u00dfen.<\/p>\n","protected":false},"excerpt":{"rendered":"<p>Das Schulkonzept des Winterberger Rats wurde heute in einem Ratsb\u00fcrgerentscheid mit &#8222;Ja&#8220; unterst\u00fctzt. Die Frage lautete: &#8222;Soll in Folge zur\u00fcckgehender Sch\u00fclerzahlen die derzeitige Verbundschule Winterberg-Siedlinghausen zum 01.08.2017 in eine gemeinsame, &hellip; <a href=\"https:\/\/www.schiebener.net\/wordpress\/ratsbuergerentscheid-ja-fuer-die-sekundarschule-medebachwinterberg\/\" class=\"more-link\"><span class=\"screen-reader-text\">\u201eRatsb\u00fcrgerentscheid: Ja f\u00fcr die Sekundarschule Medebach\/Winterberg\u201c <\/span>weiterlesen<\/a><\/p>\n","protected":false},"author":3,"featured_media":0,"comment_status":"open","ping_status":"open","sticky":false,"template":"","format":"standard","meta":{"footnotes":""},"categories":[3,80,24],"tags":[6525,6250,6549,111],"class_list":["post-36580","post","type-post","status-publish","format-standard","hentry","category-bildung-und-schule","category-lokales","category-politik","tag-ratsbuergerentscheid","tag-schulschliessung","tag-sekundarschule-medebachwinterberg","tag-siedlinghausen"],"_links":{"self":[{"href":"https:\/\/www.schiebener.net\/wordpress\/wp-json\/wp\/v2\/posts\/36580","targetHints":{"allow":["GET"]}}],"collection":[{"href":"https:\/\/www.schiebener.net\/wordpress\/wp-json\/wp\/v2\/posts"}],"about":[{"href":"https:\/\/www.schiebener.net\/wordpress\/wp-json\/wp\/v2\/types\/post"}],"author":[{"embeddable":true,"href":"https:\/\/www.schiebener.net\/wordpress\/wp-json\/wp\/v2\/users\/3"}],"replies":[{"embeddable":true,"href":"https:\/\/www.schiebener.net\/wordpress\/wp-json\/wp\/v2\/comments?post=36580"}],"version-history":[{"count":0,"href":"https:\/\/www.schiebener.net\/wordpress\/wp-json\/wp\/v2\/posts\/36580\/revisions"}],"wp:attachment":[{"href":"https:\/\/www.schiebener.net\/wordpress\/wp-json\/wp\/v2\/media?parent=36580"}],"wp:term":[{"taxonomy":"category","embeddable":true,"href":"https:\/\/www.schiebener.net\/wordpress\/wp-json\/wp\/v2\/categories?post=36580"},{"taxonomy":"post_tag","embeddable":true,"href":"https:\/\/www.schiebener.net\/wordpress\/wp-json\/wp\/v2\/tags?post=36580"}],"curies":[{"name":"wp","href":"https:\/\/api.w.org\/{rel}","templated":true}]}}