{"id":36572,"date":"2016-11-12T23:55:24","date_gmt":"2016-11-12T22:55:24","guid":{"rendered":"http:\/\/www.schiebener.net\/wordpress\/?p=36572"},"modified":"2016-11-13T00:29:13","modified_gmt":"2016-11-12T23:29:13","slug":"ivw-zahlen-iii-2016-weitere-auflagen-und-abonnentenverluste-auch-fuer-die-westfalenpost","status":"publish","type":"post","link":"https:\/\/www.schiebener.net\/wordpress\/ivw-zahlen-iii-2016-weitere-auflagen-und-abonnentenverluste-auch-fuer-die-westfalenpost\/","title":{"rendered":"IVW-Zahlen III \/ 2016: weitere Auflagen- und Abonnentenverluste auch f\u00fcr die Westfalenpost"},"content":{"rendered":"<figure id=\"attachment_36573\" aria-describedby=\"caption-attachment-36573\" style=\"width: 700px\" class=\"wp-caption aligncenter\"><a href=\"http:\/\/www.schiebener.net\/wordpress\/wp-content\/uploads\/2016\/11\/WPIVW0315_0316.jpg\" target=\"_blank\"><img loading=\"lazy\" decoding=\"async\" class=\" wp-image-36573\" src=\"http:\/\/www.schiebener.net\/wordpress\/wp-content\/uploads\/2016\/11\/WPIVW0315_0316.jpg\" alt=\"Auch im dritten Quartal Verluse f\u00fcr die WP\/WR in Meschede, Warstein und Brilon. (screenshot: ivw)\" width=\"700\" height=\"246\" srcset=\"https:\/\/www.schiebener.net\/wordpress\/wp-content\/uploads\/2016\/11\/WPIVW0315_0316.jpg 1207w, https:\/\/www.schiebener.net\/wordpress\/wp-content\/uploads\/2016\/11\/WPIVW0315_0316-300x105.jpg 300w, https:\/\/www.schiebener.net\/wordpress\/wp-content\/uploads\/2016\/11\/WPIVW0315_0316-768x270.jpg 768w, https:\/\/www.schiebener.net\/wordpress\/wp-content\/uploads\/2016\/11\/WPIVW0315_0316-1024x360.jpg 1024w\" sizes=\"auto, (max-width: 709px) 85vw, (max-width: 909px) 67vw, (max-width: 984px) 61vw, (max-width: 1362px) 45vw, 600px\" \/><\/a><figcaption id=\"caption-attachment-36573\" class=\"wp-caption-text\">Auch im dritten Quartal Verluse f\u00fcr die WP\/WR in Meschede, Warstein und Brilon. (screenshot: ivw)<\/figcaption><\/figure>\n<p><strong>Die Daten der <a href=\"http:\/\/www.ivw.de\/print\/quartalsauflagen\/quartalsauflagen\" target=\"_blank\">Informationsgemeinschaft zur Feststellung der Verbreitung von Werbetr\u00e4gern<\/a> (IVW) zeigen, dass die Verkaufszahlen der lokalen Tageszeitungen auch bis zum dritten Quartal 2016 weiterhin fl\u00e4chendeckend geschrumpft sind.<\/strong><\/p>\n<p>Eine ausf\u00fchrliche Analyse der 78 gr\u00f6\u00dften deutschen Regionalzeitungen liefert <a href=\"http:\/\/meedia.de\/2016\/10\/21\/die-ivw-analyse-der-78-groessten-deutschen-regionalzeitungen-mit-dramatischen-zahlen-aus-berlin\/\" target=\"_blank\">MEEDIA<\/a>.<\/p>\n<p>In NRW sieht es laut MEEDIA recht unterschiedlich aus. W\u00e4hrend die Verluste von Westfalenblatt und Ruhr-Nachrichten unter 3% liegen, geht es f\u00fcr die Zeitungen der Funke Medien Gruppe, zu der auch unsere Westfalenpost geh\u00f6rt, mit 6,6% bergab.<\/p>\n<p>Die Quartalszahlen f\u00fcr die Westfalenpost\/WR Meschede, Warstein, Brilon weisen bei den Abonnenten innerhalb eines Jahres ein Minus von 4,54 % aus. Der Abonnentenstamm hat sich von 28.001 auf 26.730 verringert.\u00a0 Das sind in absoluten Zahlen 1.271 Abbonenten weniger.<\/p>\n<p>Die Druckauflage ist von 31.022 auf 28.995 Zeitungen (-6,53%) gesunken.<\/p>\n<p>Betrachtet man den F\u00fcnfjahreszeitraum vom dritten Quartal 2011 bis 2016 ergeben sich folgende Zahlen:<\/p>\n<figure id=\"attachment_36574\" aria-describedby=\"caption-attachment-36574\" style=\"width: 703px\" class=\"wp-caption aligncenter\"><a href=\"http:\/\/www.schiebener.net\/wordpress\/wp-content\/uploads\/2016\/11\/WPIVW0311_0316.jpg\" target=\"_blank\"><img loading=\"lazy\" decoding=\"async\" class=\"wp-image-36574\" src=\"http:\/\/www.schiebener.net\/wordpress\/wp-content\/uploads\/2016\/11\/WPIVW0311_0316.jpg\" alt=\"Die Westfalenpost hat in f\u00fcnf Jahren ein F\u00fcnftel ihrer Abonnenten verloren. (screenshot)\" width=\"703\" height=\"218\" srcset=\"https:\/\/www.schiebener.net\/wordpress\/wp-content\/uploads\/2016\/11\/WPIVW0311_0316.jpg 1206w, https:\/\/www.schiebener.net\/wordpress\/wp-content\/uploads\/2016\/11\/WPIVW0311_0316-300x93.jpg 300w, https:\/\/www.schiebener.net\/wordpress\/wp-content\/uploads\/2016\/11\/WPIVW0311_0316-768x238.jpg 768w, https:\/\/www.schiebener.net\/wordpress\/wp-content\/uploads\/2016\/11\/WPIVW0311_0316-1024x318.jpg 1024w\" sizes=\"auto, (max-width: 709px) 85vw, (max-width: 909px) 67vw, (max-width: 984px) 61vw, (max-width: 1362px) 45vw, 600px\" \/><\/a><figcaption id=\"caption-attachment-36574\" class=\"wp-caption-text\">Die Westfalenpost\/WR (Mes\/Bri\/Wa) hat in f\u00fcnf Jahren ein F\u00fcnftel ihrer Abonnenten verloren. (screenshot)<\/figcaption><\/figure>\n<p>Die heimische Zeitung, die als Tageszeitung eine Monopolstellung hat, verlor in den letzten F\u00fcnf Jahren 6.852 Abonnenten, das ist ein gutes F\u00fcnftel. Gleichzeitig sank die Druckauflage um fast ein Viertel.<\/p>\n<p>Die Spalte mit dem ePaper darf nicht aufgerechnet werden, sondern ist in den Auflagen enthalten. Das ePaper kannibalisiert gewisserma\u00dfen einen Teil der Druckauflage.<\/p>\n<p>Wie wird es weitergehen? Wird die gedruckte Tageszeitung \u00fcberleben?<\/p>\n<p>Ich glaube nicht, dass die gedruckte Tageszeitung \u00fcberleben wird. Der gro\u00dfe Werbekuchen wird inzwischen woanders verteilt (Facebook, Google, YouTube &#8230;). Ich kenne viele Menschen, die sich seit einiger Zeit nicht mehr oder nicht mehr ausschlie\u00dflich durch &#8222;ihre&#8220; Lokalzeitung\u00a0 informieren. Die Westfalenpost selbst ist zwar auch auch im Netz unterwegs, dort aber, obwohl sie eine eigene Website hat, teilweise zum Content-Lieferanten f\u00fcr Facebook geworden.<\/p>\n<p>Der <a href=\"http:\/\/www.handelsblatt.com\/unternehmen\/it-medien\/funke-mediengruppe-uebernimmt-portal-heftig-co\/14743876.html\" target=\"_blank\">Kauf der Online-Klickfalle heftig.co durch die Funke Mediengruppe<\/a> zeigt, dass es im Zweifel eher um den Werbeklick als um die journalistische Qualit\u00e4t gehen k\u00f6nnte.<\/p>\n<p>Ansonsten warten wir jetzt ab, was das vierte Quartal bringen wird. Die Zahlen werden in der zweiten Januarh\u00e4lfte online sein.<\/p>\n","protected":false},"excerpt":{"rendered":"<p>Die Daten der Informationsgemeinschaft zur Feststellung der Verbreitung von Werbetr\u00e4gern (IVW) zeigen, dass die Verkaufszahlen der lokalen Tageszeitungen auch bis zum dritten Quartal 2016 weiterhin fl\u00e4chendeckend geschrumpft sind. Eine ausf\u00fchrliche &hellip; <a href=\"https:\/\/www.schiebener.net\/wordpress\/ivw-zahlen-iii-2016-weitere-auflagen-und-abonnentenverluste-auch-fuer-die-westfalenpost\/\" class=\"more-link\"><span class=\"screen-reader-text\">\u201eIVW-Zahlen III \/ 2016: weitere Auflagen- und Abonnentenverluste auch f\u00fcr die Westfalenpost\u201c <\/span>weiterlesen<\/a><\/p>\n","protected":false},"author":3,"featured_media":0,"comment_status":"open","ping_status":"open","sticky":false,"template":"","format":"standard","meta":{"footnotes":""},"categories":[80,32],"tags":[579,6294,4915,264,681,3294,340,252],"class_list":["post-36572","post","type-post","status-publish","format-standard","hentry","category-lokales","category-medien","tag-brilon","tag-funke-mediengruppe","tag-ivw-auflagenzahlen","tag-meschede","tag-print","tag-warstein","tag-westfalenpost","tag-zeitungskrise"],"_links":{"self":[{"href":"https:\/\/www.schiebener.net\/wordpress\/wp-json\/wp\/v2\/posts\/36572","targetHints":{"allow":["GET"]}}],"collection":[{"href":"https:\/\/www.schiebener.net\/wordpress\/wp-json\/wp\/v2\/posts"}],"about":[{"href":"https:\/\/www.schiebener.net\/wordpress\/wp-json\/wp\/v2\/types\/post"}],"author":[{"embeddable":true,"href":"https:\/\/www.schiebener.net\/wordpress\/wp-json\/wp\/v2\/users\/3"}],"replies":[{"embeddable":true,"href":"https:\/\/www.schiebener.net\/wordpress\/wp-json\/wp\/v2\/comments?post=36572"}],"version-history":[{"count":0,"href":"https:\/\/www.schiebener.net\/wordpress\/wp-json\/wp\/v2\/posts\/36572\/revisions"}],"wp:attachment":[{"href":"https:\/\/www.schiebener.net\/wordpress\/wp-json\/wp\/v2\/media?parent=36572"}],"wp:term":[{"taxonomy":"category","embeddable":true,"href":"https:\/\/www.schiebener.net\/wordpress\/wp-json\/wp\/v2\/categories?post=36572"},{"taxonomy":"post_tag","embeddable":true,"href":"https:\/\/www.schiebener.net\/wordpress\/wp-json\/wp\/v2\/tags?post=36572"}],"curies":[{"name":"wp","href":"https:\/\/api.w.org\/{rel}","templated":true}]}}