{"id":36526,"date":"2016-11-06T22:13:46","date_gmt":"2016-11-06T21:13:46","guid":{"rendered":"http:\/\/www.schiebener.net\/wordpress\/?p=36526"},"modified":"2016-11-06T22:13:46","modified_gmt":"2016-11-06T21:13:46","slug":"pressemitteilung-piratenfraktion-nrw-vor-ort-montag-7-november-2016-in-dortmund","status":"publish","type":"post","link":"https:\/\/www.schiebener.net\/wordpress\/pressemitteilung-piratenfraktion-nrw-vor-ort-montag-7-november-2016-in-dortmund\/","title":{"rendered":"Pressemitteilung: Piratenfraktion NRW vor Ort \u2013 Montag, 7. November 2016 in Dortmund"},"content":{"rendered":"<p><strong>Dortmund. (piraten_pm) Am Montag, 07. November 2016, ist die Piratenfraktion NRW von 15 bis ca. 18 Uhr in Dortmund am Sonnenplatz vor Ort.<\/strong><\/p>\n<p>\u201eWir freuen uns darauf, mit unserem mobilen B\u00fcro in Dortmund Station zu machen. Wir wollen erfahren, was die Menschen von uns Politikern erwarten. Wir wollen Diskussionsrunden initiieren und im direkten Dialog mit den Menschen ihre Probleme er\u00f6rtern\u201c, sagt Torsten Sommer (MdL), Arbeitspolitischer Sprecher der Piratenfraktion im Landtag NRW.<\/p>\n<p>Am 07. November wird Torsten Sommer (MdL), Arbeitspolitischer Sprecher der Piratenfraktion im Landtag NRW als Ansprechpartner vor Ort sein. Torsten Sommer beantwortet Fragen und nimmt Anregungen entgegen. Diese k\u00f6nnen dann im mobilen B\u00fcro direkt verarbeitet werden und in die Landtagsarbeit einflie\u00dfen.<\/p>\n<p>Das Car Office soll mobiler Arbeitsplatz und Kommunikationszentrum zugleich sein. Die Menschen k\u00f6nnen vor Ort mit den Abgeordneten und Mitarbeitern der Piratenfraktion ins Gespr\u00e4ch kommen und Kritik und Fragen loswerden, Anregungen und Ideen einbringen.<\/p>\n<p>\u201eDas Car-Office ist eine konsequente Weiterentwicklung von Open Antrag, unserem Internetportal, bei dem bereits heute jeder Interessierte Antr\u00e4ge an die Politik im Landtag NRW einbringen kann. Dies ging bislang ausschlie\u00dflich digital &#8211; von nun an ist dies auch im pers\u00f6nlichen Gespr\u00e4ch m\u00f6glich\u201c, so Torsten Sommer.<\/p>\n","protected":false},"excerpt":{"rendered":"<p>Dortmund. (piraten_pm) Am Montag, 07. November 2016, ist die Piratenfraktion NRW von 15 bis ca. 18 Uhr in Dortmund am Sonnenplatz vor Ort. \u201eWir freuen uns darauf, mit unserem mobilen &hellip; <a href=\"https:\/\/www.schiebener.net\/wordpress\/pressemitteilung-piratenfraktion-nrw-vor-ort-montag-7-november-2016-in-dortmund\/\" class=\"more-link\"><span class=\"screen-reader-text\">\u201ePressemitteilung: Piratenfraktion NRW vor Ort \u2013 Montag, 7. November 2016 in Dortmund\u201c <\/span>weiterlesen<\/a><\/p>\n","protected":false},"author":17,"featured_media":0,"comment_status":"open","ping_status":"open","sticky":false,"template":"","format":"standard","meta":{"footnotes":""},"categories":[303,24,1043],"tags":[404,4728,655],"class_list":["post-36526","post","type-post","status-publish","format-standard","hentry","category-in-unserem-briefkasten","category-politik","category-pressemitteilungen","tag-dortmund","tag-piraten-landtag","tag-pressemitteilung"],"_links":{"self":[{"href":"https:\/\/www.schiebener.net\/wordpress\/wp-json\/wp\/v2\/posts\/36526","targetHints":{"allow":["GET"]}}],"collection":[{"href":"https:\/\/www.schiebener.net\/wordpress\/wp-json\/wp\/v2\/posts"}],"about":[{"href":"https:\/\/www.schiebener.net\/wordpress\/wp-json\/wp\/v2\/types\/post"}],"author":[{"embeddable":true,"href":"https:\/\/www.schiebener.net\/wordpress\/wp-json\/wp\/v2\/users\/17"}],"replies":[{"embeddable":true,"href":"https:\/\/www.schiebener.net\/wordpress\/wp-json\/wp\/v2\/comments?post=36526"}],"version-history":[{"count":0,"href":"https:\/\/www.schiebener.net\/wordpress\/wp-json\/wp\/v2\/posts\/36526\/revisions"}],"wp:attachment":[{"href":"https:\/\/www.schiebener.net\/wordpress\/wp-json\/wp\/v2\/media?parent=36526"}],"wp:term":[{"taxonomy":"category","embeddable":true,"href":"https:\/\/www.schiebener.net\/wordpress\/wp-json\/wp\/v2\/categories?post=36526"},{"taxonomy":"post_tag","embeddable":true,"href":"https:\/\/www.schiebener.net\/wordpress\/wp-json\/wp\/v2\/tags?post=36526"}],"curies":[{"name":"wp","href":"https:\/\/api.w.org\/{rel}","templated":true}]}}