{"id":36247,"date":"2016-10-03T13:18:19","date_gmt":"2016-10-03T12:18:19","guid":{"rendered":"http:\/\/www.schiebener.net\/wordpress\/?p=36247"},"modified":"2016-10-03T13:33:20","modified_gmt":"2016-10-03T12:33:20","slug":"ehrenamt-viel-amt-wenig-ehr","status":"publish","type":"post","link":"https:\/\/www.schiebener.net\/wordpress\/ehrenamt-viel-amt-wenig-ehr\/","title":{"rendered":"Ehrenamt &#8211; &#8222;Viel Amt, wenig Ehr'&#8220;"},"content":{"rendered":"<p><img loading=\"lazy\" decoding=\"async\" class=\"aligncenter size-full wp-image-36249\" src=\"http:\/\/www.schiebener.net\/wordpress\/wp-content\/uploads\/2016\/10\/ehrenamt20161003.jpg\" alt=\"ehrenamt20161003\" width=\"700\" height=\"498\" srcset=\"https:\/\/www.schiebener.net\/wordpress\/wp-content\/uploads\/2016\/10\/ehrenamt20161003.jpg 700w, https:\/\/www.schiebener.net\/wordpress\/wp-content\/uploads\/2016\/10\/ehrenamt20161003-300x213.jpg 300w\" sizes=\"auto, (max-width: 709px) 85vw, (max-width: 909px) 67vw, (max-width: 984px) 61vw, (max-width: 1362px) 45vw, 600px\" \/><strong>Viel Amt, wenig Ehr&#8216;, kommt immer noch in die K\u00f6pfe \u2013 zurecht \u2013 wenn es um den Begriff Ehrenamt geht.<\/strong><\/p>\n<p><em>(Unsere Gastautorin Marita Rauchberger ist Kulturmittlerin, Galeristin und K\u00fcnstlerin. Sie engagiert sich in der &#8222;<a href=\"http:\/\/www.eifel-kunst.de\/galerie\/\" target=\"_blank\">Galerie Eifel Kunst<\/a>&#8220; gegen &#8222;Rechts, gegen Ausgrenzung, gegen Rassismus, gegen braunes Gedankengut und Neonazis&#8220;. Ihr Beitrag ist ein Kommentar zu unserem gestrigen Artikel &#8222;<a href=\"http:\/\/www.schiebener.net\/wordpress\/ehrenamt-busfahrerin-faehrt-oekonomisch-attraktive-gaeste-durch-winterberg-wer-verdient\/\" target=\"_blank\">Ehrenamt-BusfahrerIn<\/a>&#8222;)<\/em><\/p>\n<p>Viel Amt, wenig Ehr, kommt immer noch in die K\u00f6pfe \u2013 zurecht \u2013 wenn es um den Begriff Ehrenamt geht.\u201eGott-sei-Dank-ManagerIn\u201c versuchten die Kirchen den Begriff Ehrenamt einmal sch\u00f6n zu reden.<\/p>\n<p>Es gab auch Zeiten, da sich die Politik damit besch\u00e4ftigte, ehrenamtliche Arbeit ins Steuer- und Rentenrecht einflie\u00dfen zu lassen. Aber es gab zu viele Eigentore und die gute Idee verlor sich im Nirvana der Diskussionen.<\/p>\n<p>&#8222;Ehrenamt&#8220; wird gerne bei Sonntagsreden benutzt, bei Lippenbekenntnissen, es zu f\u00f6rdern, anzuerkennen und es attraktiv zu machen. Es ist wenig attraktiv, die meisten bringen neben ihrer freien Zeit auch noch ihr Geld mit. Auslagen werden kaum erstattet. Welche in einer Erwerbsarbeit t\u00e4tigen Frauen oder M\u00e4nner zahlen beispielsweise das Porto f\u00fcr die Briefe, die dienstlich verschickt werden? Ehrenamtliche zahlen es meist aus eigener Tasche.<\/p>\n<p>Ja, ich h\u00f6re jetzt schon den Aufschrei: Es gibt doch den Tag des Ehrenamtes, die Ehrenamtsauszeichnungen, die Ehrenamtskarte oder auch, was die wenigsten wissen, den Nachweis der Bundesl\u00e4nder \u00fcber freiwillig und unentgeltlich geleistete Arbeit, der u.a. dazu dienen soll, Inhaber eines solchen Nachweises mit Priorit\u00e4t in einer Erwerbsarbeit einzustellen.<\/p>\n<p>Urkunden kann man sich an die Wand nageln, sie bringen letztendlich nichts anderes, als das Wissen, dass andere sich mit der Arbeit br\u00fcsten und Geld einsparen, das sie f\u00fcr die gleiche Arbeit h\u00e4tten bezahlen m\u00fcssen, g\u00e4be es das Ehrenamt nicht.<\/p>\n<p>Doch, ich bin auch ehrenamtlich t\u00e4tig! Weil ich glaube, dass eine Gesellschaft nicht existieren kann, ohne dass es Menschen gibt, die freiwillig und ohne Bezahlung Arbeiten verrichten. Aber Ehrenamtliche Arbeit kann und darf keine Erwerbsarbeit ersetzen oder abl\u00f6sen. Das m\u00fcssen sich die Verantwortlichen hinter die Ohren oder noch besser in ihren Verstand schreiben.<\/p>\n<p>Es ist an der Zeit, den Arbeitsbegriff neu zu definieren. Und es ist an der Zeit, zu begreifen, dass jede Art von Arbeit wertgesch\u00e4tzt werden muss. Nicht nur durch Lobreden und einen Tag im Jahr.<\/p>\n<p>Da muss man eben dr\u00fcber nachdenken, wie man ehrenamtliche Arbeit im Steuer- und Rentenrecht einflie\u00dfen l\u00e4sst. Und wie man ganz klar regelt, dass Fahrkosten und andere Auslagen auch erstattet werden.<\/p>\n<p>Und jetzt soll mir niemand mit dem Totschlagargument kommen, es sei nicht zu finanzieren.<\/p>\n","protected":false},"excerpt":{"rendered":"<p>Viel Amt, wenig Ehr&#8216;, kommt immer noch in die K\u00f6pfe \u2013 zurecht \u2013 wenn es um den Begriff Ehrenamt geht. (Unsere Gastautorin Marita Rauchberger ist Kulturmittlerin, Galeristin und K\u00fcnstlerin. Sie &hellip; <a href=\"https:\/\/www.schiebener.net\/wordpress\/ehrenamt-viel-amt-wenig-ehr\/\" class=\"more-link\"><span class=\"screen-reader-text\">\u201eEhrenamt &#8211; &#8222;Viel Amt, wenig Ehr&#8217;&#8220;\u201c <\/span>weiterlesen<\/a><\/p>\n","protected":false},"author":62,"featured_media":0,"comment_status":"open","ping_status":"open","sticky":false,"template":"","format":"standard","meta":{"footnotes":""},"categories":[3182,674,854,24,4761],"tags":[5705],"class_list":["post-36247","post","type-post","status-publish","format-standard","hentry","category-finanzen","category-kultur","category-kunst","category-politik","category-soziales","tag-ehrenamt"],"_links":{"self":[{"href":"https:\/\/www.schiebener.net\/wordpress\/wp-json\/wp\/v2\/posts\/36247","targetHints":{"allow":["GET"]}}],"collection":[{"href":"https:\/\/www.schiebener.net\/wordpress\/wp-json\/wp\/v2\/posts"}],"about":[{"href":"https:\/\/www.schiebener.net\/wordpress\/wp-json\/wp\/v2\/types\/post"}],"author":[{"embeddable":true,"href":"https:\/\/www.schiebener.net\/wordpress\/wp-json\/wp\/v2\/users\/62"}],"replies":[{"embeddable":true,"href":"https:\/\/www.schiebener.net\/wordpress\/wp-json\/wp\/v2\/comments?post=36247"}],"version-history":[{"count":0,"href":"https:\/\/www.schiebener.net\/wordpress\/wp-json\/wp\/v2\/posts\/36247\/revisions"}],"wp:attachment":[{"href":"https:\/\/www.schiebener.net\/wordpress\/wp-json\/wp\/v2\/media?parent=36247"}],"wp:term":[{"taxonomy":"category","embeddable":true,"href":"https:\/\/www.schiebener.net\/wordpress\/wp-json\/wp\/v2\/categories?post=36247"},{"taxonomy":"post_tag","embeddable":true,"href":"https:\/\/www.schiebener.net\/wordpress\/wp-json\/wp\/v2\/tags?post=36247"}],"curies":[{"name":"wp","href":"https:\/\/api.w.org\/{rel}","templated":true}]}}