{"id":36200,"date":"2016-09-23T19:33:46","date_gmt":"2016-09-23T18:33:46","guid":{"rendered":"http:\/\/www.schiebener.net\/wordpress\/?p=36200"},"modified":"2016-09-23T19:33:46","modified_gmt":"2016-09-23T18:33:46","slug":"licht-und-schatten-bei-den-nrw-flughaefen-insgesamt-56-prozent-mehr-passagiere-im-ersten-halbjahr-2016-gewinner-und-verlierer-koelnbonn-boomt-paderbornlippstadt-bricht-ein","status":"publish","type":"post","link":"https:\/\/www.schiebener.net\/wordpress\/licht-und-schatten-bei-den-nrw-flughaefen-insgesamt-56-prozent-mehr-passagiere-im-ersten-halbjahr-2016-gewinner-und-verlierer-koelnbonn-boomt-paderbornlippstadt-bricht-ein\/","title":{"rendered":"Licht und Schatten bei den NRW-Flugh\u00e4fen: Insgesamt 5,6 Prozent mehr Passagiere im ersten Halbjahr 2016. Gewinner und Verlierer. K\u00f6ln\/Bonn boomt &#8211; Paderborn\/Lippstadt bricht ein."},"content":{"rendered":"<p><strong><a href=\"https:\/\/www.it.nrw.de\/presse\/pressemitteilungen\/2016\/pres_253_16.html\" target=\"_blank\">IT.NRW meldet<\/a>, dass im ersten Halbjahr 2016 insgesamt 5,6 Prozent mehr Passagiere von NRW-Flugh\u00e4fen abgeflogen seien. <\/strong><\/p>\n<p><em><strong>Der euphemistische Titel:<\/strong><\/em><\/p>\n<blockquote><p>NRW-Flugh\u00e4fen: 5,6 Prozent mehr Passagiere im ersten Halbjahr 2016<\/p><\/blockquote>\n<p><em><strong>Die sch\u00f6ngef\u00e4rbte Meldung:<\/strong><\/em><\/p>\n<blockquote><p>Von den sechs gro\u00dfen NRW-Flugh\u00e4fen flogen im ersten Halbjahr 2016 \u00fcber 9,2 Millionen Passagiere ab; das waren 5,6 Prozent mehr Flugg\u00e4ste als von Januar bis Juni 2015. Wie Information und Technik Nordrhein-Westfalen als amtliche Statistikstelle des Landes mitteilt, startete damit mehr als jeder sechste (17,8 Prozent) der in Deutschland gewerblich bef\u00f6rderten Passagiere von einem der gro\u00dfen NRW-Flugh\u00e4fen. Rund 7,1 Millionen der von den NRW-Flugh\u00e4fen gestarteten Passagiere flogen im ersten Halbjahr 2016 ins Ausland (+4,8 Prozent); das Passagieraufkommen bei Inlandsfl\u00fcgen erh\u00f6hte sich hingegen auf etwa 2,1 Millionen Passagiere (+8,1 Prozent).<\/p><\/blockquote>\n<p><em><strong>Optimismus pur &#8211; k\u00f6nnte man meinen.<\/strong><\/em><\/p>\n<p>Doch so einfach ist es nicht.<\/p>\n<p><em><strong>Der bittere Anhang:<\/strong><\/em><\/p>\n<blockquote><p>Von Januar bis Juni 2016 stieg das Passagieraufkommen bei Fl\u00fcgen ins Ausland an den Flugh\u00e4fen K\u00f6ln\/Bonn (+18,5 Prozent) und D\u00fcsseldorf (+2,2 Prozent), R\u00fcckl\u00e4ufige Zahlen bei den Auslandspassagieren verzeichneten dagegen die Flugh\u00e4fen Paderborn\/Lippstadt (-17,3 Prozent), M\u00fcnster\/Osnabr\u00fcck (-4,5 Prozent), Niederrhein\/ Weeze (-3,7 Prozent) und Dortmund (-2,3 Prozent).<\/p><\/blockquote>\n<p>Die \u00dcberschrift h\u00e4tte also auch lauten k\u00f6nnen:<\/p>\n<p><strong>Vier von sechs NRW-Flugh\u00e4fen im Minus. Gr\u00f6\u00dfter Einbruch in Paderborn\/Lippstadt. Lediglich die Drehscheibe K\u00f6ln\/Bonn boomt.<\/strong><\/p>\n<table border=\"1\" summary=\"Von den gro\u00dfen Flugh\u00e4fen im ersten Quartal 2016 gestartete Passagiere\" cellpadding=\"5\">\n<thead>\n<tr align=\"center\" valign=\"middle\">\n<th colspan=\"5\">Von den gro\u00dfen <abbr title=\"Nordrhein-Westfalen\"><span class=\"abbr\" title=\"Nordrhein-Westfalen\">NRW<\/span><\/abbr>-Flugh\u00e4fen im ersten Halbjahr 2016 gestartete Passagiere<\/th>\n<\/tr>\n<tr align=\"center\" valign=\"middle\">\n<th rowspan=\"3\">Flughafen<\/th>\n<th colspan=\"2\">mit Ziel im \u2026<\/th>\n<th colspan=\"2\" rowspan=\"2\">insgesamt<\/th>\n<\/tr>\n<tr align=\"center\" valign=\"middle\">\n<th>Inland<\/th>\n<th>Ausland<\/th>\n<\/tr>\n<tr align=\"center\" valign=\"middle\">\n<th colspan=\"3\">Passagiere<sup>1)<\/sup> (Einsteiger)<\/th>\n<th>Zu- (+) <abbr title=\"beziehungsweise\"><span class=\"abbr\" title=\"beziehungsweise\">bzw.<\/span><\/abbr><br \/>\nAbnahme (\u2013)<br \/>\ngegen\u00fcber<br \/>\nJan\u00a0\u2013\u00a0Juni<br \/>\n2015<\/th>\n<\/tr>\n<\/thead>\n<tfoot>\n<tr valign=\"middle\">\n<td colspan=\"5\" align=\"left\">1) Abweichungen in den Summen erkl\u00e4ren sich aus dem Runden der Einzelwerte.<\/td>\n<\/tr>\n<\/tfoot>\n<tbody>\n<tr>\n<th align=\"left\">\u00a0\u00a0D\u00fcsseldorf<\/th>\n<td align=\"right\">1\u00a0097\u00a0700<\/td>\n<td align=\"right\">4\u00a0188\u00a0300<\/td>\n<td align=\"right\">5\u00a0286\u00a0000<\/td>\n<td align=\"right\">+ 2,0 %<\/td>\n<\/tr>\n<tr>\n<th align=\"left\">\u00a0\u00a0K\u00f6ln\/Bonn<\/th>\n<td align=\"right\">871\u00a0900<\/td>\n<td align=\"right\">1\u00a0844\u00a0700<\/td>\n<td align=\"right\">2\u00a0716\u00a0600<\/td>\n<td align=\"right\">+19,1 %<\/td>\n<\/tr>\n<tr>\n<th align=\"left\">\u00a0\u00a0Dortmund<\/th>\n<td align=\"right\">42\u00a0700<\/td>\n<td align=\"right\">407\u00a0100<\/td>\n<td align=\"right\">449\u00a0700<\/td>\n<td align=\"right\">\u2013 2,2 %<\/td>\n<\/tr>\n<tr>\n<th align=\"left\">\u00a0\u00a0Niederrhein (Weeze)<\/th>\n<td align=\"right\">\u2013<\/td>\n<td align=\"right\">436\u00a0100<\/td>\n<td align=\"right\">436\u00a0100<\/td>\n<td align=\"right\">\u2013 3,7 %<\/td>\n<\/tr>\n<tr>\n<th align=\"left\">\u00a0\u00a0M\u00fcnster\/Osnabr\u00fcck<\/th>\n<td align=\"right\">84\u00a0600<\/td>\n<td align=\"right\">86\u00a0600<\/td>\n<td align=\"right\">171\u00a0300<\/td>\n<td align=\"right\">\u2013 1,6 %<\/td>\n<\/tr>\n<tr>\n<th align=\"left\">\u00a0\u00a0Paderborn\/Lippstadt<\/th>\n<td align=\"right\">31\u00a0600<\/td>\n<td align=\"right\">108\u00a0900<\/td>\n<td align=\"right\">140\u00a0500<\/td>\n<td align=\"right\">\u201314,6 %<\/td>\n<\/tr>\n<tr class=\"bold\" valign=\"middle\">\n<th align=\"left\">Insgesamt<\/th>\n<td align=\"right\">2\u00a0128\u00a0500<\/td>\n<td align=\"right\">7\u00a0071\u00a0600<\/td>\n<td align=\"right\">9\u00a0200\u00a0100<\/td>\n<td align=\"right\">+ 0,1 %<\/td>\n<\/tr>\n<\/tbody>\n<\/table>\n","protected":false},"excerpt":{"rendered":"<p>IT.NRW meldet, dass im ersten Halbjahr 2016 insgesamt 5,6 Prozent mehr Passagiere von NRW-Flugh\u00e4fen abgeflogen seien. Der euphemistische Titel: NRW-Flugh\u00e4fen: 5,6 Prozent mehr Passagiere im ersten Halbjahr 2016 Die sch\u00f6ngef\u00e4rbte &hellip; <a href=\"https:\/\/www.schiebener.net\/wordpress\/licht-und-schatten-bei-den-nrw-flughaefen-insgesamt-56-prozent-mehr-passagiere-im-ersten-halbjahr-2016-gewinner-und-verlierer-koelnbonn-boomt-paderbornlippstadt-bricht-ein\/\" class=\"more-link\"><span class=\"screen-reader-text\">\u201eLicht und Schatten bei den NRW-Flugh\u00e4fen: Insgesamt 5,6 Prozent mehr Passagiere im ersten Halbjahr 2016. Gewinner und Verlierer. K\u00f6ln\/Bonn boomt &#8211; Paderborn\/Lippstadt bricht ein.\u201c <\/span>weiterlesen<\/a><\/p>\n","protected":false},"author":3,"featured_media":0,"comment_status":"open","ping_status":"open","sticky":false,"template":"","format":"standard","meta":{"footnotes":""},"categories":[303,6413,1043,618,1208],"tags":[6452,3234,1191],"class_list":["post-36200","post","type-post","status-publish","format-standard","hentry","category-in-unserem-briefkasten","category-nrw","category-pressemitteilungen","category-verkehr","category-wirtschaft","tag-flughaefen-nrw","tag-flughafen-paderbornlippstadt","tag-itnrw"],"_links":{"self":[{"href":"https:\/\/www.schiebener.net\/wordpress\/wp-json\/wp\/v2\/posts\/36200","targetHints":{"allow":["GET"]}}],"collection":[{"href":"https:\/\/www.schiebener.net\/wordpress\/wp-json\/wp\/v2\/posts"}],"about":[{"href":"https:\/\/www.schiebener.net\/wordpress\/wp-json\/wp\/v2\/types\/post"}],"author":[{"embeddable":true,"href":"https:\/\/www.schiebener.net\/wordpress\/wp-json\/wp\/v2\/users\/3"}],"replies":[{"embeddable":true,"href":"https:\/\/www.schiebener.net\/wordpress\/wp-json\/wp\/v2\/comments?post=36200"}],"version-history":[{"count":0,"href":"https:\/\/www.schiebener.net\/wordpress\/wp-json\/wp\/v2\/posts\/36200\/revisions"}],"wp:attachment":[{"href":"https:\/\/www.schiebener.net\/wordpress\/wp-json\/wp\/v2\/media?parent=36200"}],"wp:term":[{"taxonomy":"category","embeddable":true,"href":"https:\/\/www.schiebener.net\/wordpress\/wp-json\/wp\/v2\/categories?post=36200"},{"taxonomy":"post_tag","embeddable":true,"href":"https:\/\/www.schiebener.net\/wordpress\/wp-json\/wp\/v2\/tags?post=36200"}],"curies":[{"name":"wp","href":"https:\/\/api.w.org\/{rel}","templated":true}]}}