{"id":36054,"date":"2016-09-07T21:06:40","date_gmt":"2016-09-07T20:06:40","guid":{"rendered":"http:\/\/www.schiebener.net\/wordpress\/?p=36054"},"modified":"2016-09-07T21:09:17","modified_gmt":"2016-09-07T20:09:17","slug":"impulse-kuenstlergruppe-hagenring-stellt-in-hallenberg-aus","status":"publish","type":"post","link":"https:\/\/www.schiebener.net\/wordpress\/impulse-kuenstlergruppe-hagenring-stellt-in-hallenberg-aus\/","title":{"rendered":"&#8222;Impulse&#8220; &#8211; K\u00fcnstlergruppe Hagenring stellt in Hallenberg aus"},"content":{"rendered":"<figure id=\"attachment_36055\" aria-describedby=\"caption-attachment-36055\" style=\"width: 700px\" class=\"wp-caption aligncenter\"><img loading=\"lazy\" decoding=\"async\" class=\"size-full wp-image-36055\" src=\"http:\/\/www.schiebener.net\/wordpress\/wp-content\/uploads\/2016\/09\/Hagen20160901.jpg\" alt=\"Der Vorsitzende des Hagenrings, der geb\u00fcrtige Braunshauser Karl-Josef Steden, stellte die K\u00fcnstler und ihr Werk vor. (fotos: kump)\" width=\"700\" height=\"681\" srcset=\"https:\/\/www.schiebener.net\/wordpress\/wp-content\/uploads\/2016\/09\/Hagen20160901.jpg 700w, https:\/\/www.schiebener.net\/wordpress\/wp-content\/uploads\/2016\/09\/Hagen20160901-300x292.jpg 300w\" sizes=\"auto, (max-width: 709px) 85vw, (max-width: 909px) 67vw, (max-width: 984px) 61vw, (max-width: 1362px) 45vw, 600px\" \/><figcaption id=\"caption-attachment-36055\" class=\"wp-caption-text\">Der Vorsitzende des Hagenrings, der geb\u00fcrtige Braunshauser Karl-Josef Steden, stellte die K\u00fcnstler und ihr Werk vor. (fotos: kump)<\/figcaption><\/figure>\n<p><strong>Hallenberg. (kump_pm) \u201eNach den Fotos von Leni Riefenstahl und den Bildern von Otto, die uns einen neuen Besucherrekord beschert haben, sind wir bei unserer dritten Ausstellung in diesem Jahr wieder etwas bodenst\u00e4ndiger\u201c, er\u00f6ffnet B\u00fcrgermeister Michael Kronauge vor rund 100 Besuchern die neue Ausstellung im Kump.<\/strong><\/p>\n<p>\u201eImpulse\u201c &#8211; so hei\u00dft die Ausstellung und man sieht auf den ersten Blick dass im Kump viele Impulse gegeben werden sollen. Die K\u00fcnstler des Hagenrings zeigen einen Querschnitt ihrer vielf\u00e4ltigen Ausdrucksformen: Aquarelle, Zeichnungen, Papierobjekte, farbenfrohe \u00d6lbilder bis hin zu Metallcollagen und Skulpturen aus Holz und Edelstahl sind viele Kunstformen vertreten.<\/p>\n<figure id=\"attachment_36056\" aria-describedby=\"caption-attachment-36056\" style=\"width: 700px\" class=\"wp-caption aligncenter\"><img loading=\"lazy\" decoding=\"async\" class=\"size-full wp-image-36056\" src=\"http:\/\/www.schiebener.net\/wordpress\/wp-content\/uploads\/2016\/09\/Hagen20160902.jpg\" alt=\"13 K\u00fcnstler des Hagenrings mit B\u00fcrgermeister Michael Kronauge und Andreas Mause von der Sparkasse Hochsauerland.\" width=\"700\" height=\"413\" srcset=\"https:\/\/www.schiebener.net\/wordpress\/wp-content\/uploads\/2016\/09\/Hagen20160902.jpg 700w, https:\/\/www.schiebener.net\/wordpress\/wp-content\/uploads\/2016\/09\/Hagen20160902-300x177.jpg 300w\" sizes=\"auto, (max-width: 709px) 85vw, (max-width: 909px) 67vw, (max-width: 984px) 61vw, (max-width: 1362px) 45vw, 600px\" \/><figcaption id=\"caption-attachment-36056\" class=\"wp-caption-text\">13 K\u00fcnstler des Hagenrings mit B\u00fcrgermeister Michael Kronauge und Andreas Mause von der Sparkasse Hochsauerland.<\/figcaption><\/figure>\n<p><strong>K\u00fcnstlergruppe mit langer Tradition<\/strong><br \/>\nDie K\u00fcnstlergruppe Hagenring wurde 1924 gegr\u00fcndet und besteht derzeit aus 33 K\u00fcnstlern, darunter auch einige aus dem Sauerland. Hagenring hat eine eigene Galerie in Hagen und in ihren Ausstellungen im In- und Ausland setzen auch die die heutigen, aktiven K\u00fcnstler des Hagenrings um was die Gr\u00fcnder vor fast 100 Jahren deutlich machen wollten: \u201eKunst geh\u00f6rt zum Leben\u201c. \u201eEine Zielsetzung die wir seit 10 Jahren auch hier im Kump mit unseren Ausstellungen und Veranstaltungen verfolgen\u201c so B\u00fcrgermeister Michael Kronauge.<\/p>\n<figure id=\"attachment_36057\" aria-describedby=\"caption-attachment-36057\" style=\"width: 700px\" class=\"wp-caption aligncenter\"><img loading=\"lazy\" decoding=\"async\" class=\"size-full wp-image-36057\" src=\"http:\/\/www.schiebener.net\/wordpress\/wp-content\/uploads\/2016\/09\/Hagen20160903.jpg\" alt=\"Gabriele Schulz aus Schmallenberg erkl\u00e4rt ihre Werke \u201eQuadrate\u201c Daf\u00fcr hat sie Birkenreisig \u00fcbereinandergelegt und miteinander verwoben.\" width=\"700\" height=\"467\" srcset=\"https:\/\/www.schiebener.net\/wordpress\/wp-content\/uploads\/2016\/09\/Hagen20160903.jpg 700w, https:\/\/www.schiebener.net\/wordpress\/wp-content\/uploads\/2016\/09\/Hagen20160903-300x200.jpg 300w\" sizes=\"auto, (max-width: 709px) 85vw, (max-width: 909px) 67vw, (max-width: 984px) 61vw, (max-width: 1362px) 45vw, 600px\" \/><figcaption id=\"caption-attachment-36057\" class=\"wp-caption-text\">Gabriele Schulz aus Schmallenberg erkl\u00e4rt ihre Werke \u201eQuadrate\u201c Daf\u00fcr hat sie Birkenreisig \u00fcbereinandergelegt und miteinander verwoben.<\/figcaption><\/figure>\n<p><strong>Wie kommen die K\u00fcnstler aus Hagen nach Hallenberg?<\/strong><br \/>\nWie bei so viele Ausstellungen gibt es auch hier eine Verbindung zu Hallenberg. Seit 1993 ist Karl Josef Steden Vorsitzender des Hagenrings. Er ist Hallenberger, genauer Braunshausener, lebt aber seit vielen Jahren in Hagen. \u201eDie Ausstellung in Hallenberg ist deswegen so interessant f\u00fcr den Hagenring, weil der Kump zehn Jahre alt wird\u201c, sagt Karl-Josef Steden. Wegen seiner Verbindung ins Sauerland aber vor allem wegen seiner Bekanntschaft zu Michael Kronauge, sind die K\u00fcnstler jetzt in Hallenberg. \u201eEs war immer unser Wunsch, hier ausstellen zu k\u00f6nnen. Auf einem Sch\u00fctzenfest in Braunshausen habe ich ihn auf den Kump angesprochen\u201c, so Steden.<\/p>\n<p><strong>16 K\u00fcnstler zeigen im Kump insgesamt 50 ihrer Werke. Die Ausstellung \u201eImpulse\u201c kann noch bis zum 30. September besucht werden. Der Eintritt ist frei.<\/strong><img loading=\"lazy\" decoding=\"async\" class=\"aligncenter size-full wp-image-36058\" src=\"http:\/\/www.schiebener.net\/wordpress\/wp-content\/uploads\/2016\/09\/Hagen20160904.jpg\" alt=\"hagen20160904\" width=\"700\" height=\"467\" srcset=\"https:\/\/www.schiebener.net\/wordpress\/wp-content\/uploads\/2016\/09\/Hagen20160904.jpg 700w, https:\/\/www.schiebener.net\/wordpress\/wp-content\/uploads\/2016\/09\/Hagen20160904-300x200.jpg 300w\" sizes=\"auto, (max-width: 709px) 85vw, (max-width: 909px) 67vw, (max-width: 984px) 61vw, (max-width: 1362px) 45vw, 600px\" \/><\/p>\n","protected":false},"excerpt":{"rendered":"<p>Hallenberg. (kump_pm) \u201eNach den Fotos von Leni Riefenstahl und den Bildern von Otto, die uns einen neuen Besucherrekord beschert haben, sind wir bei unserer dritten Ausstellung in diesem Jahr wieder &hellip; <a href=\"https:\/\/www.schiebener.net\/wordpress\/impulse-kuenstlergruppe-hagenring-stellt-in-hallenberg-aus\/\" class=\"more-link\"><span class=\"screen-reader-text\">\u201e&#8222;Impulse&#8220; &#8211; K\u00fcnstlergruppe Hagenring stellt in Hallenberg aus\u201c <\/span>weiterlesen<\/a><\/p>\n","protected":false},"author":17,"featured_media":0,"comment_status":"open","ping_status":"open","sticky":false,"template":"","format":"standard","meta":{"footnotes":""},"categories":[303,674,854,80,1043],"tags":[6389,5751,655],"class_list":["post-36054","post","type-post","status-publish","format-standard","hentry","category-in-unserem-briefkasten","category-kultur","category-kunst","category-lokales","category-pressemitteilungen","tag-hagenring","tag-kump-hallenberg","tag-pressemitteilung"],"_links":{"self":[{"href":"https:\/\/www.schiebener.net\/wordpress\/wp-json\/wp\/v2\/posts\/36054","targetHints":{"allow":["GET"]}}],"collection":[{"href":"https:\/\/www.schiebener.net\/wordpress\/wp-json\/wp\/v2\/posts"}],"about":[{"href":"https:\/\/www.schiebener.net\/wordpress\/wp-json\/wp\/v2\/types\/post"}],"author":[{"embeddable":true,"href":"https:\/\/www.schiebener.net\/wordpress\/wp-json\/wp\/v2\/users\/17"}],"replies":[{"embeddable":true,"href":"https:\/\/www.schiebener.net\/wordpress\/wp-json\/wp\/v2\/comments?post=36054"}],"version-history":[{"count":0,"href":"https:\/\/www.schiebener.net\/wordpress\/wp-json\/wp\/v2\/posts\/36054\/revisions"}],"wp:attachment":[{"href":"https:\/\/www.schiebener.net\/wordpress\/wp-json\/wp\/v2\/media?parent=36054"}],"wp:term":[{"taxonomy":"category","embeddable":true,"href":"https:\/\/www.schiebener.net\/wordpress\/wp-json\/wp\/v2\/categories?post=36054"},{"taxonomy":"post_tag","embeddable":true,"href":"https:\/\/www.schiebener.net\/wordpress\/wp-json\/wp\/v2\/tags?post=36054"}],"curies":[{"name":"wp","href":"https:\/\/api.w.org\/{rel}","templated":true}]}}