{"id":3603,"date":"2009-06-19T15:57:21","date_gmt":"2009-06-19T13:57:21","guid":{"rendered":"http:\/\/www.schiebener.net\/wordpress\/?p=3603"},"modified":"2015-01-31T21:06:22","modified_gmt":"2015-01-31T20:06:22","slug":"meschede-hochsauerland-marodierende-russische-zwangsarbeiter","status":"publish","type":"post","link":"https:\/\/www.schiebener.net\/wordpress\/meschede-hochsauerland-marodierende-russische-zwangsarbeiter\/","title":{"rendered":"Meschede, Hochsauerland: Marodierende russische Zwangsarbeiter?"},"content":{"rendered":"<dl id=\"attachment_3602\" class=\"wp-caption aligncenter\" style=\"width: 490px;\">\n<dt class=\"wp-caption-dt\"><img loading=\"lazy\" decoding=\"async\" class=\"size-full wp-image-3602\" title=\"Eversberg, Hochsauerland: Gedenkstein - M\u00f6rder unbekannt\" src=\"http:\/\/www.schiebener.net\/wordpress\/wp-content\/uploads\/2009\/06\/eversberg011.jpg\" alt=\"Eversberg, Hochsauerland: Gedenkstein - M\u00f6rder unbekannt\" width=\"480\" height=\"391\" srcset=\"https:\/\/www.schiebener.net\/wordpress\/wp-content\/uploads\/2009\/06\/eversberg011.jpg 480w, https:\/\/www.schiebener.net\/wordpress\/wp-content\/uploads\/2009\/06\/eversberg011-300x244.jpg 300w\" sizes=\"auto, (max-width: 480px) 85vw, 480px\" \/><\/dt>\n<dd class=\"wp-caption-dd\">\n<h3>Eversberg, Hochsauerland: Gedenkstein &#8211; M\u00f6rder unbekannt<\/h3>\n<\/dd>\n<\/dl>\n<p>Als ich gestern zum ersten Mal in der katholischen Kirche von Eversberg, einem Ortsteil von Meschede, sa\u00df und in der Kirchenchronik bl\u00e4tterte, fiel mir das oben abgebildete Photo auf.<\/p>\n<p>Das Datum des Mordes schien mir auff\u00e4llig nah am Kriegsende zu liegen.<\/p>\n<p>Deswegen versuchte ich in kurzer Zeit etwas mehr herauszufinden.<\/p>\n<p>Das Heimatmuseum war leider geschlossen, der Experte f\u00fcr die Ortsgeschichte, den mir einen Einheimische genannt hatte, war nicht zu Hause.<\/p>\n<p>So blieb mir heute ein Blick in dieses 55-seitige\u00a0 <a href=\"http:\/\/www.meschede.de\/Stadtinformation\/geschichte\/geschichte_kernstadt\/sehenswertes_krieg_und_wiederaufbau\/Die_Stunde_null_-_Internet.pdf\" target=\"_blank\">PDF Dokument des Stadtarchivs Meschede (S. 52 ff.):<\/a><\/p>\n<blockquote><p>Vermutlich von &#8222;Fremdarbeitern&#8220;, freigelassenen Zwangsarbei-<br \/>\ntern, wurde auch Klosterpf\u00f6rtner Bruder Virgil Wilhelm (56),<br \/>\nKloster K\u00f6nigsm\u00fcnster, am 8. Juni 1945 im Arnsberger Wald an<br \/>\nder B 55, Abzweig Hirschberg, durch einen Kopfschuss ermordet.<br \/>\nBruder Virgil war nach der Vertreibung durch die Nationalsozialis-<br \/>\nten als erster seines Klosters im April 1945 wieder nach Meschede<br \/>\nzur\u00fcckgekehrt.<br \/>\nWas sich dann an jenem 8. Juni genau ereignet hat, konnte in den<br \/>\nNachkriegswirren nicht mehr exakt festgestellt werden; dennoch<br \/>\ngibt es viele Fakten: Am fr\u00fchen Morgen des 8. Juni 1945 lieh<br \/>\nsich Bruder Virgil Wilhelm ein Fahrrad. Trotz Warnungen wollte<br \/>\ner \u00fcber den Stimm-Stamm nach Kallenhardt fahren, um dort das<br \/>\nHerz-Jesu-Fest mitzufeiern. Er kam niemals an. In der H\u00f6he der<br \/>\nAbzweigung nach Hirschberg wurde er \u00fcberfallen; vermutlich<br \/>\nwollte man ihm sein Fahrrad stehlen. Virgil Wilhelm muss sich<br \/>\ngewehrt haben. Er streifte sich den Ring seines Klausurschl\u00fcssels<br \/>\n\u00fcber den rechten Zeigefinger und benutzte den Bart des Schl\u00fcs-<br \/>\nsels als Schlagwaffe. Bevor er get\u00f6tet wurde, war erausgeraubt,<br \/>\nan einen Baum gefesselt und gefoltert worden.<br \/>\nErst ein Jahr sp\u00e4ter fand man die verscharrte Leiche des Ermorde-<br \/>\nten. Ob die mit Reisig bedeckte Leiche am 26. September 1946,<br \/>\nwie erz\u00e4hlt wird, von Pilzsuchern oder von Forstleuten gefunden<br \/>\nwurde, kann im Kloster niemand mehr genau sagen. Der fest<br \/>\numklammerte Klausurschl\u00fcssel und W\u00e4schereste erm\u00f6glichten<br \/>\ndie Identifizierung.<br \/>\nVirgil Wilhelm wurde zun\u00e4chst auf dem S\u00fcdfriedhof der Stadt<br \/>\nMeschede beerdigt, am 29. September 1964 aber auf den Klos-<br \/>\nterfriedhof umgebettet.<br \/>\nDie Frage nach dem oder den T\u00e4tern konnte nie zweifelsfrei<br \/>\ngekl\u00e4rt werden&#8230;<\/p><\/blockquote>\n<p>Wer die Geschichte der russischen Zwangsarbeiter im Hochsauerland besser einordnen will, sollte sich die Brosch\u00fcre von Beginn an durchlesen.<\/p>\n<p>Denn die erste Frage lautet doch:<\/p>\n<p>Wieso gab es hier \u00fcberhaupt russische Zwangsarbeiter? Wo arbeiteten sie? Wie wurden sie behandelt?<\/p>\n<p>Fortsetzung folgt, sobald ich Zeit habe, denn:<\/p>\n<p>&#8222;Die Arbeit versaut einem die ganze Bloggerei \ud83d\ude41 &#8220; (Selbstzitat, noch nicht mit Google zu finden)<\/p>\n","protected":false},"excerpt":{"rendered":"<p>Eversberg, Hochsauerland: Gedenkstein &#8211; M\u00f6rder unbekannt Als ich gestern zum ersten Mal in der katholischen Kirche von Eversberg, einem Ortsteil von Meschede, sa\u00df und in der Kirchenchronik bl\u00e4tterte, fiel mir &hellip; <a href=\"https:\/\/www.schiebener.net\/wordpress\/meschede-hochsauerland-marodierende-russische-zwangsarbeiter\/\" class=\"more-link\"><span class=\"screen-reader-text\">\u201eMeschede, Hochsauerland: Marodierende russische Zwangsarbeiter?\u201c <\/span>weiterlesen<\/a><\/p>\n","protected":false},"author":3,"featured_media":0,"comment_status":"open","ping_status":"open","sticky":false,"template":"","format":"standard","meta":{"footnotes":""},"categories":[319,80],"tags":[584,264,586,585],"class_list":["post-3603","post","type-post","status-publish","format-standard","hentry","category-geschichte","category-lokales","tag-eversberg","tag-meschede","tag-virgil-wilhelm","tag-zwangsarbeiter"],"_links":{"self":[{"href":"https:\/\/www.schiebener.net\/wordpress\/wp-json\/wp\/v2\/posts\/3603","targetHints":{"allow":["GET"]}}],"collection":[{"href":"https:\/\/www.schiebener.net\/wordpress\/wp-json\/wp\/v2\/posts"}],"about":[{"href":"https:\/\/www.schiebener.net\/wordpress\/wp-json\/wp\/v2\/types\/post"}],"author":[{"embeddable":true,"href":"https:\/\/www.schiebener.net\/wordpress\/wp-json\/wp\/v2\/users\/3"}],"replies":[{"embeddable":true,"href":"https:\/\/www.schiebener.net\/wordpress\/wp-json\/wp\/v2\/comments?post=3603"}],"version-history":[{"count":0,"href":"https:\/\/www.schiebener.net\/wordpress\/wp-json\/wp\/v2\/posts\/3603\/revisions"}],"wp:attachment":[{"href":"https:\/\/www.schiebener.net\/wordpress\/wp-json\/wp\/v2\/media?parent=3603"}],"wp:term":[{"taxonomy":"category","embeddable":true,"href":"https:\/\/www.schiebener.net\/wordpress\/wp-json\/wp\/v2\/categories?post=3603"},{"taxonomy":"post_tag","embeddable":true,"href":"https:\/\/www.schiebener.net\/wordpress\/wp-json\/wp\/v2\/tags?post=3603"}],"curies":[{"name":"wp","href":"https:\/\/api.w.org\/{rel}","templated":true}]}}