{"id":36020,"date":"2016-09-04T14:03:21","date_gmt":"2016-09-04T13:03:21","guid":{"rendered":"http:\/\/www.schiebener.net\/wordpress\/?p=36020"},"modified":"2016-09-04T17:34:05","modified_gmt":"2016-09-04T16:34:05","slug":"afd-nrw-die-gespaltene-partei-ein-schaukampf-der-voelkischen-patriotischen-plattform-zeigt-wie-zerrissen-die-rechte-bewegung-in-nrw-ist","status":"publish","type":"post","link":"https:\/\/www.schiebener.net\/wordpress\/afd-nrw-die-gespaltene-partei-ein-schaukampf-der-voelkischen-patriotischen-plattform-zeigt-wie-zerrissen-die-rechte-bewegung-in-nrw-ist\/","title":{"rendered":"AfD-NRW: Die gespaltene Partei. Ein Schaukampf der v\u00f6lkischen Patriotischen Plattform zeigt, wie zerrissen die rechte Bewegung in NRW ist."},"content":{"rendered":"<figure id=\"attachment_36021\" aria-describedby=\"caption-attachment-36021\" style=\"width: 700px\" class=\"wp-caption aligncenter\"><img loading=\"lazy\" decoding=\"async\" class=\"size-full wp-image-36021\" src=\"http:\/\/www.schiebener.net\/wordpress\/wp-content\/uploads\/2016\/09\/ThomasMatzkeAfD.jpg\" alt=\"Thomas Matzke hat den Widerstand gegen Pretzell organisiert. Er wird im n\u00e4chsten halben Jahr eine wichtige Rolle in der AfD spielen. (foto: Markus Bensmann (correctiv.ruhr) )\" width=\"700\" height=\"478\" srcset=\"https:\/\/www.schiebener.net\/wordpress\/wp-content\/uploads\/2016\/09\/ThomasMatzkeAfD.jpg 700w, https:\/\/www.schiebener.net\/wordpress\/wp-content\/uploads\/2016\/09\/ThomasMatzkeAfD-300x205.jpg 300w\" sizes=\"auto, (max-width: 709px) 85vw, (max-width: 909px) 67vw, (max-width: 984px) 61vw, (max-width: 1362px) 45vw, 600px\" \/><figcaption id=\"caption-attachment-36021\" class=\"wp-caption-text\">Thomas Matzke hat den Widerstand gegen Pretzell organisiert. Er wird im n\u00e4chsten halben Jahr eine wichtige Rolle in der AfD spielen. (foto: Markus Bensmann (correctiv.ruhr) )<\/figcaption><\/figure>\n<p><strong>Marcus Pretzell ist Landeschef der AfD in NRW. Eigentlich w\u00e4re es normal, dass er mit gro\u00dfer Zustimmung als Spitzenkandidat seine Partei in den NRW-Wahlkampf f\u00fchrt. Doch Pretzell wird bei der Listenaufstellung d\u00fcpiert. Gegen einen blassen Gegenkandidaten erhielt er nur knapp 50 Prozent der Stimmen. Die v\u00f6lkischen Rechten in der AfD hatten Widerstand organisiert.<\/strong><\/p>\n<p><em>Von Marcus Bensmann[1] (<a href=\"https:\/\/correctiv.org\/blog\/ruhr\/\" target=\"_blank\">correctiv.ruhr<\/a>)<\/em><\/p>\n<p>Der Landesverband der AfD in NRW ist tief gespalten. Zum ersten Mal wurde das ganz deutlich bei der AfD-Landesversammlung, auf der an diesem und am kommenden Wochenende die Listenpl\u00e4tze f\u00fcr die Landtagswahl im kommenden Jahr verteilt werden sollen.<\/p>\n<p>Der Landessprecher der AfD \u2013 so nennen sich die AfD-Parteichefs in den L\u00e4ndern \u2013 Marcus Pretzell wurde nur mit knapp 53 Prozent der 403 Delegiertenstimmen auf den ersten Listenplatz f\u00fcr die kommende Landtagswahl gew\u00e4hlt. Er ist damit Spitzenkandidat und schon angeschlagen. F\u00fcr das knappe Ergebnis machte Pretzell sp\u00e4ter AfD-Politiker aus dem Bund verantwortlich, die seine Kandidatur hintertrieben h\u00e4tten. Er nannte keine Namen.<\/p>\n<p>Die Listenwahl der AfD in NRW wird an diesem Wochenende in Soest und am n\u00e4chsten Wochenende in Werl fortgesetzt. Die ersten 30 Pl\u00e4tze gelten als aussichtsreiche Startnummern f\u00fcr ein Landtagsmandat, wenn die AfD in NRW \u00fcber f\u00fcnf Prozent kommen sollte.<\/p>\n<p><strong>Der organisierte Denkzettel<\/strong><br \/>\nDas knappe Ergebnis f\u00fcr Pretzell l\u00e4sst sich nicht mit einem starken Gegenkandidaten erkl\u00e4ren. Thomas R\u00f6ckemann war der Konkurrent um die Spitzenkandidatur. Im Vergleich zu dem bundesweit bekannten Pretzell sprach R\u00f6ckemann schwach. Der fr\u00fchere Polizeibeamte und heutige Anwalt aus Minden hielt einen stockenden Vortrag, dessen Pointen verpufften. Er bekam lediglich spontane Zustimmung als er die Antifa attackierte, die vor dem Kongresszentrum in Soest demonstrierte.<\/p>\n<p>Ein zweites Mal wurde der Anwalt R\u00f6ckemann beklatscht, als er den Grund erkl\u00e4rte, warum beide Sprecher der Jungen Alternative f\u00fcr Pretzell seien. Die beiden jungen Alternativen seien entweder bei Pretzell oder bei dessen momentaner Lebensgef\u00e4hrtin besch\u00e4ftigt \u2013 der Bundeschefin der AfD Frauke Petry. Eine Anspielung auf Vetternwirtschaft in der AfD.<\/p>\n<p>Allerdings blieb der Applaus f\u00fcr R\u00f6ckemann trotz dieser Pointen im Gegensatz zu Pretzell sehr bem\u00fcht.<\/p>\n<p>Doch Pretzell hatte auch so gen\u00fcgend Gegner am \u00e4u\u00dfersten rechten Rand. Der Vorsitzende der AfD im Kreis Rhein-Sieg, Thomas Matzke, organisierte im Saal und auf den G\u00e4ngen die Stimmung gegen Pretzell. Er habe geh\u00f6rt, dass Pretzell gesagt haben soll, er sei kein Patriot, sagte Matzke bei einer Raucherpause im Innenhof des Kongresszentrums. \u201eIch mag keine Politiker, \u00a0die sich nicht als Patrioten bezeichnen\u201c, so Matzke.<\/p>\n<p>Hin und wieder kam ein stiernackiger Mann mit Glatze zu Matzke, reichte ihm Zettel in die Hand und raunte dem Kreisvorsitzenden aus Rhein-Sieg etwas ins Ohr. Matzke \u00fcberl\u00e4sst nichts gerne dem Zufall. \u201eIch f\u00fchre Dossiers\u201c, sagt Matzke einem Parteimitglied bei der Raucherpause. Er k\u00f6nne organisieren und betreibe Politik \u201esystematisch.\u201c<\/p>\n<p>Matzke geh\u00f6rt der Patriotischen Plattform an und bewundert den v\u00f6lkischen Rechtsau\u00dfen der AfD aus Th\u00fcringen, Bj\u00f6rn H\u00f6cke. Dessen j\u00e4hrliche Treffen auf dem Kyffh\u00e4user sind f\u00fcr Matzke nach eigenen Worten Pflichttermine.<\/p>\n<p><strong>Die v\u00f6lkischen Patrioten in der AfD<\/strong><br \/>\nDie Patriotische Plattform, zu der Matzke geh\u00f6rt, ist ein Netzwerk von AfD-Politikern, die f\u00fcr eine \u201eZusammenarbeit\u201c mit der Identit\u00e4ten Bewegung werben. Letztere gilt als rechtsextrem und wird vom Verfassungsschutz beobachtet. Auf der Internetseite \u201ePatriotische Plattform\u201c schrieben Mitglieder des rechten Fl\u00fcgels der AfD erst vor wenigen Wochen unter der \u00dcberschrift \u201eWir sind Identit\u00e4r\u201c: \u201eWir w\u00fcnschen uns eine engere Zusammenarbeiten zwischen Identit\u00e4rer Bewegung und AfD, denn auch die AfD ist eine identit\u00e4re Bewegung und auch die Identit\u00e4re Bewegung ist eine Alternative f\u00fcr Deutschland.\u201c<\/p>\n<p>Die Identit\u00e4re Bewegung glaubt an den v\u00f6lkische These vom \u201cgro\u00dfen Austausch\u201d, wonach finstere Kr\u00e4fte gezielt die V\u00f6lker Europas und Deutschlands durch Einwanderung aus islamischen Gebieten vernichten wollen. Der Bundesvorstand der AfD hat eine \u00a0Zusammenarbeit mit der Identit\u00e4ten Bewegung ausgeschlossen.<\/p>\n<p>Nach eigenen Worten h\u00e4lt sich der AfD-Rechtsau\u00dfen aus Rhein-Sieg Matzke zwar an den Beschluss des Bundesvorstandes, aber er ist dagegen, Bewegungen zu verdammen, sagt Matzke.<\/p>\n<p>Mehrere Delegierte auf dem Parteitag sagten, Matzke habe die F\u00e4den f\u00fcr die Kandidatur des blassen Anwalts R\u00f6ckermann gegen Pretzell gezogen. Dabei ging es offenbar nicht um einen Sieg Matzkes, sondern darum Pretzell einen Denkzettel zu verpassen.<\/p>\n<p>Vor der Wahl des Spitzenkandidaten sagte Matzke, selbst wenn Pretzell mit knapp 60 Prozent die Stichwahl gewinnen w\u00fcrde, sei dies ein Beleg, dass der Landesverband gespalten sei. Daran sei Pretzell schuld, weil er nicht alle Str\u00f6mungen der Partei einbinden w\u00fcrde. Bei der Wahl f\u00fcr die Spitzenkandidatur erhielt Pretzell nur knapp \u00fcber 50 Prozent. \u00a0Der Plan des H\u00f6cke-Verehrers Matzke ist aufgegangen.<\/p>\n<p>Neben Pretzell war in Soest h\u00e4ufig AfD-Bundesschefin Petry zu sehen. Nach dem knappen Sieg sagte sie, es g\u00e4be keine inhaltliche Differenz zum Rechtsau\u00dfen der Partei Bj\u00f6rn H\u00f6cke \u2013 man w\u00fcrde sich lediglich in der Rhetorik unterscheiden.<\/p>\n<p>In seiner Antrittsrede nach der Wahl zum Spitzenkandidaten der AfD in NRW wetterte Pretzell vor allem gegen Fl\u00fcchtlinge. Abgelehnte Fl\u00fcchtlinge, die nicht in ihre Heimatl\u00e4nder zur\u00fcckgebracht werden k\u00f6nnten, sollten auf eine Insel deportiert werden.<\/p>\n<p>In NRW sah Pretzell \u201eVerfall\u201c und \u201eVerwesung\u201c. Ideen, wie er es besser machen k\u00f6nnte, hatte er nicht. Seine wenigen konkreten Vorschl\u00e4gen drehten sich um alte H\u00fcte. Infrastruktur und Datennetze sollten ausgebaut werden.<\/p>\n<p><strong>Arbeitnehmervertreter schwach<\/strong><br \/>\nDie wenigen Arbeitnehmervertreter in den Reihen der AfD konnten den Machtkampf zwischen R\u00f6ckermann und Pretzell lediglich beobachten.<\/p>\n<p>Der Bergmann und ehemalige Sozialdemokrat aus Essen Guido Reil will erst morgen entscheiden, ob er f\u00fcr einen Listenplatz kandidieren wird. \u201eDas Ergebnis f\u00fcr Pretzell war recht knapp\u201c, sagt Reil, der auch Mitglied der Bergarbeiter-Gewerkschaft IGBCE ist. Seine Chancen bei den Delegierten stehen schlecht.<\/p>\n<p>Am Morgen hatten vor dem Kongresszentrum in Soest \u00fcber 100 Menschen demonstriert. Ein B\u00fcndnis aus SPD, Linken, Gr\u00fcne und DGB hatten zu einer Gegendemo aufgerufen.<\/p>\n<p>Der DGB-Vorsitzende von Soest Holger Schild kann nicht verstehen, dass \u00fcberhaupt Gewerkschafter zur AfD gingen. Sollte der \u00dcbertritt von Reil kein Einzelfall bleiben, \u201em\u00fcssen wir uns eine Strategie&#8220; \u00fcberlegen, sagte Schild.<\/p>\n<p>&#8212;&#8212;&#8212;&#8212;&#8212;&#8212;&#8212;&#8212;&#8212;&#8212;-<\/p>\n<p><em>[1] Der Autor ist Redakteur des Recherchezentrums CORRECTIV.RUHR. Die Redaktion finanziert sich ausschlie\u00dflich \u00fcber Spenden und Mitgliedsbeitr\u00e4ge. Ihr Anspruch: Missst\u00e4nde aufdecken und unvoreingenommen dar\u00fcber berichten. Wenn Sie CORRECTIV.RUHR unterst\u00fctzen m\u00f6chten, werden Sie F\u00f6rdermitglied. Informationen finden Sie unter <a href=\"https:\/\/correctiv.org\/blog\/ruhr\/\" target=\"_blank\">correctiv.ruhr<\/a><\/em><\/p>\n","protected":false},"excerpt":{"rendered":"<p>Marcus Pretzell ist Landeschef der AfD in NRW. Eigentlich w\u00e4re es normal, dass er mit gro\u00dfer Zustimmung als Spitzenkandidat seine Partei in den NRW-Wahlkampf f\u00fchrt. Doch Pretzell wird bei der &hellip; <a href=\"https:\/\/www.schiebener.net\/wordpress\/afd-nrw-die-gespaltene-partei-ein-schaukampf-der-voelkischen-patriotischen-plattform-zeigt-wie-zerrissen-die-rechte-bewegung-in-nrw-ist\/\" class=\"more-link\"><span class=\"screen-reader-text\">\u201eAfD-NRW: Die gespaltene Partei. Ein Schaukampf der v\u00f6lkischen Patriotischen Plattform zeigt, wie zerrissen die rechte Bewegung in NRW ist.\u201c <\/span>weiterlesen<\/a><\/p>\n","protected":false},"author":61,"featured_media":0,"comment_status":"open","ping_status":"open","sticky":false,"template":"","format":"standard","meta":{"footnotes":""},"categories":[6413,24,6314],"tags":[6415,5994,6414,6416,6417],"class_list":["post-36020","post","type-post","status-publish","format-standard","hentry","category-nrw","category-politik","category-rechtsextremismus","tag-afd-nrw","tag-correctv","tag-correctiv-ruhr","tag-marcus-pretzell","tag-thomas-matzke"],"_links":{"self":[{"href":"https:\/\/www.schiebener.net\/wordpress\/wp-json\/wp\/v2\/posts\/36020","targetHints":{"allow":["GET"]}}],"collection":[{"href":"https:\/\/www.schiebener.net\/wordpress\/wp-json\/wp\/v2\/posts"}],"about":[{"href":"https:\/\/www.schiebener.net\/wordpress\/wp-json\/wp\/v2\/types\/post"}],"author":[{"embeddable":true,"href":"https:\/\/www.schiebener.net\/wordpress\/wp-json\/wp\/v2\/users\/61"}],"replies":[{"embeddable":true,"href":"https:\/\/www.schiebener.net\/wordpress\/wp-json\/wp\/v2\/comments?post=36020"}],"version-history":[{"count":0,"href":"https:\/\/www.schiebener.net\/wordpress\/wp-json\/wp\/v2\/posts\/36020\/revisions"}],"wp:attachment":[{"href":"https:\/\/www.schiebener.net\/wordpress\/wp-json\/wp\/v2\/media?parent=36020"}],"wp:term":[{"taxonomy":"category","embeddable":true,"href":"https:\/\/www.schiebener.net\/wordpress\/wp-json\/wp\/v2\/categories?post=36020"},{"taxonomy":"post_tag","embeddable":true,"href":"https:\/\/www.schiebener.net\/wordpress\/wp-json\/wp\/v2\/tags?post=36020"}],"curies":[{"name":"wp","href":"https:\/\/api.w.org\/{rel}","templated":true}]}}