{"id":36002,"date":"2016-09-02T19:14:13","date_gmt":"2016-09-02T18:14:13","guid":{"rendered":"http:\/\/www.schiebener.net\/wordpress\/?p=36002"},"modified":"2016-09-02T19:14:13","modified_gmt":"2016-09-02T18:14:13","slug":"kinderkurheim-auf-norderney-gemeinsamer-antrag-der-fraktionen-die-linke-und-sblfw","status":"publish","type":"post","link":"https:\/\/www.schiebener.net\/wordpress\/kinderkurheim-auf-norderney-gemeinsamer-antrag-der-fraktionen-die-linke-und-sblfw\/","title":{"rendered":"Kinderkurheim auf Norderney \u2013 Gemeinsamer Antrag der Fraktionen DIE LINKE und SBL\/FW"},"content":{"rendered":"<p><strong>Meschede. (sbl\/linke) Der Hochsauerlandkreis betreibt schon lange Zeit ein Kinderkurheim auf der Nordseeinsel Norderney. Das Haus \u201eArnsberg\u201c kann man schon fast als historisch bezeichnen.<\/strong> <\/p>\n<p><em>(Der Artikel ist in \u00e4hnlicher Form <a href=\"http:\/\/sbl-fraktion.de\/?p=6905\" target=\"_blank\">gestern auf der Website der Sauerl\u00e4nder B\u00fcrgerliste<\/a> erschienen.)<\/em><\/p>\n<p>Seine Anf\u00e4nge liegen beinahe 100 Jahre zur\u00fcck. Seit dem Jahr 1921 konnten sich dort zun\u00e4chst Kinder aus dem Altkreis Arnsberg erholen. Seit der kommunalen Neugliederung im Jahr 1975 ist der Hochsauerlandkreis der Betreiber.<\/p>\n<p>Zurzeit verf\u00fcgt die Einrichtung \u00fcber 45 genehmigte Pl\u00e4tze f\u00fcr insgesamt 11 Kuren pro Jahr. Und das ist gut und richtig so und sollte so bleiben.<\/p>\n<p>Mehr dazu? Klick: <a href=\"http:\/\/www.hochsauerlandkreis.de\/buergerservice\/jugend_familie\/kinderkurheim\/Kinderkurheim_Norderney.php\" target=\"_blank\">http:\/\/www.hochsauerlandkreis.de\/buergerservice\/jugend_familie\/kinderkurheim\/Kinderkurheim_Norderney.php<\/a><\/p>\n<p>Mit einem gemeinsamen Antrag m\u00f6chten die Kreistagsfraktionen DIE LINKE und Sauerl\u00e4nder B\u00fcrgerliste (SBL\/FW) in Erfahrung bringen, wie die Personalsituation derzeit im Kinder-kurheim \u201eArnsberg\u201c ist. Um Missverst\u00e4ndnissen vorzubeugen, der Antrag basiert auf keinem besonderen Anlass, au\u00dfer auf dem Interesse der beiden Fraktionen am Wohl der Kinder und an der Arbeit und der Zufriedenheit der Mitarbeiterinnen und Mitarbeiter.<\/p>\n<p><strong>Hier der Antragstext:<\/strong><\/p>\n<blockquote><p>\u201eArnsberg\/Sundern, 21.08.2016<\/p>\n<p>Antrag f\u00fcr die Tagesordnung des Kreisjugendhilfeausschusses (KJHA) am 27.09.2016 gem\u00e4\u00df \u00a7 41 Abs. 4 i.V.m. \u00a7 32 Abs. 1 KrO NRW und \u00a7 5 i.V.m. \u00a7 22 der Gesch\u00e4ftsordnung des Kreistags<\/p>\n<p>Sehr geehrter Herr Landrat,<br \/>\nsehr geehrter Herr Ausschussvorsitzender,<\/p>\n<p>unsere Fraktionen stellen folgenden Antrag:<\/p>\n<p>In die Tagesordnung der auf den 27.09.2016 terminierten Sitzung des KJHA wird der TOP \u201eBericht \u00fcber die Personalsituation und die Belegungszahlen im Kinderkurheim Arnsberg auf Norderney\u201c aufgenommen.<\/p>\n<p>Begr\u00fcndung und Erl\u00e4uterung:<\/p>\n<p>Bei Besuchen von Mitgliedern unserer beiden Fraktionen ist aufgefallen, dass die Betreuungssituation der sich dort aufhaltenden Kinder und Jugendlichen nicht ganz zufriedenstellend war.<\/p>\n<p>Um sicher zu stellen, dass es sich nicht um einen Dauerzustand handelt, sollte dem Jugendhilfeausschuss Einblick gew\u00e4hrt werden, wie hoch der Betreuungsschl\u00fcssel in der Einrichtung ist.<\/p>\n<p>Da es nach unserem Kenntnisstand unterschiedliche Gr\u00fcnde f\u00fcr die Kuraufenthalte gibt (z.B. medizinische und erzieherische), sollten auch die unterschiedlichen Betreuungsschl\u00fcssel sowie die Aufteilung der Kinder und Jugendliche nach Unterbringungsgr\u00fcnden und Altersgruppen aufgef\u00fchrt werden.<\/p>\n<p>Die Bedarfe f\u00fcr die personelle Betreuung bei den verschiedenen Unterbringungsgr\u00fcnden sind unterschiedlich. Gerade bei den Jugendhilfema\u00dfnahmen sollte ausreichend gut ausgebildetes Personal vorhanden sein.<\/p>\n<p>Deshalb w\u00fcnschen wir uns weiterhin eine \u00dcbersicht, welche p\u00e4dagogische Ausbildung die Mitarbeiterinnen und Mitarbeiter haben.<\/p>\n<p>Auch sollte in der n\u00e4chsten Sitzung des Jugendhilfeausschusses auf die personellen Empfehlungen des Landesjugendamtes f\u00fcr Heimeinrichtungen eingegangen werden.\u201c<\/p><\/blockquote>\n<p>Unterschrieben ist der Antrag von den Fraktionsvorsitzenden Reinhard Loos (Sauerl\u00e4nder B\u00fcrgerliste\/FW) und Dietmar Schwalm (DIE LINKE).<\/p>\n","protected":false},"excerpt":{"rendered":"<p>Meschede. (sbl\/linke) Der Hochsauerlandkreis betreibt schon lange Zeit ein Kinderkurheim auf der Nordseeinsel Norderney. Das Haus \u201eArnsberg\u201c kann man schon fast als historisch bezeichnen. (Der Artikel ist in \u00e4hnlicher Form &hellip; <a href=\"https:\/\/www.schiebener.net\/wordpress\/kinderkurheim-auf-norderney-gemeinsamer-antrag-der-fraktionen-die-linke-und-sblfw\/\" class=\"more-link\"><span class=\"screen-reader-text\">\u201eKinderkurheim auf Norderney \u2013 Gemeinsamer Antrag der Fraktionen DIE LINKE und SBL\/FW\u201c <\/span>weiterlesen<\/a><\/p>\n","protected":false},"author":17,"featured_media":0,"comment_status":"open","ping_status":"open","sticky":false,"template":"","format":"standard","meta":{"footnotes":""},"categories":[80,24,1043,4761],"tags":[5130,835,6409,936,6408,294],"class_list":["post-36002","post","type-post","status-publish","format-standard","hentry","category-lokales","category-politik","category-pressemitteilungen","category-soziales","tag-die-linke","tag-hochsauerlandkreis","tag-kinderkurheim-arnsberg","tag-kreistag","tag-norderney","tag-sbl"],"_links":{"self":[{"href":"https:\/\/www.schiebener.net\/wordpress\/wp-json\/wp\/v2\/posts\/36002","targetHints":{"allow":["GET"]}}],"collection":[{"href":"https:\/\/www.schiebener.net\/wordpress\/wp-json\/wp\/v2\/posts"}],"about":[{"href":"https:\/\/www.schiebener.net\/wordpress\/wp-json\/wp\/v2\/types\/post"}],"author":[{"embeddable":true,"href":"https:\/\/www.schiebener.net\/wordpress\/wp-json\/wp\/v2\/users\/17"}],"replies":[{"embeddable":true,"href":"https:\/\/www.schiebener.net\/wordpress\/wp-json\/wp\/v2\/comments?post=36002"}],"version-history":[{"count":0,"href":"https:\/\/www.schiebener.net\/wordpress\/wp-json\/wp\/v2\/posts\/36002\/revisions"}],"wp:attachment":[{"href":"https:\/\/www.schiebener.net\/wordpress\/wp-json\/wp\/v2\/media?parent=36002"}],"wp:term":[{"taxonomy":"category","embeddable":true,"href":"https:\/\/www.schiebener.net\/wordpress\/wp-json\/wp\/v2\/categories?post=36002"},{"taxonomy":"post_tag","embeddable":true,"href":"https:\/\/www.schiebener.net\/wordpress\/wp-json\/wp\/v2\/tags?post=36002"}],"curies":[{"name":"wp","href":"https:\/\/api.w.org\/{rel}","templated":true}]}}