{"id":35989,"date":"2016-08-30T21:57:46","date_gmt":"2016-08-30T20:57:46","guid":{"rendered":"http:\/\/www.schiebener.net\/wordpress\/?p=35989"},"modified":"2016-08-30T21:57:46","modified_gmt":"2016-08-30T20:57:46","slug":"ueber-ceta-ttip-sperrklausel-und-mehr-oder-weniger-demokratie","status":"publish","type":"post","link":"https:\/\/www.schiebener.net\/wordpress\/ueber-ceta-ttip-sperrklausel-und-mehr-oder-weniger-demokratie\/","title":{"rendered":"\u00dcber CETA, TTIP, Sperrklausel und (mehr oder weniger) Demokratie"},"content":{"rendered":"<p><img loading=\"lazy\" decoding=\"async\" class=\"aligncenter size-full wp-image-35992\" src=\"http:\/\/www.schiebener.net\/wordpress\/wp-content\/uploads\/2016\/08\/CetaTtip2016083001.jpg\" alt=\"CetaTtip2016083001\" width=\"700\" height=\"408\" srcset=\"https:\/\/www.schiebener.net\/wordpress\/wp-content\/uploads\/2016\/08\/CetaTtip2016083001.jpg 700w, https:\/\/www.schiebener.net\/wordpress\/wp-content\/uploads\/2016\/08\/CetaTtip2016083001-300x175.jpg 300w\" sizes=\"auto, (max-width: 709px) 85vw, (max-width: 909px) 67vw, (max-width: 984px) 61vw, (max-width: 1362px) 45vw, 600px\" \/><strong>Meschede. (sbl_pm) Auf Einladung der Kreistagsfraktion Sauerl\u00e4nder B\u00fcrgerliste (SBL\/FW) nimmt der Sozialwissenschaftler und NRW-Gesch\u00e4ftsf\u00fchrer der Initiative \u201cMehr Demokratie\u201d, Alexander Trennh\u00e4user, Stellung zu den geplanten transatlantischen Freihandelsabkommen CETA und TTIP sowie zu der in NRW wieder eingef\u00fchrten Sperrklausel bei Kommunalwahlen.<\/strong><\/p>\n<p>Zum einen geht es um die transatlantischen Freihandelsabkommen TTIP und CETA. Bringen sie uns Wohlstand und Wachstum? Oder hebeln sie nur unsere rechtsstaatliche Prinzipien und die demokratische Mitbestimmung weitgehend aus?<\/p>\n<p>Zum anderen geht es um die k\u00fcrzlich im NRW-Landtag beschlossene Sperrklausel bei Kommunalwahlen. Ist es demokratisch und verfassungskonform, mit der 2,5 Prozent-H\u00fcrde kleine Parteien und W\u00e4hlergruppen aus den Rath\u00e4usern und Kreistagen heraus zu halten?<\/p>\n<p>*Mehr Demokratie\u201c und die SBL\/FW freuen sich \u00fcber Ihr Kommen, Ihr Interesse, Ihre Fragen und auf eine lebhafte Diskussion.<\/p>\n<p>Mittwoch, 31. August 2016, 19 Uhr<\/p>\n<p>Zum Pulverturm<br \/>\nPulverturmstr. 33<br \/>\n59872 Meschede<\/p>\n<p>Die Veranstaltung auf Facebook: <a href=\"http:\/\/www.facebook.com\/events\/1573032609658651\/\" target=\"_blank\">http:\/\/www.facebook.com\/events\/1573032609658651\/<\/a><\/p>\n","protected":false},"excerpt":{"rendered":"<p>Meschede. (sbl_pm) Auf Einladung der Kreistagsfraktion Sauerl\u00e4nder B\u00fcrgerliste (SBL\/FW) nimmt der Sozialwissenschaftler und NRW-Gesch\u00e4ftsf\u00fchrer der Initiative \u201cMehr Demokratie\u201d, Alexander Trennh\u00e4user, Stellung zu den geplanten transatlantischen Freihandelsabkommen CETA und TTIP sowie &hellip; <a href=\"https:\/\/www.schiebener.net\/wordpress\/ueber-ceta-ttip-sperrklausel-und-mehr-oder-weniger-demokratie\/\" class=\"more-link\"><span class=\"screen-reader-text\">\u201e\u00dcber CETA, TTIP, Sperrklausel und (mehr oder weniger) Demokratie\u201c <\/span>weiterlesen<\/a><\/p>\n","protected":false},"author":17,"featured_media":0,"comment_status":"open","ping_status":"open","sticky":false,"template":"","format":"standard","meta":{"footnotes":""},"categories":[303,80,24],"tags":[5341,3878,1382,294,5340],"class_list":["post-35989","post","type-post","status-publish","format-standard","hentry","category-in-unserem-briefkasten","category-lokales","category-politik","tag-ceta","tag-pressemeldung","tag-pulverturm","tag-sbl","tag-tipp"],"_links":{"self":[{"href":"https:\/\/www.schiebener.net\/wordpress\/wp-json\/wp\/v2\/posts\/35989","targetHints":{"allow":["GET"]}}],"collection":[{"href":"https:\/\/www.schiebener.net\/wordpress\/wp-json\/wp\/v2\/posts"}],"about":[{"href":"https:\/\/www.schiebener.net\/wordpress\/wp-json\/wp\/v2\/types\/post"}],"author":[{"embeddable":true,"href":"https:\/\/www.schiebener.net\/wordpress\/wp-json\/wp\/v2\/users\/17"}],"replies":[{"embeddable":true,"href":"https:\/\/www.schiebener.net\/wordpress\/wp-json\/wp\/v2\/comments?post=35989"}],"version-history":[{"count":0,"href":"https:\/\/www.schiebener.net\/wordpress\/wp-json\/wp\/v2\/posts\/35989\/revisions"}],"wp:attachment":[{"href":"https:\/\/www.schiebener.net\/wordpress\/wp-json\/wp\/v2\/media?parent=35989"}],"wp:term":[{"taxonomy":"category","embeddable":true,"href":"https:\/\/www.schiebener.net\/wordpress\/wp-json\/wp\/v2\/categories?post=35989"},{"taxonomy":"post_tag","embeddable":true,"href":"https:\/\/www.schiebener.net\/wordpress\/wp-json\/wp\/v2\/tags?post=35989"}],"curies":[{"name":"wp","href":"https:\/\/api.w.org\/{rel}","templated":true}]}}