{"id":35967,"date":"2016-08-22T23:18:27","date_gmt":"2016-08-22T22:18:27","guid":{"rendered":"http:\/\/www.schiebener.net\/wordpress\/?p=35967"},"modified":"2016-08-22T23:19:32","modified_gmt":"2016-08-22T22:19:32","slug":"awo-praesident-wilhelm-schmidt-referierte-in-meschede","status":"publish","type":"post","link":"https:\/\/www.schiebener.net\/wordpress\/awo-praesident-wilhelm-schmidt-referierte-in-meschede\/","title":{"rendered":"AWO-Pr\u00e4sident Wilhelm Schmidt referierte in Meschede: &#8222;Die soziale Gesellschaft entscheidet sich im t\u00e4glich Leben vor Ort.&#8220;"},"content":{"rendered":"<p><figure id=\"attachment_35968\" aria-describedby=\"caption-attachment-35968\" style=\"width: 700px\" class=\"wp-caption aligncenter\"><img loading=\"lazy\" decoding=\"async\" class=\"size-full wp-image-35968\" src=\"http:\/\/www.schiebener.net\/wordpress\/wp-content\/uploads\/2016\/08\/WieseAwo.jpg\" alt=\"Im Bild v.l.: Dr. Michael Schult (stellv. Landrat HSK), Stefan Goesmann (Gesch\u00e4ftsf\u00fchrer AWO Unterbezirk Hellweg-Sauerland), Dirk Wiese (MdB), Brigitta Heemann (AWO Soest) Wilhelm Schmidt (Pr\u00e4sident AWO Bundesverband) (foto: spd)\" width=\"700\" height=\"378\" srcset=\"https:\/\/www.schiebener.net\/wordpress\/wp-content\/uploads\/2016\/08\/WieseAwo.jpg 700w, https:\/\/www.schiebener.net\/wordpress\/wp-content\/uploads\/2016\/08\/WieseAwo-300x162.jpg 300w\" sizes=\"auto, (max-width: 709px) 85vw, (max-width: 909px) 67vw, (max-width: 984px) 61vw, (max-width: 1362px) 45vw, 600px\" \/><figcaption id=\"caption-attachment-35968\" class=\"wp-caption-text\">Im Bild v.l.: Dr. Michael Schult (stellv. Landrat HSK), Stefan Goesmann (Gesch\u00e4ftsf\u00fchrer AWO Unterbezirk Hellweg-Sauerland), Dirk Wiese (MdB), Brigitta Heemann (AWO Soest) Wilhelm Schmidt (Pr\u00e4sident AWO Bundesverband) (foto: spd)<\/figcaption><\/figure><strong>Meschede. (spd_pm) &#8222;Die soziale Gesellschaft entscheidet sich im t\u00e4glich Leben vor Ort in den Kommunen. Und dazu tragen die Wohlfahrtsverb\u00e4nde einen entscheidenden Anteil.&#8220;<\/strong> <\/p>\n<p>So lautete die Kernbotschaft von AWO-Pr\u00e4sident Wilhelm Schmidt bei seinem Vortrag &#8222;Soziale Arbeit klappt nur mit starken Kommunen und Wohlfahrtsverb\u00e4nden&#8220; in den R\u00e4umlichkeiten der Arbeiterwohlfahrt in Meschede. <\/p>\n<p>Wilhelm Schmidt war der Einladung des heimischen Bundestagsabgeordneten Dirk Wiese ins Sauerland gefolgt. Er machte im Beisein von Ferdi Lenze (Caritas), den Landtagskandidaten Peter Newiger und Margit Hieronymous, sowie B\u00fcrgermeister Christoph Weber deutlich, dass es letztendlich auf eine vern\u00fcnftige Finanzierungsgrundlage ankommt. <\/p>\n<p>Schmidt betonte die gro\u00dfe Bedeutung einer B\u00fcrgerversicherung bei Rente und im Gesundheitsbereich, aber auch die St\u00e4rkung der tariflichen Bindung bei den sozialen Berufen. Dar\u00fcber hinaus forderte Schmidt eine kontinuierliche Finanzierung und ein Ende der fortw\u00e4hrenden Projektfinanzierungen f\u00fcr kurze Zeitr\u00e4ume.\u00a0<\/p>\n<p>&#8212;&#8212;&#8212;&#8212;&#8212;&#8212;&#8211;<\/p>\n<p><em>Aktuelle Informationen vom Bundestagsabgeordneten Dirk Wiese sowie \u00fcber die SPD im Hochsauerland befinden sich im Internet unter <a href=\"http:\/\/www.dirkwiese.de\" target=\"_blank\">www.dirkwiese.de<\/a> und <a href=\"http:\/\/unter www.hsk-spd.de\" target=\"_blank\">unter www.hsk-spd.de<\/a> <\/em><\/p>\n","protected":false},"excerpt":{"rendered":"<p>Meschede. (spd_pm) &#8222;Die soziale Gesellschaft entscheidet sich im t\u00e4glich Leben vor Ort in den Kommunen. Und dazu tragen die Wohlfahrtsverb\u00e4nde einen entscheidenden Anteil.&#8220; So lautete die Kernbotschaft von AWO-Pr\u00e4sident Wilhelm &hellip; <a href=\"https:\/\/www.schiebener.net\/wordpress\/awo-praesident-wilhelm-schmidt-referierte-in-meschede\/\" class=\"more-link\"><span class=\"screen-reader-text\">\u201eAWO-Pr\u00e4sident Wilhelm Schmidt referierte in Meschede: &#8222;Die soziale Gesellschaft entscheidet sich im t\u00e4glich Leben vor Ort.&#8220;\u201c <\/span>weiterlesen<\/a><\/p>\n","protected":false},"author":3,"featured_media":0,"comment_status":"open","ping_status":"open","sticky":false,"template":"","format":"standard","meta":{"footnotes":""},"categories":[542,303,80,24,1043,4761],"tags":[6398,3104,655,6397],"class_list":["post-35967","post","type-post","status-publish","format-standard","hentry","category-arbeitswelt","category-in-unserem-briefkasten","category-lokales","category-politik","category-pressemitteilungen","category-soziales","tag-awo-meschede","tag-dirk-wiese","tag-pressemitteilung","tag-wilhelm-schmidt"],"_links":{"self":[{"href":"https:\/\/www.schiebener.net\/wordpress\/wp-json\/wp\/v2\/posts\/35967","targetHints":{"allow":["GET"]}}],"collection":[{"href":"https:\/\/www.schiebener.net\/wordpress\/wp-json\/wp\/v2\/posts"}],"about":[{"href":"https:\/\/www.schiebener.net\/wordpress\/wp-json\/wp\/v2\/types\/post"}],"author":[{"embeddable":true,"href":"https:\/\/www.schiebener.net\/wordpress\/wp-json\/wp\/v2\/users\/3"}],"replies":[{"embeddable":true,"href":"https:\/\/www.schiebener.net\/wordpress\/wp-json\/wp\/v2\/comments?post=35967"}],"version-history":[{"count":0,"href":"https:\/\/www.schiebener.net\/wordpress\/wp-json\/wp\/v2\/posts\/35967\/revisions"}],"wp:attachment":[{"href":"https:\/\/www.schiebener.net\/wordpress\/wp-json\/wp\/v2\/media?parent=35967"}],"wp:term":[{"taxonomy":"category","embeddable":true,"href":"https:\/\/www.schiebener.net\/wordpress\/wp-json\/wp\/v2\/categories?post=35967"},{"taxonomy":"post_tag","embeddable":true,"href":"https:\/\/www.schiebener.net\/wordpress\/wp-json\/wp\/v2\/tags?post=35967"}],"curies":[{"name":"wp","href":"https:\/\/api.w.org\/{rel}","templated":true}]}}