{"id":35930,"date":"2016-08-18T22:36:51","date_gmt":"2016-08-18T21:36:51","guid":{"rendered":"http:\/\/www.schiebener.net\/wordpress\/?p=35930"},"modified":"2016-08-18T22:36:51","modified_gmt":"2016-08-18T21:36:51","slug":"presseinformation-kuenstler-des-hagenring-stellen-im-kump-aus","status":"publish","type":"post","link":"https:\/\/www.schiebener.net\/wordpress\/presseinformation-kuenstler-des-hagenring-stellen-im-kump-aus\/","title":{"rendered":"Presseinformation: K\u00fcnstler des HAGENRING stellen im Kump aus"},"content":{"rendered":"<figure id=\"attachment_35931\" aria-describedby=\"caption-attachment-35931\" style=\"width: 595px\" class=\"wp-caption aligncenter\"><img loading=\"lazy\" decoding=\"async\" class=\"size-full wp-image-35931\" src=\"http:\/\/www.schiebener.net\/wordpress\/wp-content\/uploads\/2016\/08\/02_Teamwork-Walter-Schneider-Schmallenberg.jpg\" alt=\"Walter Schneider: Teamwork (bilder: kump)\" width=\"595\" height=\"842\" srcset=\"https:\/\/www.schiebener.net\/wordpress\/wp-content\/uploads\/2016\/08\/02_Teamwork-Walter-Schneider-Schmallenberg.jpg 595w, https:\/\/www.schiebener.net\/wordpress\/wp-content\/uploads\/2016\/08\/02_Teamwork-Walter-Schneider-Schmallenberg-212x300.jpg 212w\" sizes=\"auto, (max-width: 595px) 85vw, 595px\" \/><figcaption id=\"caption-attachment-35931\" class=\"wp-caption-text\">Walter Schneider: Teamwork (bilder: kump)<\/figcaption><\/figure>\n<p><strong>Am Sonntag, dem 4. September wird um 16 Uhr im Infozentrum Kump in Hallenberg, Petrusstra\u00dfe 2, die Ausstellung \u201eHAGENRING Impulse\u201c er\u00f6ffnet. 20 K\u00fcnstlerinnen und K\u00fcnstler der traditionellen Hagener K\u00fcnstlervereinigung HAGENRING stellen erstmals ihre Arbeiten in Hallenberg aus. \u00dcber 60 Kunstwerke sind im Kump zu sehen. <\/strong><\/p>\n<p>Die Ausstellung ist ein Querschnitt der vielf\u00e4ltigen Ausdrucksformen in der Kunst: Von zarten Aquarellen, gerissenen Papierobjekten, farbenfrohen \u00d6lbildern, brillanten Zeichnungen bis hin zu reizvollen Metall-Collagen und verfremdeten Fotografien. Erg\u00e4nzt wird die Gruppenausstellung durch filigrane Objektinstallationen sowie durch eindrucksvolle Skulpturen aus Naturstein, Holz, Metall und pigmentierter Zellulose.<\/p>\n<p>Pr\u00e4sentiert wird ein abwechslungsreiches Spektrum kreativen Schaffens der K\u00fcnstlerinnen und K\u00fcnstler aus Hagen, dem Sauerland und dem \u00fcbrigen Nordrhein-Westfalen. Viele K\u00fcnstler werden zur Er\u00f6ffnung nach Hallenberg kommen.<\/p>\n<p>Der Kontakt ist \u00fcber Hallenbergs B\u00fcrgermeister Michael Kronauge mit dem in Hallenberg geborenen Vorsitzenden des Hagener K\u00fcnstlerbundes, Karl-Josef Steden, zustande gekommen.<\/p>\n<p>B\u00fcrgermeister Michael Kronauge wird die K\u00fcnstler und G\u00e4ste begr\u00fc\u00dfen, bevor Karl-Josef Steden eine Einf\u00fchrung zur Ausstellung und zu der \u00fcber 90 Jahre alten K\u00fcnstlervereinigung geben wird. Der Jubil\u00e4umskatalog zum 90-j\u00e4hrigen Bestehen wird w\u00e4hrend der Ausstellung pr\u00e4sentiert.<\/p>\n<p>Der HAGENRING z\u00e4hlt zu den \u00e4ltesten K\u00fcnstlerb\u00fcnden in Nordrhein-Westfalen. Zu sehen ist die Ausstellung zu den \u00fcblichen \u00d6ffnungszeiten (siehe unten) bis zum 30. September 2016.<\/p>\n<p><strong>Zusatzinformationen:<\/strong><\/p>\n<p><strong>\u00d6ffnungszeiten im Kump <\/strong><\/p>\n<ul>\n<li>Montag, Dienstag, Donnerstag, Freitag: 9:30 Uhr bis 12:30 Uhr und 14:30 Uhr bis 16:30 Uhr<\/li>\n<li>Samstag: 9:30 Uhr bis 12:30 Uhr<\/li>\n<li>Sonntag: 14:30 Uhr bis 16:30 Uhr<\/li>\n<li>Mittwoch: geschlossen<\/li>\n<\/ul>\n<p>Der Eintritt ist frei.<\/p>\n<p><strong>Folgende K\u00fcnstlerinnen und K\u00fcnstler werden ihre Arbeiten im Kump zeigen:<\/strong><\/p>\n<figure id=\"attachment_35932\" aria-describedby=\"caption-attachment-35932\" style=\"width: 204px\" class=\"wp-caption alignleft\"><img loading=\"lazy\" decoding=\"async\" class=\" wp-image-35932\" src=\"http:\/\/www.schiebener.net\/wordpress\/wp-content\/uploads\/2016\/08\/VerenaBaltesSpannung.jpg\" alt=\"Verena Baltes: Spannung\" width=\"204\" height=\"549\" \/><figcaption id=\"caption-attachment-35932\" class=\"wp-caption-text\">Verena Baltes: Spannung<\/figcaption><\/figure>\n<p>Verena Baltes, Hagen<br \/>\nMarlies Blauth, Meerbusch<br \/>\nAnnelie Brusten, Wuppertal<br \/>\nJohannes Dr\u00f6ge, Sundern<br \/>\nKarl-Friedrich Fritzsche, Hagen<br \/>\nHartmut F. K. Gloger, Hagen<br \/>\nTraute Kessler, Herdecke<br \/>\nPeter Klein, Gevelsberg<br \/>\nKarl-Georg Krafft, Hagen<br \/>\nDr. Markus Linda, Hagen<br \/>\nBernhard van der Minde, Hagen<br \/>\nBernhard Paura, Hagen<br \/>\nClaudia Schmidt, Krefeld<br \/>\nWalter Schneider, Schmallenberg<br \/>\nWaltraud Schroll, Hagen<br \/>\nGabriele Schulz, Schmallenberg<br \/>\nKatherine Tinteren-Klitzke, Bochum<br \/>\nAndreas Weische, Hagen<br \/>\nUwe Will, Hagen<br \/>\nBarbara Wolff, Hagen<\/p>\n<p><strong>Kurze Hintergrundinformationen zum HAGENRING e.V.<\/strong><\/p>\n<p>Der HAGENRING wurde im Jahr 1924 in Hagen gegr\u00fcndet.<\/p>\n<p>Kurzer R\u00fcckblick: Am 9. Juli 1902 er\u00f6ffnete Karl Ernst Osthaus in Hagen das erste Museum f\u00fcr zeitgen\u00f6ssische Kunst, das Museum Folkwang. Nach dem fr\u00fchen Tod des Kunstf\u00f6rderers (1921) verkauften die Osthaus-Erben die Sammlung Folkwang 1922 an die Stadt Essen.<\/p>\n<p>Viele der von Osthaus nach Hagen geholten K\u00fcnstler verlie\u00dfen nach und nach wieder die Stadt. Genau in diese Zeit gr\u00fcndete sich der K\u00fcnstlerbund HAGENRING (1924). Ehrenmitglied war Christian Rohlfs, der seinerzeit in Hagen geblieben war. Der erste Katalog des jungen K\u00fcnstlerbundes erschien 1925.<\/p>\n<p>In der Zeit des zweiten Weltkriegs wurden viele HAGENRINGK\u00fcnstler als entartet gebrandmarkt. Bereits 1946 wurde wieder eine Ausstellung in Karl Ernst OsthausMuseum in Hagen durchgef\u00fchrt.<\/p>\n<p>Es folgten bis heute zahlreiche Ausstellungen im In- und Ausland. Zu den damaligen Mitgliedern z\u00e4hlte unter anderem auch Emil Schumacher, dem inzwischen in Hagen ein eigenes Museum gewidmet wurde.<\/p>\n<p>Der K\u00fcnstlerbund ist noch heute sehr aktiv. Er hat eine eigene Galerie in Hagen, in der j\u00e4hrlich 10 Ausstellungen stattfinden.<\/p>\n<p>Zurzeit geh\u00f6ren dem HAGENRING 34 K\u00fcnstlerinnen und K\u00fcnstler als Mitglieder an. Mitglied kann nach einer Bewerbungsausstellung nur werden, wer eine kunstbezogene Ausbildung absolviert hat.<\/p>\n<p>Seit 1993 ist Karl-Josef Steden Vorsitzender des traditionellen K\u00fcnstlerbundes. Im Jahr 2014 konnte der HAGENRING auf sein 90-j\u00e4hriges Bestehen mit einer gro\u00dfen Jubil\u00e4umsausstellung im Hagener Osthaus-Museum zur\u00fcckblicken.<\/p>\n","protected":false},"excerpt":{"rendered":"<p>Am Sonntag, dem 4. September wird um 16 Uhr im Infozentrum Kump in Hallenberg, Petrusstra\u00dfe 2, die Ausstellung \u201eHAGENRING Impulse\u201c er\u00f6ffnet. 20 K\u00fcnstlerinnen und K\u00fcnstler der traditionellen Hagener K\u00fcnstlervereinigung HAGENRING &hellip; <a href=\"https:\/\/www.schiebener.net\/wordpress\/presseinformation-kuenstler-des-hagenring-stellen-im-kump-aus\/\" class=\"more-link\"><span class=\"screen-reader-text\">\u201ePresseinformation: K\u00fcnstler des HAGENRING stellen im Kump aus\u201c <\/span>weiterlesen<\/a><\/p>\n","protected":false},"author":17,"featured_media":0,"comment_status":"open","ping_status":"open","sticky":false,"template":"","format":"standard","meta":{"footnotes":""},"categories":[319,303,674,854,80,1043],"tags":[6389,5751,655],"class_list":["post-35930","post","type-post","status-publish","format-standard","hentry","category-geschichte","category-in-unserem-briefkasten","category-kultur","category-kunst","category-lokales","category-pressemitteilungen","tag-hagenring","tag-kump-hallenberg","tag-pressemitteilung"],"_links":{"self":[{"href":"https:\/\/www.schiebener.net\/wordpress\/wp-json\/wp\/v2\/posts\/35930","targetHints":{"allow":["GET"]}}],"collection":[{"href":"https:\/\/www.schiebener.net\/wordpress\/wp-json\/wp\/v2\/posts"}],"about":[{"href":"https:\/\/www.schiebener.net\/wordpress\/wp-json\/wp\/v2\/types\/post"}],"author":[{"embeddable":true,"href":"https:\/\/www.schiebener.net\/wordpress\/wp-json\/wp\/v2\/users\/17"}],"replies":[{"embeddable":true,"href":"https:\/\/www.schiebener.net\/wordpress\/wp-json\/wp\/v2\/comments?post=35930"}],"version-history":[{"count":0,"href":"https:\/\/www.schiebener.net\/wordpress\/wp-json\/wp\/v2\/posts\/35930\/revisions"}],"wp:attachment":[{"href":"https:\/\/www.schiebener.net\/wordpress\/wp-json\/wp\/v2\/media?parent=35930"}],"wp:term":[{"taxonomy":"category","embeddable":true,"href":"https:\/\/www.schiebener.net\/wordpress\/wp-json\/wp\/v2\/categories?post=35930"},{"taxonomy":"post_tag","embeddable":true,"href":"https:\/\/www.schiebener.net\/wordpress\/wp-json\/wp\/v2\/tags?post=35930"}],"curies":[{"name":"wp","href":"https:\/\/api.w.org\/{rel}","templated":true}]}}