{"id":359,"date":"2008-09-27T20:01:19","date_gmt":"2008-09-27T19:01:19","guid":{"rendered":"http:\/\/www.schiebener.net\/wordpress\/?p=359"},"modified":"2008-09-26T21:03:50","modified_gmt":"2008-09-26T20:03:50","slug":"359","status":"publish","type":"post","link":"https:\/\/www.schiebener.net\/wordpress\/359\/","title":{"rendered":"Unsere Eliten :-("},"content":{"rendered":"<p>Die Katastrophen in der sogenannten &#8222;Finanzwelt&#8220; werde aller Wahrscheinlichkeit nach zu gr\u00f6\u00dferen Ersch\u00fctterungen, auch in Deutschland, f\u00fchren als die meinungsbildenden Politiker und Medien zur Zeit &#8222;herauslassen&#8220;. Albrecht M\u00fcller richtet sein Augenmerk  insbesondere auf unsere &#8222;Eliten&#8220; und <a href=\"http:\/\/www.nachdenkseiten.de\/?p=3478\" target=\"_blank\">meint auf seinen NachDenkSeiten:<\/a><\/p>\n<p><a href=\"http:\/\/www.nachdenkseiten.de\/?p=3478\" target=\"_blank\"><\/a>&#8222;Deutschlands ma\u00dfgebliche politische und wirtschaftliche \u00e2\u20ac\u017eEliten\u00e2\u20ac\u0153 sind mit der Finanzindustrie verfilzt&#8220;<\/p>\n<p>\u00dcber meinen Lieblingsfiesling Hartmut Mehdorn und sein Bahnprivatisierungsprojekt in den Zeiten der Krise <a href=\"http:\/\/www.sueddeutsche.de\/wirtschaft\/911\/311831\/text\/\" target=\"_blank\">berichtet die S\u00fcddeutsche Zeitung.<\/a><\/p>\n","protected":false},"excerpt":{"rendered":"<p>Die Katastrophen in der sogenannten &#8222;Finanzwelt&#8220; werde aller Wahrscheinlichkeit nach zu gr\u00f6\u00dferen Ersch\u00fctterungen, auch in Deutschland, f\u00fchren als die meinungsbildenden Politiker und Medien zur Zeit &#8222;herauslassen&#8220;. Albrecht M\u00fcller richtet sein &hellip; <a href=\"https:\/\/www.schiebener.net\/wordpress\/359\/\" class=\"more-link\"><span class=\"screen-reader-text\">\u201eUnsere Eliten :-(\u201c <\/span>weiterlesen<\/a><\/p>\n","protected":false},"author":3,"featured_media":0,"comment_status":"open","ping_status":"open","sticky":false,"template":"","format":"standard","meta":{"footnotes":""},"categories":[1,24],"tags":[117,136,135,101],"class_list":["post-359","post","type-post","status-publish","format-standard","hentry","category-allgemein","category-politik","tag-eliten","tag-finanzkrise","tag-mehdorn","tag-nachdenkseiten"],"_links":{"self":[{"href":"https:\/\/www.schiebener.net\/wordpress\/wp-json\/wp\/v2\/posts\/359","targetHints":{"allow":["GET"]}}],"collection":[{"href":"https:\/\/www.schiebener.net\/wordpress\/wp-json\/wp\/v2\/posts"}],"about":[{"href":"https:\/\/www.schiebener.net\/wordpress\/wp-json\/wp\/v2\/types\/post"}],"author":[{"embeddable":true,"href":"https:\/\/www.schiebener.net\/wordpress\/wp-json\/wp\/v2\/users\/3"}],"replies":[{"embeddable":true,"href":"https:\/\/www.schiebener.net\/wordpress\/wp-json\/wp\/v2\/comments?post=359"}],"version-history":[{"count":0,"href":"https:\/\/www.schiebener.net\/wordpress\/wp-json\/wp\/v2\/posts\/359\/revisions"}],"wp:attachment":[{"href":"https:\/\/www.schiebener.net\/wordpress\/wp-json\/wp\/v2\/media?parent=359"}],"wp:term":[{"taxonomy":"category","embeddable":true,"href":"https:\/\/www.schiebener.net\/wordpress\/wp-json\/wp\/v2\/categories?post=359"},{"taxonomy":"post_tag","embeddable":true,"href":"https:\/\/www.schiebener.net\/wordpress\/wp-json\/wp\/v2\/tags?post=359"}],"curies":[{"name":"wp","href":"https:\/\/api.w.org\/{rel}","templated":true}]}}