{"id":35782,"date":"2016-07-16T23:41:18","date_gmt":"2016-07-16T22:41:18","guid":{"rendered":"http:\/\/www.schiebener.net\/wordpress\/?p=35782"},"modified":"2016-07-16T23:42:45","modified_gmt":"2016-07-16T22:42:45","slug":"otto-im-the-viper-was-in-hallenberg-cool-in-kurzen-saetzen-mit-acht-bildern","status":"publish","type":"post","link":"https:\/\/www.schiebener.net\/wordpress\/otto-im-the-viper-was-in-hallenberg-cool-in-kurzen-saetzen-mit-acht-bildern\/","title":{"rendered":"Otto -&#8222;I&#8217;m the Viper&#8220;- was in Hallenberg &#8230; cool. In kurzen S\u00e4tzen mit acht Bildern."},"content":{"rendered":"<p><figure id=\"attachment_35784\" aria-describedby=\"caption-attachment-35784\" style=\"width: 700px\" class=\"wp-caption aligncenter\"><img loading=\"lazy\" decoding=\"async\" class=\"size-full wp-image-35784\" src=\"http:\/\/www.schiebener.net\/wordpress\/wp-content\/uploads\/2016\/07\/lt_Otto2016071601.jpg\" alt=\"B\u00fcrgermeister Michael Kronauge erinnert sich an seine erste Otto-Schallplatte. (fotos: zoom)\" width=\"700\" height=\"513\" srcset=\"https:\/\/www.schiebener.net\/wordpress\/wp-content\/uploads\/2016\/07\/lt_Otto2016071601.jpg 700w, https:\/\/www.schiebener.net\/wordpress\/wp-content\/uploads\/2016\/07\/lt_Otto2016071601-300x220.jpg 300w\" sizes=\"auto, (max-width: 709px) 85vw, (max-width: 909px) 67vw, (max-width: 984px) 61vw, (max-width: 1362px) 45vw, 600px\" \/><figcaption id=\"caption-attachment-35784\" class=\"wp-caption-text\">B\u00fcrgermeister Michael Kronauge erinnert sich an seine erste Otto-Schallplatte. (fotos: zoom)<\/figcaption><\/figure><strong>Hallenberg: \u201e<a href=\"http:\/\/www.schiebener.net\/wordpress\/hallenberg-otto-die-ausstellung-im-kump-wird-von-otto-waalkes-persoenlich-am-16-juli-um-17-uhr-eroeffnet\/\" target=\"_blank\">Otto \u2013 Die Ausstellung<\/a>\u201c im Kump wurde heute von Otto Waalkes pers\u00f6nlich um 17 Uhr er\u00f6ffnet.<\/strong><\/p>\n<p>Vor drei Jahren hatte der Hallenberger B\u00fcrgermeister Michael Kronauge den Galeristen Walentowski, der die Ausstellungen von Otto kuratiert, zuf\u00e4llig im Urlaub auf Sylt kennengelernt. Brechend voll sei die Otto Waalkes Ausstellung dort auf der Insel gewesen. <\/p>\n<p>Ob man nicht auch einmal im Hallenberger Kump &#8230;?<\/p>\n<figure id=\"attachment_35785\" aria-describedby=\"caption-attachment-35785\" style=\"width: 700px\" class=\"wp-caption aligncenter\"><img loading=\"lazy\" decoding=\"async\" class=\"size-full wp-image-35785\" src=\"http:\/\/www.schiebener.net\/wordpress\/wp-content\/uploads\/2016\/07\/lt_Otto2016071606.jpg\" alt=\"Wo ist Otto? Der Kump platzte heute aus allen N\u00e4hten.\" width=\"700\" height=\"501\" srcset=\"https:\/\/www.schiebener.net\/wordpress\/wp-content\/uploads\/2016\/07\/lt_Otto2016071606.jpg 700w, https:\/\/www.schiebener.net\/wordpress\/wp-content\/uploads\/2016\/07\/lt_Otto2016071606-300x215.jpg 300w\" sizes=\"auto, (max-width: 709px) 85vw, (max-width: 909px) 67vw, (max-width: 984px) 61vw, (max-width: 1362px) 45vw, 600px\" \/><figcaption id=\"caption-attachment-35785\" class=\"wp-caption-text\">Wo ist Otto? Der Kump platzte heute aus allen N\u00e4hten.<\/figcaption><\/figure>\n<p>Drei Jahre sp\u00e4ter. Der Hallenberger Kump platzt aus allen N\u00e4hten. Mehr als 500 Besucherinnen dr\u00e4ngeln sich um die &#8222;Kultur-Location&#8220;. Nicht alle auf einmal. Um 17 Uhr zuerst die geladenen G\u00e4ste und ab 17.45 nach und nach die vielen Otto-Fans, die drau\u00dfen an den Sperrgittern ausgeharrt hatten.<\/p>\n<figure id=\"attachment_35786\" aria-describedby=\"caption-attachment-35786\" style=\"width: 700px\" class=\"wp-caption aligncenter\"><img loading=\"lazy\" decoding=\"async\" class=\"size-full wp-image-35786\" src=\"http:\/\/www.schiebener.net\/wordpress\/wp-content\/uploads\/2016\/07\/lt_Otto2016071607.jpg\" alt=\"Medienauftrieb. Otto erkl\u00e4rt sein Werk.\" width=\"700\" height=\"389\" srcset=\"https:\/\/www.schiebener.net\/wordpress\/wp-content\/uploads\/2016\/07\/lt_Otto2016071607.jpg 700w, https:\/\/www.schiebener.net\/wordpress\/wp-content\/uploads\/2016\/07\/lt_Otto2016071607-300x167.jpg 300w\" sizes=\"auto, (max-width: 709px) 85vw, (max-width: 909px) 67vw, (max-width: 984px) 61vw, (max-width: 1362px) 45vw, 600px\" \/><figcaption id=\"caption-attachment-35786\" class=\"wp-caption-text\">Medienauftrieb. Otto erkl\u00e4rt sein Werk.<\/figcaption><\/figure>\n<p>Fernsehen, Print und Blogger &#8211; der Medienandrang war enorm. Am Montag wird die WDR-Lokalzeit einen Bericht bringen. Otto erkl\u00e4rt Werk und Einfl\u00fcsse. Immerhin habe er an der Kunsthochschule in Hamburg studiert und parallel zum Studium das Bl\u00f6deln begonnen.<\/p>\n<figure id=\"attachment_35787\" aria-describedby=\"caption-attachment-35787\" style=\"width: 700px\" class=\"wp-caption aligncenter\"><img loading=\"lazy\" decoding=\"async\" class=\"size-full wp-image-35787\" src=\"http:\/\/www.schiebener.net\/wordpress\/wp-content\/uploads\/2016\/07\/lt_Otto2016071608.jpg\" alt=\"Selfies und mehr. Otto handhabte die Medien-Anspr\u00fcche souver\u00e4n.\" width=\"700\" height=\"662\" srcset=\"https:\/\/www.schiebener.net\/wordpress\/wp-content\/uploads\/2016\/07\/lt_Otto2016071608.jpg 700w, https:\/\/www.schiebener.net\/wordpress\/wp-content\/uploads\/2016\/07\/lt_Otto2016071608-300x284.jpg 300w\" sizes=\"auto, (max-width: 709px) 85vw, (max-width: 909px) 67vw, (max-width: 984px) 61vw, (max-width: 1362px) 45vw, 600px\" \/><figcaption id=\"caption-attachment-35787\" class=\"wp-caption-text\">Selfies und mehr. Otto handhabte die Medien-Anspr\u00fcche souver\u00e4n.<\/figcaption><\/figure>\n<p>Selfies, Autogrammw\u00fcnsche, Fotos f\u00fcrs Familienalbum &#8211; ich habe selten eine so lockeren Medienprofi wie Otto Waalkes heute im Kump gesehen.<\/p>\n<figure id=\"attachment_35794\" aria-describedby=\"caption-attachment-35794\" style=\"width: 512px\" class=\"wp-caption aligncenter\"><img loading=\"lazy\" decoding=\"async\" class=\"size-full wp-image-35794\" src=\"http:\/\/www.schiebener.net\/wordpress\/wp-content\/uploads\/2016\/07\/lt_Otto2016071605-1.jpg\" alt=\"Hamburg, meine Liebe ... nun ja ...\" width=\"512\" height=\"630\" srcset=\"https:\/\/www.schiebener.net\/wordpress\/wp-content\/uploads\/2016\/07\/lt_Otto2016071605-1.jpg 512w, https:\/\/www.schiebener.net\/wordpress\/wp-content\/uploads\/2016\/07\/lt_Otto2016071605-1-244x300.jpg 244w\" sizes=\"auto, (max-width: 512px) 85vw, 512px\" \/><figcaption id=\"caption-attachment-35794\" class=\"wp-caption-text\">Hamburg, meine Liebe &#8230; nun ja &#8230;<\/figcaption><\/figure>\n<p>Die Bilder von Otto Waalkes kosten Pi mal Daumen um die 700 Euro. Vor der T\u00fcr parkten auch einige Porsches. Ich g\u00f6nne es Otto und der Galerie.<\/p>\n<figure id=\"attachment_35795\" aria-describedby=\"caption-attachment-35795\" style=\"width: 700px\" class=\"wp-caption aligncenter\"><img loading=\"lazy\" decoding=\"async\" class=\"size-full wp-image-35795\" src=\"http:\/\/www.schiebener.net\/wordpress\/wp-content\/uploads\/2016\/07\/lt_Otto2016071603.jpg\" alt=\"Er hat's einfach drauf ...\" width=\"700\" height=\"653\" srcset=\"https:\/\/www.schiebener.net\/wordpress\/wp-content\/uploads\/2016\/07\/lt_Otto2016071603.jpg 700w, https:\/\/www.schiebener.net\/wordpress\/wp-content\/uploads\/2016\/07\/lt_Otto2016071603-300x280.jpg 300w\" sizes=\"auto, (max-width: 709px) 85vw, (max-width: 909px) 67vw, (max-width: 984px) 61vw, (max-width: 1362px) 45vw, 600px\" \/><figcaption id=\"caption-attachment-35795\" class=\"wp-caption-text\">Er hat&#8217;s einfach drauf &#8230;<\/figcaption><\/figure>\n<p>Wenn ich ein Lieblingsbild vom heutigen Nachmittag habe, dann ist es dieses.<\/p>\n<figure id=\"attachment_35800\" aria-describedby=\"caption-attachment-35800\" style=\"width: 640px\" class=\"wp-caption aligncenter\"><img loading=\"lazy\" decoding=\"async\" class=\"size-full wp-image-35800\" src=\"http:\/\/www.schiebener.net\/wordpress\/wp-content\/uploads\/2016\/07\/lt_Otto2016071602.jpg\" alt=\"Danke sehr aber auch ....\" width=\"640\" height=\"600\" srcset=\"https:\/\/www.schiebener.net\/wordpress\/wp-content\/uploads\/2016\/07\/lt_Otto2016071602.jpg 640w, https:\/\/www.schiebener.net\/wordpress\/wp-content\/uploads\/2016\/07\/lt_Otto2016071602-300x281.jpg 300w\" sizes=\"auto, (max-width: 709px) 85vw, (max-width: 909px) 67vw, (max-width: 984px) 61vw, (max-width: 1362px) 45vw, 600px\" \/><figcaption id=\"caption-attachment-35800\" class=\"wp-caption-text\">Danke sehr aber auch &#8230;.<\/figcaption><\/figure>\n<p>Ohne Worte &#8230;<\/p>\n<figure id=\"attachment_35799\" aria-describedby=\"caption-attachment-35799\" style=\"width: 700px\" class=\"wp-caption aligncenter\"><img loading=\"lazy\" decoding=\"async\" class=\"size-full wp-image-35799\" src=\"http:\/\/www.schiebener.net\/wordpress\/wp-content\/uploads\/2016\/07\/lt_Otto2016071604.jpg\" alt=\"Ostfriese trifft S\u00fcdwestfalen\" width=\"700\" height=\"618\" srcset=\"https:\/\/www.schiebener.net\/wordpress\/wp-content\/uploads\/2016\/07\/lt_Otto2016071604.jpg 700w, https:\/\/www.schiebener.net\/wordpress\/wp-content\/uploads\/2016\/07\/lt_Otto2016071604-300x265.jpg 300w\" sizes=\"auto, (max-width: 709px) 85vw, (max-width: 909px) 67vw, (max-width: 984px) 61vw, (max-width: 1362px) 45vw, 600px\" \/><figcaption id=\"caption-attachment-35799\" class=\"wp-caption-text\">Ostfriese trifft S\u00fcdwestfalen<\/figcaption><\/figure>\n<p>&#8222;Wenn sich jemand wundert, wie ich es schaffe, die gro\u00dfen K\u00fcnstler und Ausstellungen ins kleine Hallenberg zu holen, habe ich eine einfache Antwort: Du musst sie nur fragen. Die meisten kommen dann. So einfach ist das.&#8220; (Michael Kronauge, B\u00fcrgermeister)<\/p>\n<p>Zum Schluss die Aufl\u00f6sung der \u00dcberschrift &#8222;Otto &#8211; I am the Viper&#8220;, \u00fcbrigens meine eigene fr\u00fcheste Erinnerung an die ganze Bl\u00f6delzeit von damals:<\/p>\n<p><iframe loading=\"lazy\" width=\"480\" height=\"360\" src=\"https:\/\/www.youtube.com\/embed\/26iIkQI1A6c?rel=0\" frameborder=\"0\" allowfullscreen><\/iframe><\/p>\n","protected":false},"excerpt":{"rendered":"<p>Hallenberg: \u201eOtto \u2013 Die Ausstellung\u201c im Kump wurde heute von Otto Waalkes pers\u00f6nlich um 17 Uhr er\u00f6ffnet. Vor drei Jahren hatte der Hallenberger B\u00fcrgermeister Michael Kronauge den Galeristen Walentowski, der &hellip; <a href=\"https:\/\/www.schiebener.net\/wordpress\/otto-im-the-viper-was-in-hallenberg-cool-in-kurzen-saetzen-mit-acht-bildern\/\" class=\"more-link\"><span class=\"screen-reader-text\">\u201eOtto -&#8222;I&#8217;m the Viper&#8220;- was in Hallenberg &#8230; cool. In kurzen S\u00e4tzen mit acht Bildern.\u201c <\/span>weiterlesen<\/a><\/p>\n","protected":false},"author":3,"featured_media":0,"comment_status":"open","ping_status":"open","sticky":false,"template":"","format":"standard","meta":{"footnotes":""},"categories":[674,854,80,32],"tags":[5751,6316],"class_list":["post-35782","post","type-post","status-publish","format-standard","hentry","category-kultur","category-kunst","category-lokales","category-medien","tag-kump-hallenberg","tag-otto-waalkes"],"_links":{"self":[{"href":"https:\/\/www.schiebener.net\/wordpress\/wp-json\/wp\/v2\/posts\/35782","targetHints":{"allow":["GET"]}}],"collection":[{"href":"https:\/\/www.schiebener.net\/wordpress\/wp-json\/wp\/v2\/posts"}],"about":[{"href":"https:\/\/www.schiebener.net\/wordpress\/wp-json\/wp\/v2\/types\/post"}],"author":[{"embeddable":true,"href":"https:\/\/www.schiebener.net\/wordpress\/wp-json\/wp\/v2\/users\/3"}],"replies":[{"embeddable":true,"href":"https:\/\/www.schiebener.net\/wordpress\/wp-json\/wp\/v2\/comments?post=35782"}],"version-history":[{"count":0,"href":"https:\/\/www.schiebener.net\/wordpress\/wp-json\/wp\/v2\/posts\/35782\/revisions"}],"wp:attachment":[{"href":"https:\/\/www.schiebener.net\/wordpress\/wp-json\/wp\/v2\/media?parent=35782"}],"wp:term":[{"taxonomy":"category","embeddable":true,"href":"https:\/\/www.schiebener.net\/wordpress\/wp-json\/wp\/v2\/categories?post=35782"},{"taxonomy":"post_tag","embeddable":true,"href":"https:\/\/www.schiebener.net\/wordpress\/wp-json\/wp\/v2\/tags?post=35782"}],"curies":[{"name":"wp","href":"https:\/\/api.w.org\/{rel}","templated":true}]}}