{"id":35598,"date":"2016-06-07T21:56:43","date_gmt":"2016-06-07T20:56:43","guid":{"rendered":"http:\/\/www.schiebener.net\/wordpress\/?p=35598"},"modified":"2016-06-08T06:20:53","modified_gmt":"2016-06-08T05:20:53","slug":"offener-brief-eines-siedlinghaeuser-unternehmers-zur-geplanten-schliessung-der-verbundschule-an-buergermeister-und-rat","status":"publish","type":"post","link":"https:\/\/www.schiebener.net\/wordpress\/offener-brief-eines-siedlinghaeuser-unternehmers-zur-geplanten-schliessung-der-verbundschule-an-buergermeister-und-rat\/","title":{"rendered":"Offener Brief eines Siedlingh\u00e4user Unternehmers zur geplanten Schlie\u00dfung der Verbundschule an B\u00fcrgermeister und Rat."},"content":{"rendered":"<p><figure id=\"attachment_35599\" aria-describedby=\"caption-attachment-35599\" style=\"width: 757px\" class=\"wp-caption aligncenter\"><a href=\"https:\/\/www.facebook.com\/photo.php?fbid=10204799268380973&amp;set=a.1449802904502.52665.1816112101&amp;type=3\" target=\"_blank\"><img loading=\"lazy\" decoding=\"async\" class=\"size-full wp-image-35599\" src=\"http:\/\/www.schiebener.net\/wordpress\/wp-content\/uploads\/2016\/06\/OffenerBriefKraeling20160606.jpg\" alt=\"Der offene Brief von Frank Kr\u00e4ling trifft den Nerv vieler Siedlingh\u00e4user B\u00fcrgerinnen und B\u00fcrger. (Quelle: facebook [1])\" width=\"757\" height=\"960\" srcset=\"https:\/\/www.schiebener.net\/wordpress\/wp-content\/uploads\/2016\/06\/OffenerBriefKraeling20160606.jpg 757w, https:\/\/www.schiebener.net\/wordpress\/wp-content\/uploads\/2016\/06\/OffenerBriefKraeling20160606-237x300.jpg 237w\" sizes=\"auto, (max-width: 709px) 85vw, (max-width: 909px) 67vw, (max-width: 984px) 61vw, (max-width: 1362px) 45vw, 600px\" \/><\/a><figcaption id=\"caption-attachment-35599\" class=\"wp-caption-text\">Der offene Brief von Frank Kr\u00e4ling trifft den Nerv vieler Siedlingh\u00e4user B\u00fcrgerinnen und B\u00fcrger. (Quelle: facebook [1])<\/figcaption><\/figure><strong>Die geplanten <a href=\"http:\/\/www.schiebener.net\/wordpress\/auf-der-kippe-wir-waeren-gut-anstatt-so-roh-doch-die-verhaeltnisse-sie-sind-nicht-so\/\" target=\"_blank\">Schulschlie\u00dfungen in Hallenberg, Medebach und Siedlinghausen<\/a>[2] f\u00fchren in Siedlinghausen zu heftigen Diskussionen. Bef\u00fcrchtet wird, dass Siedlinghausen, ein Ort mit einer guten Infrastruktur, &#8222;kaputt gemacht&#8220; werden k\u00f6nnte.<\/strong><\/p>\n<p>Dazu muss man wissen, dass es es hier im Ort -ja ich wohne hier und bin befangen- eine f\u00fcr das Hochsauerland fast einmalige Infrastruktur gibt: Freibad, Hallenbad, Grundschule, Verbundschule, Tennispl\u00e4tze &#8211; alles kompakt im Ortskern, dazu vielf\u00e4ltige heimische Gesch\u00e4fte in unmittelbarer N\u00e4he.<\/p>\n<p>Wer hier wohnt, den hat das Gl\u00fcck gek\u00fcsst. Das ist kein Euphemismus, denn, wenn ich mir auf der anderen Seite Winterberg anschaue, sehe ich: Freibad abgerissen, altes Bahnhofsgeb\u00e4ude abgerissen, Eissporthalle abgerissen.<\/p>\n<p>Das letzte verbliebene Freibad Winterbergs liegt in Siedlinghausen. Die Stadt Winterberg hat sich aus dem Gesch\u00e4ft weitgehend zur\u00fcckgezogen und das Bad einem Verein \u00fcbertragen. Privatisiert.<\/p>\n<p>Klar, der Tourismus der Kernstadt strahlt auch auf die Orte aus, aber die Ortsteile bieten den B\u00fcrgerinnen und B\u00fcrgern Arbeits- und Wohnm\u00f6glichkeiten, die Winterberg-Kernstadt nicht unbedingt bereitstellt.<\/p>\n<p>Siedlinghausen will, so habe ich es in Gespr\u00e4chen erfahren, keine Privilegien gegen\u00fcber den anderen Ortsteilen der Stadt Winterberg.<\/p>\n<p>Die Zentralisierung und Konzentration auf die Kernstadt scheint das Programm von B\u00fcrgermeister Werner Eickler. So jedenfalls hat er es auf der Vorstellung des ALDI-Neubaus plus Bahnhofsplanung im Rathaus angedeutet.<\/p>\n<p>Die Gretchenfrage ist: Gibt es angesichts der demografischen Entwicklung eine umsetzbare Alternative zur Schlie\u00dfung des Schulstandorts Siedlinghausen?<\/p>\n<p>&#8212;&#8212;&#8212;&#8212;&#8212;&#8212;&#8212;&#8212;&#8212;&#8212;-<\/p>\n<p><em>[1] <a href=\"https:\/\/www.facebook.com\/photo.php?fbid=10204799268380973&#038;set=a.1449802904502.52665.1816112101&#038;type=3\" target=\"_blank\">https:\/\/www.facebook.com\/photo.php?fbid=10204799268380973&amp;set=a.1449802904502.52665.1816112101&amp;type=3<\/a><\/em><\/p>\n<p>[2] <a href=\"http:\/\/www.schiebener.net\/wordpress\/auf-der-kippe-wir-waeren-gut-anstatt-so-roh-doch-die-verhaeltnisse-sie-sind-nicht-so\/\" target=\"_blank\">http:\/\/www.schiebener.net\/wordpress\/auf-der-kippe-wir-waeren-gut-anstatt-so-roh-doch-die-verhaeltnisse-sie-sind-nicht-so\/<\/a><\/p>\n","protected":false},"excerpt":{"rendered":"<p>Die geplanten Schulschlie\u00dfungen in Hallenberg, Medebach und Siedlinghausen[2] f\u00fchren in Siedlinghausen zu heftigen Diskussionen. Bef\u00fcrchtet wird, dass Siedlinghausen, ein Ort mit einer guten Infrastruktur, &#8222;kaputt gemacht&#8220; werden k\u00f6nnte. Dazu muss &hellip; <a href=\"https:\/\/www.schiebener.net\/wordpress\/offener-brief-eines-siedlinghaeuser-unternehmers-zur-geplanten-schliessung-der-verbundschule-an-buergermeister-und-rat\/\" class=\"more-link\"><span class=\"screen-reader-text\">\u201eOffener Brief eines Siedlingh\u00e4user Unternehmers zur geplanten Schlie\u00dfung der Verbundschule an B\u00fcrgermeister und Rat.\u201c <\/span>weiterlesen<\/a><\/p>\n","protected":false},"author":3,"featured_media":0,"comment_status":"open","ping_status":"open","sticky":false,"template":"","format":"standard","meta":{"footnotes":""},"categories":[3,80,24],"tags":[6250,111],"class_list":["post-35598","post","type-post","status-publish","format-standard","hentry","category-bildung-und-schule","category-lokales","category-politik","tag-schulschliessung","tag-siedlinghausen"],"_links":{"self":[{"href":"https:\/\/www.schiebener.net\/wordpress\/wp-json\/wp\/v2\/posts\/35598","targetHints":{"allow":["GET"]}}],"collection":[{"href":"https:\/\/www.schiebener.net\/wordpress\/wp-json\/wp\/v2\/posts"}],"about":[{"href":"https:\/\/www.schiebener.net\/wordpress\/wp-json\/wp\/v2\/types\/post"}],"author":[{"embeddable":true,"href":"https:\/\/www.schiebener.net\/wordpress\/wp-json\/wp\/v2\/users\/3"}],"replies":[{"embeddable":true,"href":"https:\/\/www.schiebener.net\/wordpress\/wp-json\/wp\/v2\/comments?post=35598"}],"version-history":[{"count":0,"href":"https:\/\/www.schiebener.net\/wordpress\/wp-json\/wp\/v2\/posts\/35598\/revisions"}],"wp:attachment":[{"href":"https:\/\/www.schiebener.net\/wordpress\/wp-json\/wp\/v2\/media?parent=35598"}],"wp:term":[{"taxonomy":"category","embeddable":true,"href":"https:\/\/www.schiebener.net\/wordpress\/wp-json\/wp\/v2\/categories?post=35598"},{"taxonomy":"post_tag","embeddable":true,"href":"https:\/\/www.schiebener.net\/wordpress\/wp-json\/wp\/v2\/tags?post=35598"}],"curies":[{"name":"wp","href":"https:\/\/api.w.org\/{rel}","templated":true}]}}