{"id":35539,"date":"2016-05-30T21:41:50","date_gmt":"2016-05-30T20:41:50","guid":{"rendered":"http:\/\/www.schiebener.net\/wordpress\/?p=35539"},"modified":"2016-05-30T21:41:50","modified_gmt":"2016-05-30T20:41:50","slug":"diskussionsstoff-sauerlaender-spd-wir-brauchen-einen-starken-staat","status":"publish","type":"post","link":"https:\/\/www.schiebener.net\/wordpress\/diskussionsstoff-sauerlaender-spd-wir-brauchen-einen-starken-staat\/","title":{"rendered":"Diskussionsstoff? Sauerl\u00e4nder SPD: Wir brauchen einen starken Staat!"},"content":{"rendered":"<p><img loading=\"lazy\" decoding=\"async\" src=\"http:\/\/www.schiebener.net\/wordpress\/wp-content\/uploads\/2016\/05\/StarkerStaat20160530.jpg\" alt=\"StarkerStaat20160530\" width=\"700\" height=\"363\" class=\"aligncenter size-full wp-image-35542\" srcset=\"https:\/\/www.schiebener.net\/wordpress\/wp-content\/uploads\/2016\/05\/StarkerStaat20160530.jpg 700w, https:\/\/www.schiebener.net\/wordpress\/wp-content\/uploads\/2016\/05\/StarkerStaat20160530-300x156.jpg 300w\" sizes=\"auto, (max-width: 709px) 85vw, (max-width: 909px) 67vw, (max-width: 984px) 61vw, (max-width: 1362px) 45vw, 600px\" \/><strong>Heute habe ich die unten abgedruckte[1] Pressemitteilung(PM) der Sauerl\u00e4nder SPD erhalten. Ich w\u00fcrde mir w\u00fcnschen, dass die LeserInnen des Blogs sich dazu \u00e4u\u00dfern.<\/strong> <\/p>\n<p>Meine eigenen spontanen Gedanken stelle ich voran, halte sie aber nicht f\u00fcr der Weisheit letzten Schluss. <\/p>\n<p>&#8222;Starker Staat!&#8220; &#8211; das h\u00f6rt sich f\u00fcr mich nach Kraftmeierei an. Mir gen\u00fcgt ein funktionsf\u00e4higer Staat. &#8222;Starker Staat&#8220; ist vielleicht ein bisschen Rhetorik Richtung AfD-Sympathisanten. <\/p>\n<p>Ich vermute, dass Funktionen unseres Staates durch &#8222;Verschlankungenen&#8220; nicht mehr optimal funktionieren. Ein f\u00fcrchterliches Beispiel war das <a href=\"http:\/\/www.spiegel.de\/politik\/deutschland\/berlin-in-der-fluechtlingskrise-hauptstadt-des-versagens-a-1065828.html\" target=\"_blank\">Versagen des Berliner LaGeSo<\/a> bei der (Nicht-)Bew\u00e4ltigung der &#8222;Fl\u00fcchtlingskrise&#8220;. <\/p>\n<p>Die in der Pressemeldung angesprochenen Polizei (s.u.) als Teil der Exekutive befindet sich wahrscheinlich wirklich in der Krise. Soweit ich das aus Gespr\u00e4chen mit Polizisten mitbekomme, sind die Wachen unterbesetzt und die KollegInnen unter Stress. Kein guter Zustand. Aber der Staat ist mehr als die Polizei. Wer &#8222;Starker Staat!&#8220; sagt und &#8222;Polizei&#8220; schreibt, springt meiner Meinung nach zu kurz.<\/p>\n<p>Weiterhin vermisse ich in der PM den Zusammenhang von Kriminalit\u00e4t und sozialer Frage. Das m\u00fcsste eigentlich ein Kernanliegen der Sozialdemokratischen Partei sein. Meine (Teil-) These: Eine Erh\u00f6hung der <a href=\"http:\/\/www.deutschlandradiokultur.de\/mehr-soziale-ungleichheit-fuehrt-zu-mehr-gewalt.1008.de.html?dram:article_id=224543\" target=\"_blank\">sozialen Ungleichheit f\u00fchrt zu erh\u00f6hter Kriminalit\u00e4t<\/a>.<\/p>\n<p>Weiterhin h\u00e4tte ich gerne statistische Grundlagen f\u00fcr die Frage, wie sich die Kriminalit\u00e4t im Sauerland entwickelt hat. Ist sie mehr geworden? Oder berichten die Medien aus Gr\u00fcnden nur verst\u00e4rkt \u00fcber Zwischenf\u00e4lle?<\/p>\n<p>Als ich mich k\u00fcrzlich mehrere Tage hintereinander in Meschede aufhielt, dachte ich: Was f\u00fcr ein Unterschied ist doch die subjektiv wahrgenommene Mescheder Wirklichkeit (friedlich) zu dem Bild, welches die Medien von der Stadt an der Ruhr zeichnen (Angstr\u00e4ume).<\/p>\n<p>Soweit mein 5 Cent. Vielleicht f\u00e4llt euch noch mehr und\/oder anderes ein.<\/p>\n<blockquote><p><strong>Sauerl\u00e4nder SPD: Wir brauchen einen starken Staat!<\/strong><\/p>\n<p>Die \u00c4u\u00dferungen anderer Parteien im Hinblick auf die Vorf\u00e4lle in Meschede sto\u00dfen bei der Sauerl\u00e4nder SPD auf Unverst\u00e4ndnis. Fordert die sogenannte Alternativ-Partei doch in ihrem Wahlprogramm massive Steuersenkungen und eine Privatisierung \u00f6ffentlicher Aufgaben. &#8222;Wie man dann aber wichtige und notwendige Aufgaben, insbesondere mehr Personal finanzieren will, dar\u00fcber nur tiefes Schweigen. Sicherheit gibt es aber nicht zum Nulltarif!&#8220; so der Landtagsabgeordnete Gerd St\u00fcttgen (MdL). Dabei trifft die allt\u00e4gliche Kriminalit\u00e4t und insbesondere der Einbruchdiebstahl die Menschen in ihrem Sicherheitsempfinden. &#8222;Unsere Antwort muss darum ein starker Staat sein, der personell gut aufgestellt ist.\u00a0Das ewige Gerede von einem schlanken Staat geh\u00f6rt hoffentlich der Vergangenheit an.&#8220;, so der heimische Bundestagsabgeordnete Dirk Wiese (MdB). Auf Druck der SPD hat der Bund gerade erst die Stellen der Bundespolizei massiv erh\u00f6ht.\u00a0<\/p>\n<p>Aus Sicht der Sauerl\u00e4nder SPD leistet die Polizei im Hochsauerlandkreis eine hervorragende Arbeit. Allerdings weist die SPD daraufhin, dass die Anforderungen, insbesondere die Fahrtzeiten, in einem Fl\u00e4chenkreis andere sind, als in der Gro\u00dfstadt. &#8222;Hier m\u00fcssen wir uns immer wieder daf\u00fcr einsetzen, dass die Pr\u00e4senz in der Fl\u00e4che besteht und bestehen bleibt und sich dies auch im Personalschl\u00fcssel und in der Sachausstattung wiederfindet.&#8220;, so Michael Stechele (Fraktionsvorsitzender der SPD im Rat der Stadt Sundern) und J\u00fcrgen Lipke (Fraktionsvorsitzender der SPD im Rat der Stadt Meschede). Und Gerd St\u00fcttgen erg\u00e4nzt: &#8222;Die heimische CDU vergisst gerne, dass unter schwarz-gelb von 2005-2010 kontinuierlich Personal abgebaut wurde. Erst unter der jetzigen Landesregierung nimmt die Anzahl der Stellen wieder zu. Fakt ist auch, dass im Jahre 2015 1.892 Polizeianw\u00e4rterInnen neu eingestellt wurden. In diesem Jahr werden es 1.920 sein. Beide Male Rekord.&#8220;<\/p><\/blockquote>\n<p>&#8212;&#8212;&#8212;&#8212;&#8212;&#8212;&#8211;<\/p>\n<p><em>[1] &#8222;abgedruckt&#8220; wird im Zeitalter der Digitalisierung immer mehr zur Metapher f\u00fcr das Ver\u00f6ffentlichen &#8222;wie auch immer&#8220;. Ich mag den Ausdruck &#8222;abgedruckt&#8220;, und deswegen verwende ich ihn hier.<br \/>\n<\/em><\/p>\n","protected":false},"excerpt":{"rendered":"<p>Heute habe ich die unten abgedruckte[1] Pressemitteilung(PM) der Sauerl\u00e4nder SPD erhalten. Ich w\u00fcrde mir w\u00fcnschen, dass die LeserInnen des Blogs sich dazu \u00e4u\u00dfern. Meine eigenen spontanen Gedanken stelle ich voran, &hellip; <a href=\"https:\/\/www.schiebener.net\/wordpress\/diskussionsstoff-sauerlaender-spd-wir-brauchen-einen-starken-staat\/\" class=\"more-link\"><span class=\"screen-reader-text\">\u201eDiskussionsstoff? Sauerl\u00e4nder SPD: Wir brauchen einen starken Staat!\u201c <\/span>weiterlesen<\/a><\/p>\n","protected":false},"author":3,"featured_media":0,"comment_status":"open","ping_status":"open","sticky":false,"template":"","format":"standard","meta":{"footnotes":""},"categories":[303,80,32,1043,4761],"tags":[2132,655,1027,6283],"class_list":["post-35539","post","type-post","status-publish","format-standard","hentry","category-in-unserem-briefkasten","category-lokales","category-medien","category-pressemitteilungen","category-soziales","tag-kriminalitat","tag-pressemitteilung","tag-spd-im-hsk","tag-starker-staat"],"_links":{"self":[{"href":"https:\/\/www.schiebener.net\/wordpress\/wp-json\/wp\/v2\/posts\/35539","targetHints":{"allow":["GET"]}}],"collection":[{"href":"https:\/\/www.schiebener.net\/wordpress\/wp-json\/wp\/v2\/posts"}],"about":[{"href":"https:\/\/www.schiebener.net\/wordpress\/wp-json\/wp\/v2\/types\/post"}],"author":[{"embeddable":true,"href":"https:\/\/www.schiebener.net\/wordpress\/wp-json\/wp\/v2\/users\/3"}],"replies":[{"embeddable":true,"href":"https:\/\/www.schiebener.net\/wordpress\/wp-json\/wp\/v2\/comments?post=35539"}],"version-history":[{"count":0,"href":"https:\/\/www.schiebener.net\/wordpress\/wp-json\/wp\/v2\/posts\/35539\/revisions"}],"wp:attachment":[{"href":"https:\/\/www.schiebener.net\/wordpress\/wp-json\/wp\/v2\/media?parent=35539"}],"wp:term":[{"taxonomy":"category","embeddable":true,"href":"https:\/\/www.schiebener.net\/wordpress\/wp-json\/wp\/v2\/categories?post=35539"},{"taxonomy":"post_tag","embeddable":true,"href":"https:\/\/www.schiebener.net\/wordpress\/wp-json\/wp\/v2\/tags?post=35539"}],"curies":[{"name":"wp","href":"https:\/\/api.w.org\/{rel}","templated":true}]}}