{"id":35465,"date":"2016-05-17T13:29:28","date_gmt":"2016-05-17T12:29:28","guid":{"rendered":"http:\/\/www.schiebener.net\/wordpress\/?p=35465"},"modified":"2016-05-18T22:20:26","modified_gmt":"2016-05-18T21:20:26","slug":"umleitung-vom-klimawandel-ueber-den-glauben-zur-geschichte-snowden-archiv-stoererhaftung-rechte-talkshowgaeste-und-mehr","status":"publish","type":"post","link":"https:\/\/www.schiebener.net\/wordpress\/umleitung-vom-klimawandel-ueber-den-glauben-zur-geschichte-snowden-archiv-stoererhaftung-rechte-talkshowgaeste-und-mehr\/","title":{"rendered":"Umleitung:  vom Klimawandel \u00fcber den Glauben zur Geschichte. Snowden-Archiv, St\u00f6rerhaftung, rechte Talkshowg\u00e4ste und mehr."},"content":{"rendered":"<figure id=\"attachment_35466\" aria-describedby=\"caption-attachment-35466\" style=\"width: 700px\" class=\"wp-caption aligncenter\"><img loading=\"lazy\" decoding=\"async\" class=\"size-full wp-image-35466\" src=\"http:\/\/www.schiebener.net\/wordpress\/wp-content\/uploads\/2016\/05\/BobbahnImbiss20160516.jpg\" alt=\"Stehpl\u00e4tze frei: Bobbahn Offseason (foto: zoom)\" width=\"700\" height=\"520\" srcset=\"https:\/\/www.schiebener.net\/wordpress\/wp-content\/uploads\/2016\/05\/BobbahnImbiss20160516.jpg 700w, https:\/\/www.schiebener.net\/wordpress\/wp-content\/uploads\/2016\/05\/BobbahnImbiss20160516-300x223.jpg 300w\" sizes=\"auto, (max-width: 709px) 85vw, (max-width: 909px) 67vw, (max-width: 984px) 61vw, (max-width: 1362px) 45vw, 600px\" \/><figcaption id=\"caption-attachment-35466\" class=\"wp-caption-text\">Stehpl\u00e4tze frei: Bobbahn Offseason (foto: zoom)<\/figcaption><\/figure>\n<p><strong>Climate change:<\/strong> April breaks global temperature record, marking seven months of new highs &#8230; <a href=\"http:\/\/www.theguardian.com\/environment\/2016\/may\/16\/april-third-month-in-row-to-break-global-temperature-records\" target=\"_blank\">guardian<\/a><\/p>\n<p><strong>Michael Blume in Natur des Glaubens:<\/strong> Deutsch, atheistisch, t\u00fcrkeist\u00e4mmig \u2013 Web-Interview mit Cem Erkisi &#8230; <a href=\"http:\/\/www.scilogs.de\/natur-des-glaubens\/deutsch-web-interview-cem-erkisi\/\" target=\"_blank\">scilogs<\/a><\/p>\n<p><strong>Die langsame R\u00fcckkehr des Diktators:<\/strong> Porfirio D\u00edaz ist ein B\u00f6sewicht der Geschichte,[2] dessen Erscheinungsbild in der Gegenwart \u00e4u\u00dferst erfolgreich rehabilitiert wurde. D\u00edaz war ein Diktator &#8230; <a href=\"http:\/\/public-history-weekly.oldenbourg-verlag.de\/4-2016-17\/dictators-slow-return-porfirio-diaz\/\" target=\"_blank\">publicHistory<\/a><\/p>\n<p><strong>Erinnerungskultur, Geschichtswissenschaft:<\/strong> Erinnerung und Verdr\u00e4ngung zugleich &#8230; <a href=\"http:\/\/geist.hypotheses.org\/191\" target=\"_blank\">Geschichte ist<\/a><\/p>\n<p><strong>Masterarbeit von Charlotte Jahnz, Kapitel I, Einleitung:<\/strong> Ich hatte ja etwas versprochen und da ich in nicht allzu ferner Zukunft mit Moritz zur MA podcasten werde, gibt es heute schon mal die Einleitung (bei der die Quelle mir einen wunderbaren Scherz erlaubte) &#8230; <a href=\"http:\/\/charlottejahnz.de\/?p=366\" target=\"_blank\">CharlotteJahnz<\/a><\/p>\n<p><strong>Ethische S\u00e4uberung:<\/strong> Dass eine deutsche Staatsb\u00fcrgerin mit kurdischem Migrationshintergrund dem Landtag von Baden-W\u00fcrttemberg als Pr\u00e4sidentin vorsteht, nennt die AfD-Abgeordnete Christina Baum einen Beweis f\u00fcr die Islamisierung des Abendlandes und den Genozid am deutschen Volk &#8230; <a href=\"https:\/\/zynaesthesie.wordpress.com\/2016\/05\/15\/ethische-saeuberung\/\" target=\"_blank\">zynaesthesie<\/a><\/p>\n<p><strong>NSA-Skandal:<\/strong> &#8222;The Intercept&#8220; \u00f6ffnet das Snowden-Archiv &#8230; <a href=\"http:\/\/www.zeit.de\/digital\/2016-05\/nsa-skandal-the-intercept-snowden-archiv-dokumente\" target=\"_blank\">zeit<\/a><\/p>\n<p><strong>Interview zu St\u00f6rerhaftung und Abmahnungen:<\/strong> \u201eWir haben ein Problem mit der Anwendung des Gesetzes durch unsere Gerichte\u201c &#8230; <a href=\"https:\/\/netzpolitik.org\/2016\/interview-zu-stoererhaftung-und-abmahnungen-wir-haben-ein-problem-mit-der-anwendung-des-gesetzes-durch-unsere-gerichte\/\" target=\"_blank\">netzpolitik<\/a><\/p>\n<p><strong>Rechte Talkshowg\u00e4ste:<\/strong> Wie Pyromanen in der Streichholzfabrik &#8230; <a href=\"http:\/\/www.spiegel.de\/kultur\/gesellschaft\/talkshows-in-ard-und-zdf-wie-ein-pyromane-in-der-streichholzfabrik-a-1092336.html\" target=\"_blank\">spiegel<\/a><\/p>\n<p><strong>Werbung hinterr\u00fccks?<\/strong> \u2013 Och n\u00f6 &#8230; <a href=\"http:\/\/www.revierpassagen.de\/36099\/werbung-hinterruecks-och-noe\/20160516_1733\" target=\"_blank\">revierpassagen<\/a><\/p>\n<p><strong>Dinslakens Menschen:<\/strong> bewegte in der 19. Woche 2016: Schatzkammer-Bau, Stadthalle, Bauzaun, WLAN gestartet, Asphalt am Sonntag, Lohberg100, Mein Tipp, R\u00fcckblick &#8230; <a href=\"http:\/\/andreashaab-fotografie.blogspot.de\/2016\/05\/dinslakens-menschen-bewegte-in-der-19.html\" target=\"_blank\">andreashaab<\/a><\/p>\n<p><strong>63. Volksradfahren in M\u00fclheim an der Ruhr:<\/strong> eine Collage aus Bildern der 25km-Tour beim 63. Volksradfahren in M\u00fclheim an der Ruhr zu Christi Himmelfahrt 2016 &#8230; <a href=\"http:\/\/www.wahlheimat.ruhr\/2016\/05\/11\/63-volksradfahren-in-muelheim-an-der-ruhr\/\" target=\"_blank\">wahlheimat.ruhr<\/a><\/p>\n<p><strong>Filmfestival zur Zukunft der Arbeit im Dortmunder U:<\/strong> Zur Er\u00f6ffnung kommt Bundesministerin Andrea Nahles &#8230; <a href=\"http:\/\/nordstadtblogger.de\/47439\" target=\"_blank\">nordstadtblogger<\/a><\/p>\n<p><strong>Spannender Vortrag zu Hagens Nachkriegsgeschichte:<\/strong> Warum gab es viele alte Nazi-Seilschaften in Hagen nach dem Krieg? Eine der spannenden Fragen, die am Mittwoch in einer Diskussion zur Nachkriegszeit in Hagen beleuchtet werden &#8230; <a href=\"https:\/\/doppelwacholder.wordpress.com\/2016\/05\/17\/spannender-vortrag-zu-hagens-nachkriegsgeschichte\/\" target=\"_blank\">doppelwacholder<\/a><\/p>\n<p><strong>Rechtsruck auch in der HSK-CDU?<\/strong> Was f\u00fcr die SPD der \u201cSeeheimer Kreis\u201d, ist f\u00fcr die CDU\/CSU der \u201cBerliner Kreis\u201d. Aus beiden (noch) gro\u00dfen Bundestagsfraktionen haben sich jeweils als konservativ bekennende Abgeordnete zu solch einem \u201cKreis\u201d zusammengeschlossen &#8230; <a href=\"http:\/\/sbl-fraktion.de\/?p=6658\" target=\"_blank\">sbl<\/a><\/p>\n<p><strong>Siedlinghausen &#8211; &#8222;Schlie\u00dfung ohne Not&#8220;:<\/strong> Offener Brief von ehemaligen Lehrerinnen und Lehrern zur bef\u00fcrchteten Schulschlie\u00dfung &#8230; <a href=\"http:\/\/www.derwesten.de\/staedte\/nachrichten-aus-brilon-marsberg-und-olsberg\/schliessung-ohne-not-aimp-id11825750.html\" target=\"_blank\">derwesten<\/a><\/p>\n","protected":false},"excerpt":{"rendered":"<p>Climate change: April breaks global temperature record, marking seven months of new highs &#8230; guardian Michael Blume in Natur des Glaubens: Deutsch, atheistisch, t\u00fcrkeist\u00e4mmig \u2013 Web-Interview mit Cem Erkisi &#8230; &hellip; <a href=\"https:\/\/www.schiebener.net\/wordpress\/umleitung-vom-klimawandel-ueber-den-glauben-zur-geschichte-snowden-archiv-stoererhaftung-rechte-talkshowgaeste-und-mehr\/\" class=\"more-link\"><span class=\"screen-reader-text\">\u201eUmleitung:  vom Klimawandel \u00fcber den Glauben zur Geschichte. Snowden-Archiv, St\u00f6rerhaftung, rechte Talkshowg\u00e4ste und mehr.\u201c <\/span>weiterlesen<\/a><\/p>\n","protected":false},"author":3,"featured_media":0,"comment_status":"open","ping_status":"open","sticky":false,"template":"","format":"standard","meta":{"footnotes":""},"categories":[3,1732,319,674,854,80,32,24,2729,49,2782,379],"tags":[58,4039,4352,1982,4472,6274,3782,6275],"class_list":["post-35465","post","type-post","status-publish","format-standard","hentry","category-bildung-und-schule","category-freizeit","category-geschichte","category-kultur","category-kunst","category-lokales","category-medien","category-politik","category-reisen","category-religion","category-satire","category-umleitung","tag-atheismus","tag-cdu-hsk","tag-edward-snowden","tag-klimawandel","tag-nsa","tag-porfirio-diaz","tag-radfahren","tag-verbundschule-siedlinghausen"],"_links":{"self":[{"href":"https:\/\/www.schiebener.net\/wordpress\/wp-json\/wp\/v2\/posts\/35465","targetHints":{"allow":["GET"]}}],"collection":[{"href":"https:\/\/www.schiebener.net\/wordpress\/wp-json\/wp\/v2\/posts"}],"about":[{"href":"https:\/\/www.schiebener.net\/wordpress\/wp-json\/wp\/v2\/types\/post"}],"author":[{"embeddable":true,"href":"https:\/\/www.schiebener.net\/wordpress\/wp-json\/wp\/v2\/users\/3"}],"replies":[{"embeddable":true,"href":"https:\/\/www.schiebener.net\/wordpress\/wp-json\/wp\/v2\/comments?post=35465"}],"version-history":[{"count":0,"href":"https:\/\/www.schiebener.net\/wordpress\/wp-json\/wp\/v2\/posts\/35465\/revisions"}],"wp:attachment":[{"href":"https:\/\/www.schiebener.net\/wordpress\/wp-json\/wp\/v2\/media?parent=35465"}],"wp:term":[{"taxonomy":"category","embeddable":true,"href":"https:\/\/www.schiebener.net\/wordpress\/wp-json\/wp\/v2\/categories?post=35465"},{"taxonomy":"post_tag","embeddable":true,"href":"https:\/\/www.schiebener.net\/wordpress\/wp-json\/wp\/v2\/tags?post=35465"}],"curies":[{"name":"wp","href":"https:\/\/api.w.org\/{rel}","templated":true}]}}