{"id":35408,"date":"2016-05-11T21:26:06","date_gmt":"2016-05-11T20:26:06","guid":{"rendered":"http:\/\/www.schiebener.net\/wordpress\/?p=35408"},"modified":"2016-05-11T21:26:06","modified_gmt":"2016-05-11T20:26:06","slug":"tausende-tote-durch-massentierhaltung-wp-leser-macht-sich-sorgen-um-die-menschen-in-schederberge","status":"publish","type":"post","link":"https:\/\/www.schiebener.net\/wordpress\/tausende-tote-durch-massentierhaltung-wp-leser-macht-sich-sorgen-um-die-menschen-in-schederberge\/","title":{"rendered":"Tausende Tote durch Massentierhaltung?  WP-Leser macht sich Sorgen um die Menschen in Schederberge"},"content":{"rendered":"<p><strong>Auch aufgrund einer Leserzuschrift, die am 11. April 2016 in der WP\/WR ver\u00f6ffentlicht worden ist, griff die Kreistagsfraktion Sauerl\u00e4nder B\u00fcrgerliste (SBL\/FW) das Thema \u201ePutenmast\u201c zum X-ten Mal wieder auf. <\/strong><\/p>\n<p><em>(Der Artikel ist zuerst <a href=\"http:\/\/sbl-fraktion.de\/?p=6653\" target=\"_blank\">auf der Website der Sauerl\u00e4nder B\u00fcrgerliste<\/a> erschienen.)<\/em><\/p>\n<p>Der Verfasser des Leserbriefs, ein Arzt aus Meschede, ist der Auffassung, dass die Inbetriebnahme der Putenmast-Anlage in Schederberge verhindert werden muss. Sein Argument: \u201eEuropaweit gibt es j\u00e4hrlich 25.000 Tote durch antibiotikaresistente Bakterien wie MRSA und ESBL\u201c.<\/p>\n<p><strong>Europa-Parlamentarier kritisiert Massentierhaltung<\/strong><br \/>\nDer Leserbriefschreiber bezieht sich u.a. auf eine Forderung des Europa-Parlamentariers Dr. Liese, der offenbar einen Beitrag der Landwirtschaft gegen die Ausbreitung dieser Keime angemahnt hat, und erkl\u00e4rt mit Verweis auf das Bundesgesundheitsblatt 59, S. 113 \u2013 123 von 2016, die Rolle der Massentierhaltung bei der \u00dcbertragung von Tieren auf Menschen sei bewiesen. Die nasale Besiedlung von MRSA bei Landwirten betrage bis zu 86 Prozent. \u00dcber die H\u00e4lfte des Gefl\u00fcgels auf der Ladentheke sei belastet, Luft und B\u00f6den in einem Radius von mehr als 100 Metern kontaminiert. Das bedeute, dass die Bewohner von Schederberge einer latenten Gesundheitsgefahr ausgesetzt w\u00fcrden.<\/p>\n<p><strong>Besorgniserregende Infos im Internet<\/strong><br \/>\nEin Suchlauf der Kreistagsfraktion Sauerl\u00e4nder B\u00fcrgerliste (SBL\/FW) im Internet bzgl. Massentierhaltung und MRSA etc. ergab eine Reihe von \u00e4u\u00dferst besorgniserregenden Informationen, die allesamt die Aussagen des Leserbriefschreibers best\u00e4tigen. Eine Zusammenstellung hat die SBL\/FW folgenden Fragen, die sie mit Schreiben vom 10.05.2016 an den Landrat richtete beigef\u00fcgt.<\/p>\n<p><strong>Fragen der SBL\/FW:<\/strong><\/p>\n<ul>\n<li>Welche neuen Erkenntnisse hat das Gesundheitsamt zu den Gefahren, die durch die Ausbreitung von MRSA- und anderen multiresistenten Keimen in unmittelbarer und in mittelbarer M\u00e4he von Wohngebieten auftreten?<\/li>\n<li>Sind Sie wie Dr. Peter Liese, wie der Leserbriefverfasser und wie viele andere B\u00fcrgerinnen und B\u00fcrger der Meinung, dass die weitere Ausbreitung antibiotikaresistenter Bakterien verhindert werden muss?<\/li>\n<li>Wenn Ja: Welche Ma\u00dfnahmen zum Schutz von Menschen, Tieren und Umwelt vor multiresistenten Keimen ziehen Sie in Erw\u00e4gung?. Wann und wie sollen sie ggf. umgesetzt werden?<\/li>\n<\/ul>\n<p>Zusammenstellung einiger Infos aus dem Internet (f\u00fcr alle die einen guten Schlaf haben):<br \/>\nPutenmast und MRSA etc.<\/p>\n<p>Siehe: <a href=\"https:\/\/www.rki.de\/DE\/Content\/Infekt\/Antibiotikaresistenz\/LA_MRSA_und_ESBL.html\" target=\"_blank\">https:\/\/www.rki.de\/DE\/Content\/Infekt\/Antibiotikaresistenz\/LA_MRSA_und_ESBL.html<\/a><\/p>\n<p>Siehe: <a href=\"http:\/\/schrotundkorn.de\/ernaehrung\/lesen\/antibiotika-gefahr-aus-dem-stall.html\" target=\"_blank\">http:\/\/schrotundkorn.de\/ernaehrung\/lesen\/antibiotika-gefahr-aus-dem-stall.html<\/a><br \/>\nStand 04\/2015<\/p>\n","protected":false},"excerpt":{"rendered":"<p>Auch aufgrund einer Leserzuschrift, die am 11. April 2016 in der WP\/WR ver\u00f6ffentlicht worden ist, griff die Kreistagsfraktion Sauerl\u00e4nder B\u00fcrgerliste (SBL\/FW) das Thema \u201ePutenmast\u201c zum X-ten Mal wieder auf. (Der &hellip; <a href=\"https:\/\/www.schiebener.net\/wordpress\/tausende-tote-durch-massentierhaltung-wp-leser-macht-sich-sorgen-um-die-menschen-in-schederberge\/\" class=\"more-link\"><span class=\"screen-reader-text\">\u201eTausende Tote durch Massentierhaltung?  WP-Leser macht sich Sorgen um die Menschen in Schederberge\u201c <\/span>weiterlesen<\/a><\/p>\n","protected":false},"author":25,"featured_media":0,"comment_status":"open","ping_status":"open","sticky":false,"template":"","format":"standard","meta":{"footnotes":""},"categories":[80,24,549],"tags":[6268,5016,6267],"class_list":["post-35408","post","type-post","status-publish","format-standard","hentry","category-lokales","category-politik","category-umwelt","tag-mrsa","tag-putenmast-anlage","tag-schederberge"],"_links":{"self":[{"href":"https:\/\/www.schiebener.net\/wordpress\/wp-json\/wp\/v2\/posts\/35408","targetHints":{"allow":["GET"]}}],"collection":[{"href":"https:\/\/www.schiebener.net\/wordpress\/wp-json\/wp\/v2\/posts"}],"about":[{"href":"https:\/\/www.schiebener.net\/wordpress\/wp-json\/wp\/v2\/types\/post"}],"author":[{"embeddable":true,"href":"https:\/\/www.schiebener.net\/wordpress\/wp-json\/wp\/v2\/users\/25"}],"replies":[{"embeddable":true,"href":"https:\/\/www.schiebener.net\/wordpress\/wp-json\/wp\/v2\/comments?post=35408"}],"version-history":[{"count":0,"href":"https:\/\/www.schiebener.net\/wordpress\/wp-json\/wp\/v2\/posts\/35408\/revisions"}],"wp:attachment":[{"href":"https:\/\/www.schiebener.net\/wordpress\/wp-json\/wp\/v2\/media?parent=35408"}],"wp:term":[{"taxonomy":"category","embeddable":true,"href":"https:\/\/www.schiebener.net\/wordpress\/wp-json\/wp\/v2\/categories?post=35408"},{"taxonomy":"post_tag","embeddable":true,"href":"https:\/\/www.schiebener.net\/wordpress\/wp-json\/wp\/v2\/tags?post=35408"}],"curies":[{"name":"wp","href":"https:\/\/api.w.org\/{rel}","templated":true}]}}