{"id":35143,"date":"2016-04-09T19:25:43","date_gmt":"2016-04-09T18:25:43","guid":{"rendered":"http:\/\/www.schiebener.net\/wordpress\/?p=35143"},"modified":"2016-04-09T19:25:43","modified_gmt":"2016-04-09T18:25:43","slug":"info-und-begegnungsabend-der-freunde-der-voelkerbegegnung-gutmenschen-unter-sich","status":"publish","type":"post","link":"https:\/\/www.schiebener.net\/wordpress\/info-und-begegnungsabend-der-freunde-der-voelkerbegegnung-gutmenschen-unter-sich\/","title":{"rendered":"Info- und Begegnungsabend der \u201eFreunde der V\u00f6lkerbegegnung\u201c \u2013 \u201eGutmenschen\u201c unter sich?"},"content":{"rendered":"<p><strong>Bei der <a href=\"http:\/\/www.schiebener.net\/wordpress\/fluechtlingssituation-in-meschede-freunde-der-voelkerbegegnung-fdv-laden-zum-info-abend-ein\/\" target=\"_blank\">Info-Veranstaltung der \u201eFreunde der V\u00f6lkerbegegnung\u201c (FdV)<\/a> am 5. April 2016 zur aktuellen Fl\u00fcchtlingssituation in Meschede ging es sehr lebhaft zu. Die Atmosph\u00e4re war ausgesprochen angenehm und der \u201ePulverturm\u201c rappelvoll. So voll, dass die St\u00fchle knapp wurden und der FdV-Vorstand, was die Teilnehmerzahl anbelangt, fast die \u00dcbersicht verlor.<\/strong><\/p>\n<p><strong>Aufgaben der Malteser<\/strong><br \/>\nJan Uelkes und Thorsten Hense, die Teamleiter der zwei Fl\u00fcchtlings-Notunterk\u00fcnfte des Malteser Hilfsdienstes in Meschede, beantworteten in perfekter Team-Arbeit kompetent und gelassen s\u00e4mtliche Fragen, egal ob es um ihren eigenen beruflichen Werdegang ging oder um eher abstrakte Zahlen und Fakten oder um die Aufgaben der Malteser als Betreiber der zwei Einrichtungen. Wichtig sei, Versorgung und Obdach zu gew\u00e4hrleisten, die Registrierung der Fl\u00fcchtlinge in die Wege zu leiten und die Arbeit der Ehrenamtlichen zu koordinieren. Beide lobten die nicht nachlassende Hilfsbereitschaft der vielen ehrenamtlichen Helferinnen und Helfer, die z.B. Deutschkurse und die Kleiderkammer organisieren. <\/p>\n<p>Thorsten Hense und Jan Uelkes stellten sich auch den Sorgen einiger Anwohner und erl\u00e4uterten beispielsweise, dass es sich bei den Bewohnern ihrer Einrichtungen nicht ausschlie\u00dflich um junge M\u00e4nner, sondern auch um Familien handele. Die Frage, warum so viele M\u00e4nner ihre Frauen und Kinder allein lassen, um nach Deutschland zu kommen, erkl\u00e4rten sie mit den gro\u00dfen Gefahren, Risiken und hohen Kosten der Fluchtversuche. Junge, gesunde, allein reisende M\u00e4nner h\u00e4tten einfach bessere Chancen durchzukommen. Ihr Wunsch sei es aber in der Regel immer, legal und auf sicherem Wege ihre Familien nachzuholen.<\/p>\n<p><strong>Aufgaben der Stadtverwaltung<\/strong><br \/>\nUli Schulte von der Stadtverwaltung Meschede trug ebenfalls auf eine lockere und offene Art zur Versachlichung der \u201eFl\u00fcchtlingsdebatte\u201c bei. Die Lage habe sich entspannt. Die Statistik der Stadt Meschede weise zur Zeit 308 Asylsuchende aus, davon 1\/3 Kinder und Jugendliche, exklusive der rund 200 Fl\u00fcchtlinge, die in den beiden von den Maltesern gef\u00fchrten Unterk\u00fcnften im Haus Dortmund und in der Franz-Stahlmecke-Schule leben. Denn f\u00fcr die Bewohner der Notunterk\u00fcnfte sei die Bezirksregierung auch in finanzieller Hinsicht zust\u00e4ndig und nicht die Stadt Meschede. Das w\u00e4re f\u00fcr Meschede ein gro\u00dfer Vorteil. \u00dcberwiegend handele es sich bei den Menschen in den st\u00e4dtischen Unterk\u00fcnften um Gefl\u00fcchtete aus Syrien, Irak, Iran und Eritrea im Alter von 18 Jahren bis 45 Jahren. 35 Prozent der Fl\u00fcchtlinge seien Frauen. <\/p>\n<p>Uli Schulte meinte, nicht alles laufe rund. Ein gro\u00dfes Problem f\u00fcr die Asylsuchenden seien die geringen Kapazit\u00e4ten bei den Deutsch- und Integrationskursen und die fehlende Registrierung. Aufgrund noch nicht erfolgter Registrierung sei es ihnen nicht m\u00f6glich, einen Asylantrag zu stellen. Das mache den Betroffenen Sorgen. Die Stadt h\u00e4tte sich daher mit dem zust\u00e4ndigen BAMF (Bundesamt f\u00fcr Migration und Fl\u00fcchtlinge) in Bielefeld in Verbindung gesetzt. Derzeit warte die Stadt auf den Termin beim BAMF. Uli Schulte bat in dem Zusammenhang auch um Verst\u00e4ndnis f\u00fcr die Beh\u00f6rden. Die Entwicklung habe sie \u00fcberrollt.<\/p>\n<p><strong>Res\u00fcmee der FdV-Vorsitzenden<\/strong><br \/>\nNachdem sich die FdV-Vorsitzende Maria H\u00fcser bei den drei Referenten bedankt hatte, trug sie noch selbst einige spannende Erlebnisse und Erfahrungen aus ihrer ehrenamtlichen Arbeit als Fl\u00fcchtlingshelferin in B\u00fcren bei. Ihr Res\u00fcmee k\u00f6nnte man so zusammenfassen: Helfen bringt Freude und Bereicherung!<\/p>\n<p><strong>Damals<\/strong><br \/>\nEin FdV-Mitglied hatte im Laufe der Diskussion an Irmgard Rode, die Vereinsgr\u00fcnderin der \u201eFreunde der V\u00f6lkerbegegnung\u201c, erinnert. Seit Ende des Zweiten Weltkrieges bis ins hohe Alter setzte sich die Pazifistin Irmgard Rode unerm\u00fcdlich f\u00fcr benachteiligte Menschen ein, auch f\u00fcr viele Fl\u00fcchtlinge und Migrantinnen und Migranten, 1946 f\u00fcr Vertriebene aus dem Osten, sp\u00e4ter f\u00fcr Kinder aus Migranten-Familien.<\/p>\n<p><strong>Heute<\/strong><br \/>\nSeit einigen Monaten ist das Thema \u201eFl\u00fcchtlinge\u201c in den Medien und in Diskussionen omnipr\u00e4sent. Es polarisiert und teilt viele B\u00fcrgerinnen und B\u00fcrger und die Politik offenbar in mindestens zwei Lager. Auf der einen Seite sind die, die Verst\u00e4ndnis und Empathie f\u00fcr Gefl\u00fcchtete haben, auf der anderen die, die den \u201eZuzug\u201c kritisch sehen und sich Sorgen machen. \u201eAsylkritiker\u201c pr\u00e4gten den Begriff \u201eGutmensch\u201c. Er avancierte prompt zum Unwort des Jahres 2015.<\/p>\n<p><strong>Und der Schluss<\/strong><br \/>\nOb Irmgard Rode nach Meinung von \u201eAsylkritikern\u201c ein \u201eGutmensch\u201c war, wissen wir nicht. Und wenn, dann h\u00e4tte sie sich deswegen sicher nicht die geringsten Sorgen gemacht!<\/p>\n","protected":false},"excerpt":{"rendered":"<p>Bei der Info-Veranstaltung der \u201eFreunde der V\u00f6lkerbegegnung\u201c (FdV) am 5. April 2016 zur aktuellen Fl\u00fcchtlingssituation in Meschede ging es sehr lebhaft zu. Die Atmosph\u00e4re war ausgesprochen angenehm und der \u201ePulverturm\u201c &hellip; <a href=\"https:\/\/www.schiebener.net\/wordpress\/info-und-begegnungsabend-der-freunde-der-voelkerbegegnung-gutmenschen-unter-sich\/\" class=\"more-link\"><span class=\"screen-reader-text\">\u201eInfo- und Begegnungsabend der \u201eFreunde der V\u00f6lkerbegegnung\u201c \u2013 \u201eGutmenschen\u201c unter sich?\u201c <\/span>weiterlesen<\/a><\/p>\n","protected":false},"author":25,"featured_media":0,"comment_status":"open","ping_status":"open","sticky":false,"template":"","format":"standard","meta":{"footnotes":""},"categories":[674,80,24,4761],"tags":[861,1383,264,1382],"class_list":["post-35143","post","type-post","status-publish","format-standard","hentry","category-kultur","category-lokales","category-politik","category-soziales","tag-fluchtlinge","tag-freunde-der-volkerbegegnung","tag-meschede","tag-pulverturm"],"_links":{"self":[{"href":"https:\/\/www.schiebener.net\/wordpress\/wp-json\/wp\/v2\/posts\/35143","targetHints":{"allow":["GET"]}}],"collection":[{"href":"https:\/\/www.schiebener.net\/wordpress\/wp-json\/wp\/v2\/posts"}],"about":[{"href":"https:\/\/www.schiebener.net\/wordpress\/wp-json\/wp\/v2\/types\/post"}],"author":[{"embeddable":true,"href":"https:\/\/www.schiebener.net\/wordpress\/wp-json\/wp\/v2\/users\/25"}],"replies":[{"embeddable":true,"href":"https:\/\/www.schiebener.net\/wordpress\/wp-json\/wp\/v2\/comments?post=35143"}],"version-history":[{"count":0,"href":"https:\/\/www.schiebener.net\/wordpress\/wp-json\/wp\/v2\/posts\/35143\/revisions"}],"wp:attachment":[{"href":"https:\/\/www.schiebener.net\/wordpress\/wp-json\/wp\/v2\/media?parent=35143"}],"wp:term":[{"taxonomy":"category","embeddable":true,"href":"https:\/\/www.schiebener.net\/wordpress\/wp-json\/wp\/v2\/categories?post=35143"},{"taxonomy":"post_tag","embeddable":true,"href":"https:\/\/www.schiebener.net\/wordpress\/wp-json\/wp\/v2\/tags?post=35143"}],"curies":[{"name":"wp","href":"https:\/\/api.w.org\/{rel}","templated":true}]}}