{"id":35105,"date":"2016-04-04T18:56:41","date_gmt":"2016-04-04T17:56:41","guid":{"rendered":"http:\/\/www.schiebener.net\/wordpress\/?p=35105"},"modified":"2016-04-04T18:56:41","modified_gmt":"2016-04-04T17:56:41","slug":"fluechtlingssituation-in-meschede-freunde-der-voelkerbegegnung-fdv-laden-zum-info-abend-ein","status":"publish","type":"post","link":"https:\/\/www.schiebener.net\/wordpress\/fluechtlingssituation-in-meschede-freunde-der-voelkerbegegnung-fdv-laden-zum-info-abend-ein\/","title":{"rendered":"Fl\u00fcchtlingssituation in Meschede \u2013 \u201eFreunde der V\u00f6lkerbegegnung\u201c (FdV) laden zum Info-Abend ein"},"content":{"rendered":"<figure id=\"attachment_12722\" aria-describedby=\"caption-attachment-12722\" style=\"width: 512px\" class=\"wp-caption aligncenter\"><img loading=\"lazy\" decoding=\"async\" class=\"size-full wp-image-12722\" src=\"http:\/\/www.schiebener.net\/wordpress\/wp-content\/uploads\/2011\/06\/pulverturm.jpg\" alt=\"Vom Turm noch 100 Meter bis zur Gastst\u00e4tte &quot;Am Pulverturm&quot; (fotoarchiv: zoom)\" width=\"512\" height=\"283\" srcset=\"https:\/\/www.schiebener.net\/wordpress\/wp-content\/uploads\/2011\/06\/pulverturm.jpg 512w, https:\/\/www.schiebener.net\/wordpress\/wp-content\/uploads\/2011\/06\/pulverturm-300x165.jpg 300w\" sizes=\"auto, (max-width: 512px) 85vw, 512px\" \/><figcaption id=\"caption-attachment-12722\" class=\"wp-caption-text\">Vom Turm noch 100 Meter bis zur Gastst\u00e4tte &#8222;Am Pulverturm&#8220; (fotoarchiv: zoom)<\/figcaption><\/figure>\n<p><strong>Meschede. (pm_fdv) Die \u201eFreunde der V\u00f6lkerbegegnung\u201c (FdV) laden am Dienstag den 5. April 2016, 19.00 Uhr in die Gastst\u00e4tte \u201eZum Pulverturm\u201c, Pulverturmstra\u00dfe in Meschede zu einem Info- und Begegnungsabend zum Thema \u201eFl\u00fcchtlingssituation in Meschede\u201c ein.<\/strong><\/p>\n<p>Referenten und Gespr\u00e4chspartner sind der Leiter sowie der stellvertretende Leiter der vom Malteser Hilfsdienst gef\u00fchrten Notunterkunft in der Franz-Stahlmecke-Schule, Thorsten Hense und Jan Uelkes, und Uli Schulte vom Fachbereich Soziales der Stadtverwaltung Meschede.<\/p>\n<p>Wie viele gefl\u00fcchtete Menschen leben vor\u00fcbergehend oder dauerhaft in Meschede? Warum sind sie hier bei uns? Woher kommen sie? Wohin gehen sie? Was erlebten und erlitten sie in ihren Herkunftsl\u00e4ndern, auf der Flucht und in Deutschland? Wie viel Hilfe und Unterst\u00fctzung bekommen sie? Welche W\u00fcnsche und Tr\u00e4ume haben sie? Sind die Fl\u00fcchtlinge, sind die Helferinnen und Helfer, sind die Beh\u00f6rden am Ende der Belastbarkeit?<\/p>\n<p>Herzlich eingeladen sind alle FdV-Vereinsmitglieder, Gefl\u00fcchtete, hauptberufliche und ehrenamtliche Helferinnen und Helfer und ALLE die sich informieren und \u00fcber das Thema sachlich austauschen wollen.<\/p>\n","protected":false},"excerpt":{"rendered":"<p>Meschede. (pm_fdv) Die \u201eFreunde der V\u00f6lkerbegegnung\u201c (FdV) laden am Dienstag den 5. April 2016, 19.00 Uhr in die Gastst\u00e4tte \u201eZum Pulverturm\u201c, Pulverturmstra\u00dfe in Meschede zu einem Info- und Begegnungsabend zum &hellip; <a href=\"https:\/\/www.schiebener.net\/wordpress\/fluechtlingssituation-in-meschede-freunde-der-voelkerbegegnung-fdv-laden-zum-info-abend-ein\/\" class=\"more-link\"><span class=\"screen-reader-text\">\u201eFl\u00fcchtlingssituation in Meschede \u2013 \u201eFreunde der V\u00f6lkerbegegnung\u201c (FdV) laden zum Info-Abend ein\u201c <\/span>weiterlesen<\/a><\/p>\n","protected":false},"author":17,"featured_media":0,"comment_status":"open","ping_status":"open","sticky":false,"template":"","format":"standard","meta":{"footnotes":""},"categories":[303,80,24,1043],"tags":[861,1383,264,655],"class_list":["post-35105","post","type-post","status-publish","format-standard","hentry","category-in-unserem-briefkasten","category-lokales","category-politik","category-pressemitteilungen","tag-fluchtlinge","tag-freunde-der-volkerbegegnung","tag-meschede","tag-pressemitteilung"],"_links":{"self":[{"href":"https:\/\/www.schiebener.net\/wordpress\/wp-json\/wp\/v2\/posts\/35105","targetHints":{"allow":["GET"]}}],"collection":[{"href":"https:\/\/www.schiebener.net\/wordpress\/wp-json\/wp\/v2\/posts"}],"about":[{"href":"https:\/\/www.schiebener.net\/wordpress\/wp-json\/wp\/v2\/types\/post"}],"author":[{"embeddable":true,"href":"https:\/\/www.schiebener.net\/wordpress\/wp-json\/wp\/v2\/users\/17"}],"replies":[{"embeddable":true,"href":"https:\/\/www.schiebener.net\/wordpress\/wp-json\/wp\/v2\/comments?post=35105"}],"version-history":[{"count":0,"href":"https:\/\/www.schiebener.net\/wordpress\/wp-json\/wp\/v2\/posts\/35105\/revisions"}],"wp:attachment":[{"href":"https:\/\/www.schiebener.net\/wordpress\/wp-json\/wp\/v2\/media?parent=35105"}],"wp:term":[{"taxonomy":"category","embeddable":true,"href":"https:\/\/www.schiebener.net\/wordpress\/wp-json\/wp\/v2\/categories?post=35105"},{"taxonomy":"post_tag","embeddable":true,"href":"https:\/\/www.schiebener.net\/wordpress\/wp-json\/wp\/v2\/tags?post=35105"}],"curies":[{"name":"wp","href":"https:\/\/api.w.org\/{rel}","templated":true}]}}