{"id":35079,"date":"2016-03-29T14:54:55","date_gmt":"2016-03-29T13:54:55","guid":{"rendered":"http:\/\/www.schiebener.net\/wordpress\/?p=35079"},"modified":"2026-03-12T13:41:23","modified_gmt":"2026-03-12T12:41:23","slug":"mythos-leni-riefenstahl-fotografie-film-dokumentation-ausstellung-im-infozentrum-kump-vom-31-maerz-bis-29-april-2016","status":"publish","type":"post","link":"https:\/\/www.schiebener.net\/wordpress\/mythos-leni-riefenstahl-fotografie-film-dokumentation-ausstellung-im-infozentrum-kump-vom-31-maerz-bis-29-april-2016\/","title":{"rendered":"Mythos Leni Riefenstahl &#8211;  Fotografie. Film. Dokumentation. Ausstellung im Infozentrum Kump vom 31. M\u00e4rz bis 29. April 2016"},"content":{"rendered":"<figure id=\"attachment_35083\" aria-describedby=\"caption-attachment-35083\" style=\"width: 700px\" class=\"wp-caption aligncenter\"><img loading=\"lazy\" decoding=\"async\" class=\"wp-image-35083 size-full\" src=\"http:\/\/www.schiebener.net\/wordpress\/wp-content\/uploads\/2016\/03\/riefenstahl02.jpg\" alt=\"Riefenstahl: Inszenierung und Selbstinszenierung. (foto: Archiv Reichelt und Brockmann)\" width=\"700\" height=\"495\" srcset=\"https:\/\/www.schiebener.net\/wordpress\/wp-content\/uploads\/2016\/03\/riefenstahl02.jpg 700w, https:\/\/www.schiebener.net\/wordpress\/wp-content\/uploads\/2016\/03\/riefenstahl02-300x212.jpg 300w\" sizes=\"auto, (max-width: 709px) 85vw, (max-width: 909px) 67vw, (max-width: 984px) 61vw, (max-width: 1362px) 45vw, 600px\" \/><figcaption id=\"caption-attachment-35083\" class=\"wp-caption-text\">Riefenstahl: Inszenierung und Selbstinszenierung. (foto: Archiv Reichelt und Brockmann)<\/figcaption><\/figure>\n<pre>Mythos Leni Riefenstahl\nFotografie. Film. Dokumentation.<\/pre>\n<pre>31.M\u00e4rz bis 29.April 2016<\/pre>\n<pre>Infozentrum Kump, Petrusstr. 2, 59969 Hallenberg<\/pre>\n<pre>\u00d6ffnungszeiten:\nMontag, Dienstag, Donnerstag, Freitag 10.00 bis 12.00 Uhr und 14.00 bis 16.00 Uhr\nSamstag 10.00 - 12.00 Uhr, Sonntag 14.00 bis 16.00 Uhr\nEintritt frei.<\/pre>\n<pre>Die Ausstellung wird am 31. M\u00e4rz um 19.00 Uhr er\u00f6ffnet. \nNach der Begr\u00fc\u00dfung durch B\u00fcrgermeister Michael Kronauge wird \nG\u00fcnther G\u00f6hler, Leiter des Literaturcafes Hesborn in die Ausstellung einf\u00fchren. \n\nAlle B\u00fcrgerinnen und B\u00fcrger und G\u00e4ste sind herzlich eingeladen.<\/pre>\n<p><strong>Hallenberg. (<a href=\"http:\/\/www.kump-hallenberg.de\/wp\/index.php\/2016\/03\/22\/ausstellung-mythos-leni-riefenstahl-fotografie-film-dokumentation\/\" target=\"_blank\" rel=\"noopener\">kump_pm<\/a>) Leni Riefenstahl z\u00e4hlt zu den umstrittensten K\u00fcnstlerinnen des 20. Jahrhunderts: von vielen verehrt als geniale Regisseurin, die mit ihren innovativen Ideen Meilensteine des Dokumentarfilms setzte, von anderen verachtet als \u201edie interessanteste, begabteste und wirkungsvollste Nazik\u00fcnstlerin\u201c (Susan Sontag).<\/strong><\/p>\n<p>Gerade diese Ambivalenz ist es wohl, die den Reiz und die Faszination der im Jahr 2003 verstorbenen Schauspielerin, Regisseurin und Fotografin ausmachen, die bis zuletzt gegen\u00fcber ihrer Rolle in der NS-Zeit uneinsichtig blieb.<\/p>\n<p>Geboren im August 1902, begann Riefenstahl in den 1920er Jahren eine vielversprechende Karriere als T\u00e4nzerin, die 1924 durch einen Unfall abrupt endete. Mit dem Film \u201eDer heilige Berg\u201c von Arnold Fanck gelangte sie als Schauspielerin 1926 an der Seite von Luis Trenker zu gro\u00dfem Ruhm. Gepr\u00e4gt von Fancks Darstellungsweise der alpinen Natur als Schicksalsmacht verwirklichte Riefenstahl 1932 ihre erste eigene Regiearbeit: F\u00fcr \u201eDas blaue Licht\u201c, dessen Protagonistin \u201eJunta\u201c sie selbst spielte, erhielt sie international Lob und Anerkennung.<\/p>\n<p>Hitler, von ihrer Arbeit beeindruckt, beauftragte sie nur ein Jahr sp\u00e4ter mit der filmischen Inszenierung der Reichsparteitage der NSDAP in N\u00fcrnberg. Im Gegensatz zu den trockenen Berichten der Wochenschau sollte Riefenstahl die Zuschauer mit ihrer modernen \u00c4sthetik mitrei\u00dfen. W\u00e4hrend der erste der Reichsparteitagsfilme, \u201eSieg des Glaubens\u201c (1933) noch von den bescheideneren Rahmenbedingungen zeugt, gelang ihr mit \u201eTriumph des Willens\u201c (1934) die perfekte Inszenierung der nationalsozialistischen Bewegung und Hitlers in seinem Selbstverst\u00e4ndnis als \u201eF\u00fchrer\u201c.<\/p>\n<figure id=\"attachment_35084\" aria-describedby=\"caption-attachment-35084\" style=\"width: 700px\" class=\"wp-caption aligncenter\"><img loading=\"lazy\" decoding=\"async\" class=\"wp-image-35084 size-full\" src=\"http:\/\/www.schiebener.net\/wordpress\/wp-content\/uploads\/2016\/03\/riefenstahl01.jpg\" alt=\"Karriere im Dienste der Nationalsozialisten. (foto: Archiv Reichelt und Brockmann)\" width=\"700\" height=\"495\" srcset=\"https:\/\/www.schiebener.net\/wordpress\/wp-content\/uploads\/2016\/03\/riefenstahl01.jpg 700w, https:\/\/www.schiebener.net\/wordpress\/wp-content\/uploads\/2016\/03\/riefenstahl01-300x212.jpg 300w\" sizes=\"auto, (max-width: 709px) 85vw, (max-width: 909px) 67vw, (max-width: 984px) 61vw, (max-width: 1362px) 45vw, 600px\" \/><figcaption id=\"caption-attachment-35084\" class=\"wp-caption-text\">Karriere im Dienste der Nationalsozialisten. (foto: Archiv Reichelt und Brockmann)<\/figcaption><\/figure>\n<p>Den k\u00fcnstlerischen H\u00f6hepunkt ihrer Karriere im Dienste des Regimes erreichte Leni Riefenstahl mit ihrer zweiteiligen Dokumentation \u00fcber die olympischen Spiele 1936 in Berlin. Auf pers\u00f6nlichen Wunsch Hitlers schuf sie mit hohem Aufwand ein Werk, das sich mit seinen betont sch\u00f6nen Bildern von menschlicher Kraft und Bewegung nahtlos in die nationalsozialistische \u00c4sthetik einf\u00fcgte.<\/p>\n<p>Im Zuge der Entnazifizierung lediglich als \u201eMitl\u00e4uferin\u201c eingestuft, konnte Leni Riefenstahl Mitte der 1950er Jahre ihren zweiten, bereits 1929 begonnenen Spielfilm \u201eTiefland\u201c vollenden und mit m\u00e4\u00dfigem Erfolg ver\u00f6ffentlichen.<\/p>\n<p>As Regisseurin wegen ihrer Kooperation mit den nationalsozialistischen Machthabern stark umstritten, begann sie mit ihrer Arbeit \u00fcber den sudanesischen Stamm der Nuba eine Karriere als Fotografin. \u00dcber 70j\u00e4hrig kehrte sie nochmals zum Film zur\u00fcck und drehte den Dokumentarfilm \u201eImpressionen unter Wasser\u201c der zu ihrem 100. Geburtstag erschien.<\/p>\n<p>Bis zu ihrem Tod im Jahr 2003 wies Leni Riefenstahl jede politische Verstrickung mit dem NS-Regime von sich und betonte bis zuletzt: \u201eIch war nie eine Nazi und will auch keine bleiben\u201c.<\/p>\n<figure id=\"attachment_35085\" aria-describedby=\"caption-attachment-35085\" style=\"width: 700px\" class=\"wp-caption aligncenter\"><img loading=\"lazy\" decoding=\"async\" class=\"wp-image-35085 size-full\" src=\"http:\/\/www.schiebener.net\/wordpress\/wp-content\/uploads\/2016\/03\/riefenstahl03.jpg\" alt=\"Selbstentnazifizierung? Leni Riefenstahl bei Dreharbeiten im Sudan zu dem geplanten Nuba-Film Dezember 1964. (foto: Riefenstahl Expedition 1964-65\/ Dr. Dieter Kock)\" width=\"700\" height=\"494\" srcset=\"https:\/\/www.schiebener.net\/wordpress\/wp-content\/uploads\/2016\/03\/riefenstahl03.jpg 700w, https:\/\/www.schiebener.net\/wordpress\/wp-content\/uploads\/2016\/03\/riefenstahl03-300x212.jpg 300w\" sizes=\"auto, (max-width: 709px) 85vw, (max-width: 909px) 67vw, (max-width: 984px) 61vw, (max-width: 1362px) 45vw, 600px\" \/><figcaption id=\"caption-attachment-35085\" class=\"wp-caption-text\">Selbstentnazifizierung? Leni Riefenstahl bei Dreharbeiten im Sudan zu dem geplanten Nuba-Film Dezember 1964. (foto: Riefenstahl Expedition 1964-65\/ Dr. Dieter Kock)<\/figcaption><\/figure>\n<p>Leni Riefenstahl war eine geniale K\u00fcnstlerin, aber auch eine hemmungslose Karrieristin, der es ausschlie\u00dflich um ihre k\u00fcnstlerischen Obsessionen, um Ruhm und Anerkennung und die Konstruktion und Kontrolle des Riefenstahl-Mythos ging.<\/p>\n<p>Im Infozentrum Kump sind Fotografien, Dokumente, Briefe, Plakate und Filme ausgestellt, die den \u201eMythos Riefenstahl\u201c widerlegen und die enge Beziehung der Filmregisseurin zum \u201eDritten Reich\u201c und seinen Machthabern beschreiben.<\/p>\n<p>Dreizehn Jahre nach ihrem Tod am 8. September 2003, 40 Jahre nach ihrer ersten Expedition zu den Nuba im Sudan und 70 Jahre nach \u201eTriumph des Willens\u201c, setzt sich diese nicht von Leni Riefenstahl autorisierte und kontrollierte Werkschau mit Leben und Werk der Filmemacherin und Fotografin auseinander.<\/p>\n<p>Die Kuratoren Ina Brockmann und Peter Reichelt haben diese Ausstellung bereits 2004 erstmals gezeigt und nun f\u00fcr das Infozentrum Hallenberg neu zusammengestellt.<\/p>\n<p>Die Ausstellung ist in 5 Themen gegliedert:<\/p>\n<ol>\n<li>der Aufstieg einer K\u00fcnstlerin: T\u00e4nzerin, Schauspielerin, Sportlerin und die erste Regiearbeit \u201eDas blaue Licht\u201c (1924 \u2013 1932)<\/li>\n<li>die Reichsparteitagsfilme 1933, 1934 und 1935 der \u201eReichsfilmregisseurin\u201c<\/li>\n<li>Olympia 1936: Riefenstahl mit den Filmen \u201eFest der V\u00f6lker\u201c und \u201eFest der Sch\u00f6nheit\u201c auf dem Zenit ihrer Karriere<\/li>\n<li>der Filmtrupp Riefenstahl im besetzten Polen<\/li>\n<li>Ausklang: die Nuba<\/li>\n<\/ol>\n<p>Die Ausstellung wurde bisher an \u00fcber 20 Orten in Europa gezeigt, u.a. im Holocaust Center in Oslo, in den Dokumentationszentren PRORA auf R\u00fcgen und Reichsparteitagsgel\u00e4nde N\u00fcrnberg und im Haus der Geschichte der Bundesrepublik Deutschland in Bonn.<\/p>\n<p>&#8212;&#8212;&#8212;&#8212;&#8212;&#8212;&#8212;&#8212;&#8212;&#8212;&#8212;&#8212;&#8212;&#8212;&#8212;-<\/p>\n<p><em><strong>Informationen auf der Website des Kump:<\/strong><\/em><br \/>\n<em><a href=\"http:\/\/www.kump-hallenberg.de\/wp\/index.php\/2016\/03\/22\/ausstellung-mythos-leni-riefenstahl-fotografie-film-dokumentation\/\" target=\"_blank\" rel=\"noopener\">http:\/\/www.kump-hallenberg.de\/wp\/index.php\/2016\/03\/22\/ausstellung-mythos-leni-riefenstahl-fotografie-film-dokumentation\/<\/a><\/em><\/p>\n","protected":false},"excerpt":{"rendered":"<p>Mythos Leni Riefenstahl Fotografie. Film. Dokumentation. 31.M\u00e4rz bis 29.April 2016 Infozentrum Kump, Petrusstr. 2, 59969 Hallenberg \u00d6ffnungszeiten: Montag, Dienstag, Donnerstag, Freitag 10.00 bis 12.00 Uhr und 14.00 bis 16.00 Uhr &hellip; <a href=\"https:\/\/www.schiebener.net\/wordpress\/mythos-leni-riefenstahl-fotografie-film-dokumentation-ausstellung-im-infozentrum-kump-vom-31-maerz-bis-29-april-2016\/\" class=\"more-link\"><span class=\"screen-reader-text\">\u201eMythos Leni Riefenstahl &#8211;  Fotografie. Film. Dokumentation. Ausstellung im Infozentrum Kump vom 31. M\u00e4rz bis 29. April 2016\u201c <\/span>weiterlesen<\/a><\/p>\n","protected":false},"author":17,"featured_media":0,"comment_status":"open","ping_status":"open","sticky":false,"template":"","format":"standard","meta":{"footnotes":""},"categories":[319,303,674,854,80,32,1043],"tags":[6206,5751,6207,655],"class_list":["post-35079","post","type-post","status-publish","format-standard","hentry","category-geschichte","category-in-unserem-briefkasten","category-kultur","category-kunst","category-lokales","category-medien","category-pressemitteilungen","tag-ausstellung","tag-kump-hallenberg","tag-leni-riefenstahl","tag-pressemitteilung"],"_links":{"self":[{"href":"https:\/\/www.schiebener.net\/wordpress\/wp-json\/wp\/v2\/posts\/35079","targetHints":{"allow":["GET"]}}],"collection":[{"href":"https:\/\/www.schiebener.net\/wordpress\/wp-json\/wp\/v2\/posts"}],"about":[{"href":"https:\/\/www.schiebener.net\/wordpress\/wp-json\/wp\/v2\/types\/post"}],"author":[{"embeddable":true,"href":"https:\/\/www.schiebener.net\/wordpress\/wp-json\/wp\/v2\/users\/17"}],"replies":[{"embeddable":true,"href":"https:\/\/www.schiebener.net\/wordpress\/wp-json\/wp\/v2\/comments?post=35079"}],"version-history":[{"count":0,"href":"https:\/\/www.schiebener.net\/wordpress\/wp-json\/wp\/v2\/posts\/35079\/revisions"}],"wp:attachment":[{"href":"https:\/\/www.schiebener.net\/wordpress\/wp-json\/wp\/v2\/media?parent=35079"}],"wp:term":[{"taxonomy":"category","embeddable":true,"href":"https:\/\/www.schiebener.net\/wordpress\/wp-json\/wp\/v2\/categories?post=35079"},{"taxonomy":"post_tag","embeddable":true,"href":"https:\/\/www.schiebener.net\/wordpress\/wp-json\/wp\/v2\/tags?post=35079"}],"curies":[{"name":"wp","href":"https:\/\/api.w.org\/{rel}","templated":true}]}}