{"id":35040,"date":"2016-03-25T22:28:30","date_gmt":"2016-03-25T21:28:30","guid":{"rendered":"http:\/\/www.schiebener.net\/wordpress\/?p=35040"},"modified":"2016-03-25T22:28:30","modified_gmt":"2016-03-25T21:28:30","slug":"berlin-berlin-wir-waren-in-berlin-und-es-war-gut","status":"publish","type":"post","link":"https:\/\/www.schiebener.net\/wordpress\/berlin-berlin-wir-waren-in-berlin-und-es-war-gut\/","title":{"rendered":"Berlin, Berlin &#8230; wir waren in Berlin &#8230; und es war gut."},"content":{"rendered":"<figure id=\"attachment_35041\" aria-describedby=\"caption-attachment-35041\" style=\"width: 700px\" class=\"wp-caption aligncenter\"><img loading=\"lazy\" decoding=\"async\" class=\"size-full wp-image-35041\" src=\"http:\/\/www.schiebener.net\/wordpress\/wp-content\/uploads\/2016\/03\/KofferInBerlin20160325.jpg\" alt=\"Die Metapher ist abgenutzt, aber ich habe sie trotzdem zum Abschied fotografiert. (foto: zoom)\" width=\"700\" height=\"525\" srcset=\"https:\/\/www.schiebener.net\/wordpress\/wp-content\/uploads\/2016\/03\/KofferInBerlin20160325.jpg 700w, https:\/\/www.schiebener.net\/wordpress\/wp-content\/uploads\/2016\/03\/KofferInBerlin20160325-300x225.jpg 300w\" sizes=\"auto, (max-width: 709px) 85vw, (max-width: 909px) 67vw, (max-width: 984px) 61vw, (max-width: 1362px) 45vw, 600px\" \/><figcaption id=\"caption-attachment-35041\" class=\"wp-caption-text\">Die Metapher ist abgenutzt, aber ich habe sie trotzdem zum Abschied fotografiert. (fotos: zoom)<\/figcaption><\/figure>\n<p><strong>Die Reise nach Berlin war einfach nur gut. Wir haben alles richtig gemacht.<\/strong><\/p>\n<p>&#8222;Richtig machen&#8220; hei\u00dft f\u00fcr mich, h\u00f6chstens zwei &#8222;harte&#8220; Programmpunkte zu planen, der &#8222;weiche&#8220; Rest ergibt sich dann von selbst. Und so sah es ungef\u00e4hr aus:<\/p>\n<blockquote class=\"twitter-tweet\" data-lang=\"de\">\n<p lang=\"de\" dir=\"ltr\">Chaos bei der <a href=\"https:\/\/twitter.com\/DB_Bahn\">@DB_Bahn<\/a>. Jetzt k\u00f6nnen wir noch nicht mal nach Warburg einfahren. Zugf\u00fchrer wei\u00df auch nicht, wie es weiter geht.<\/p>\n<p>&mdash; zoom (@hskzoom) <a href=\"https:\/\/twitter.com\/hskzoom\/status\/711514734349193216\">20. M\u00e4rz 2016<\/a><\/p><\/blockquote>\n<p><script async src=\"\/\/platform.twitter.com\/widgets.js\" charset=\"utf-8\"><\/script><\/p>\n<p><strong>Trotzdem Ankunft Sonntag:<\/strong><\/p>\n<p>Abends essen <a href=\"https:\/\/de-de.facebook.com\/pages\/Udagawa-Imbiss\/156152951071708\" target=\"_blank\">im Udagawa-Imbiss<\/a>. Guter Start.<\/p>\n<p><strong>Montag: <\/strong><\/p>\n<figure id=\"attachment_35045\" aria-describedby=\"caption-attachment-35045\" style=\"width: 700px\" class=\"wp-caption aligncenter\"><img loading=\"lazy\" decoding=\"async\" class=\"size-full wp-image-35045\" src=\"http:\/\/www.schiebener.net\/wordpress\/wp-content\/uploads\/2016\/03\/BorisLurie2016032101.jpg\" alt=\"Boris Lurie im J\u00fcdischen Museum.\" width=\"700\" height=\"525\" srcset=\"https:\/\/www.schiebener.net\/wordpress\/wp-content\/uploads\/2016\/03\/BorisLurie2016032101.jpg 700w, https:\/\/www.schiebener.net\/wordpress\/wp-content\/uploads\/2016\/03\/BorisLurie2016032101-300x225.jpg 300w\" sizes=\"auto, (max-width: 709px) 85vw, (max-width: 909px) 67vw, (max-width: 984px) 61vw, (max-width: 1362px) 45vw, 600px\" \/><figcaption id=\"caption-attachment-35045\" class=\"wp-caption-text\">Boris Lurie im J\u00fcdischen Museum.<\/figcaption><\/figure>\n<p><a href=\"http:\/\/www.juedische-allgemeine.de\/article\/view\/id\/24809\" target=\"_blank\">Boris Lurie im J\u00fcdischen Museum Berlin<\/a>. Ein fantastischer NO! Art K\u00fcnstler &#8211; take that! Andy Warhol und die ganze Pop-Art Blase.<\/p>\n<p>Das Tagebuch der Anne Frank <a href=\"http:\/\/www.kino-central.de\/\" target=\"_blank\">im Kino Central<\/a>.<\/p>\n<p><strong>Dienstag:<\/strong><\/p>\n<figure id=\"attachment_35044\" aria-describedby=\"caption-attachment-35044\" style=\"width: 700px\" class=\"wp-caption aligncenter\"><img loading=\"lazy\" decoding=\"async\" class=\"size-full wp-image-35044\" src=\"http:\/\/www.schiebener.net\/wordpress\/wp-content\/uploads\/2016\/03\/aedes2016032201.jpg\" alt=\"Archtekturfotografie und Film.\" width=\"700\" height=\"525\" srcset=\"https:\/\/www.schiebener.net\/wordpress\/wp-content\/uploads\/2016\/03\/aedes2016032201.jpg 700w, https:\/\/www.schiebener.net\/wordpress\/wp-content\/uploads\/2016\/03\/aedes2016032201-300x225.jpg 300w\" sizes=\"auto, (max-width: 709px) 85vw, (max-width: 909px) 67vw, (max-width: 984px) 61vw, (max-width: 1362px) 45vw, 600px\" \/><figcaption id=\"caption-attachment-35044\" class=\"wp-caption-text\">Archtekturfotografie und Film.<\/figcaption><\/figure>\n<p><a href=\"http:\/\/www.aedes-arc.de\/cms\/aedes\/de\/programm?id=16518600\" target=\"_blank\">Aedes Architekturforum:<\/a> Sieben Positionen zeitgen\u00f6ssischer Architekturfotografie.<\/p>\n<figure id=\"attachment_35046\" aria-describedby=\"caption-attachment-35046\" style=\"width: 700px\" class=\"wp-caption aligncenter\"><img loading=\"lazy\" decoding=\"async\" class=\"size-full wp-image-35046\" src=\"http:\/\/www.schiebener.net\/wordpress\/wp-content\/uploads\/2016\/03\/Berlin2016032201-1.jpg\" alt=\"Auf dem Weg zum Gorki-Theater.\" width=\"700\" height=\"933\" srcset=\"https:\/\/www.schiebener.net\/wordpress\/wp-content\/uploads\/2016\/03\/Berlin2016032201-1.jpg 700w, https:\/\/www.schiebener.net\/wordpress\/wp-content\/uploads\/2016\/03\/Berlin2016032201-1-225x300.jpg 225w\" sizes=\"auto, (max-width: 709px) 85vw, (max-width: 909px) 67vw, (max-width: 984px) 61vw, (max-width: 1362px) 45vw, 600px\" \/><figcaption id=\"caption-attachment-35046\" class=\"wp-caption-text\">Auf dem Weg zum Gorki-Theater.<\/figcaption><\/figure>\n<p><a href=\"http:\/\/www.gorki.de\/spielplan\/in-unserem-namen\/2003\" target=\"_blank\">&#8222;In unserem Namen&#8220;<\/a> &#8211; Gorki Theater: &#8222;In unserem Namen werden von Flucht Betroffene inhaftiert, abgeschoben, kriminalisiert. In unserem Namen baut Europa die Zinnen seiner Festung aus. Sebastian N\u00fcblings Inszenierung befragt anhand der Texte von Aischylos und Jelinek das demokratische Gef\u00fcge Berlins: Wer repr\u00e4sentiert wen?&#8220;<\/p>\n<p><strong>Mittwoch:<\/strong><\/p>\n<p><a href=\"http:\/\/www.berlin.de\/ausstellungen\/fotoausstellungen\/4296546-2745254-lee-miller-fotografien.html\" target=\"_blank\">Lee Miller<\/a> &#8211; (nicht nur) Kriegsfotografien. Siehe <a href=\"http:\/\/www.schiebener.net\/wordpress\/guter-tipp-fotografien-von-lee-miller-im-gropius-bau\/\" target=\"_blank\">auch hier im Blog<\/a>.<\/p>\n<p><strong>Donnerstag:<\/strong><\/p>\n<figure id=\"attachment_35042\" aria-describedby=\"caption-attachment-35042\" style=\"width: 700px\" class=\"wp-caption aligncenter\"><img loading=\"lazy\" decoding=\"async\" class=\"size-full wp-image-35042\" src=\"http:\/\/www.schiebener.net\/wordpress\/wp-content\/uploads\/2016\/03\/Distel2016032401.jpg\" alt=\"Linkes Wohlf\u00fchlkabarett in der Distel.\" width=\"700\" height=\"173\" srcset=\"https:\/\/www.schiebener.net\/wordpress\/wp-content\/uploads\/2016\/03\/Distel2016032401.jpg 700w, https:\/\/www.schiebener.net\/wordpress\/wp-content\/uploads\/2016\/03\/Distel2016032401-300x74.jpg 300w\" sizes=\"auto, (max-width: 709px) 85vw, (max-width: 909px) 67vw, (max-width: 984px) 61vw, (max-width: 1362px) 45vw, 600px\" \/><figcaption id=\"caption-attachment-35042\" class=\"wp-caption-text\">Linkes Wohlf\u00fchlkabarett in der Distel.<\/figcaption><\/figure>\n<p>Kabarett <a href=\"http:\/\/www.distel-berlin.de\/de\/spielplan\/repertoire\/mensch-merkel.html\" target=\"_blank\">&#8222;Die Distel&#8220; mit Mensch Merkel!<\/a><\/p>\n<p><strong>Freitag:<\/strong><\/p>\n<p>Heimfahrt<\/p>\n<blockquote class=\"twitter-tweet\" data-lang=\"de\">\n<p lang=\"de\" dir=\"ltr\">Zug steht jetzt in G\u00f6ttingen. &quot;OBERLEITUNGSSCHADEN&quot;? Warum sollte die R\u00fcckfahrt klappen, wenn die Hinfahrt schon nicht funktionierte?!????<\/p>\n<p>&mdash; zoom (@hskzoom) <a href=\"https:\/\/twitter.com\/hskzoom\/status\/713333968515497984\">25. M\u00e4rz 2016<\/a><\/p><\/blockquote>\n<p><script async src=\"\/\/platform.twitter.com\/widgets.js\" charset=\"utf-8\"><\/script><\/p>\n<p><strong>Der &#8222;weiche&#8220; Rest:<\/strong><\/p>\n<figure id=\"attachment_35043\" aria-describedby=\"caption-attachment-35043\" style=\"width: 700px\" class=\"wp-caption aligncenter\"><img loading=\"lazy\" decoding=\"async\" class=\"size-full wp-image-35043\" src=\"http:\/\/www.schiebener.net\/wordpress\/wp-content\/uploads\/2016\/03\/GedenkstaetteRomaSinti20160323.jpg\" alt=\"Gedenkst\u00e4tte f\u00fcr die ermordeten Roma und Sinti.\" width=\"700\" height=\"525\" srcset=\"https:\/\/www.schiebener.net\/wordpress\/wp-content\/uploads\/2016\/03\/GedenkstaetteRomaSinti20160323.jpg 700w, https:\/\/www.schiebener.net\/wordpress\/wp-content\/uploads\/2016\/03\/GedenkstaetteRomaSinti20160323-300x225.jpg 300w\" sizes=\"auto, (max-width: 709px) 85vw, (max-width: 909px) 67vw, (max-width: 984px) 61vw, (max-width: 1362px) 45vw, 600px\" \/><figcaption id=\"caption-attachment-35043\" class=\"wp-caption-text\">Gedenkst\u00e4tte f\u00fcr die ermordeten Roma und Sinti.<\/figcaption><\/figure>\n<p>Essen, Joggen, KDW, Schokoladenmanufaktur, Bummeln, S-Bahn und Bus fahren, Alexanderplatz, Brandenburger Tor, Holocaust-Denkmal, <a href=\"http:\/\/www.berlin.de\/sehenswuerdigkeiten\/3561926-3558930-sinti-und-roma-denkmal.html\" target=\"_blank\">Roma und Sinti Gedenkst\u00e4tte<\/a>, Potsdamer Platz, Buchladen, Mittagsschlaf usw., usw., &#8230;<\/p>\n","protected":false},"excerpt":{"rendered":"<p>Die Reise nach Berlin war einfach nur gut. Wir haben alles richtig gemacht. &#8222;Richtig machen&#8220; hei\u00dft f\u00fcr mich, h\u00f6chstens zwei &#8222;harte&#8220; Programmpunkte zu planen, der &#8222;weiche&#8220; Rest ergibt sich dann &hellip; <a href=\"https:\/\/www.schiebener.net\/wordpress\/berlin-berlin-wir-waren-in-berlin-und-es-war-gut\/\" class=\"more-link\"><span class=\"screen-reader-text\">\u201eBerlin, Berlin &#8230; wir waren in Berlin &#8230; und es war gut.\u201c <\/span>weiterlesen<\/a><\/p>\n","protected":false},"author":3,"featured_media":0,"comment_status":"open","ping_status":"open","sticky":false,"template":"","format":"standard","meta":{"footnotes":""},"categories":[174,2489,674,854,2729],"tags":[6194,6193,336,6192,6196,770,6195,6188,6191],"class_list":["post-35040","post","type-post","status-publish","format-standard","hentry","category-dit-und-dat","category-in-eigener-sache","category-kultur","category-kunst","category-reisen","tag-aedes","tag-anne-frank","tag-berlin","tag-boris-lurie","tag-distel","tag-disteln","tag-gorki-theater","tag-lee-miller","tag-udagawa-imbiss"],"_links":{"self":[{"href":"https:\/\/www.schiebener.net\/wordpress\/wp-json\/wp\/v2\/posts\/35040","targetHints":{"allow":["GET"]}}],"collection":[{"href":"https:\/\/www.schiebener.net\/wordpress\/wp-json\/wp\/v2\/posts"}],"about":[{"href":"https:\/\/www.schiebener.net\/wordpress\/wp-json\/wp\/v2\/types\/post"}],"author":[{"embeddable":true,"href":"https:\/\/www.schiebener.net\/wordpress\/wp-json\/wp\/v2\/users\/3"}],"replies":[{"embeddable":true,"href":"https:\/\/www.schiebener.net\/wordpress\/wp-json\/wp\/v2\/comments?post=35040"}],"version-history":[{"count":0,"href":"https:\/\/www.schiebener.net\/wordpress\/wp-json\/wp\/v2\/posts\/35040\/revisions"}],"wp:attachment":[{"href":"https:\/\/www.schiebener.net\/wordpress\/wp-json\/wp\/v2\/media?parent=35040"}],"wp:term":[{"taxonomy":"category","embeddable":true,"href":"https:\/\/www.schiebener.net\/wordpress\/wp-json\/wp\/v2\/categories?post=35040"},{"taxonomy":"post_tag","embeddable":true,"href":"https:\/\/www.schiebener.net\/wordpress\/wp-json\/wp\/v2\/tags?post=35040"}],"curies":[{"name":"wp","href":"https:\/\/api.w.org\/{rel}","templated":true}]}}