{"id":34889,"date":"2016-03-05T14:28:13","date_gmt":"2016-03-05T13:28:13","guid":{"rendered":"http:\/\/www.schiebener.net\/wordpress\/?p=34889"},"modified":"2016-03-05T15:08:10","modified_gmt":"2016-03-05T14:08:10","slug":"was-sind-gute-schulen-themenausgabe-von-schulpaedagogik-heute-im-open-access","status":"publish","type":"post","link":"https:\/\/www.schiebener.net\/wordpress\/was-sind-gute-schulen-themenausgabe-von-schulpaedagogik-heute-im-open-access\/","title":{"rendered":"&#8222;Was sind gute Schulen?&#8220; &#8211; Themenausgabe von Schulp\u00e4dagogik-heute im Open Access"},"content":{"rendered":"<p><img loading=\"lazy\" decoding=\"async\" class=\"aligncenter size-full wp-image-34891\" src=\"http:\/\/www.schiebener.net\/wordpress\/wp-content\/uploads\/2016\/03\/schulpaedagogik20160305.jpg\" alt=\"schulpaedagogik20160305\" width=\"700\" height=\"495\" srcset=\"https:\/\/www.schiebener.net\/wordpress\/wp-content\/uploads\/2016\/03\/schulpaedagogik20160305.jpg 700w, https:\/\/www.schiebener.net\/wordpress\/wp-content\/uploads\/2016\/03\/schulpaedagogik20160305-300x212.jpg 300w\" sizes=\"auto, (max-width: 709px) 85vw, (max-width: 909px) 67vw, (max-width: 984px) 61vw, (max-width: 1362px) 45vw, 600px\" \/><strong>In meinem Briefkasten liegt seit ein paar Tagen ein Hinweis auf die neue Themenausgabe von Schulp\u00e4dagogik-heute zur Frage \u201aWas sind gute Schulen?\u2018.<\/strong><\/p>\n<p>Die schulp\u00e4dagogische Online-Zeitschrift ist \u2013im open access\u2013 soeben erschienen:<\/p>\n<p><a href=\"http:\/\/www.schulpaedagogik-heute.de\/\" target=\"_blank\">http:\/\/www.schulpaedagogik-heute.de\/<\/a><\/p>\n<p>&#8222;120 Autorinnen und Autoren haben ca. 80 Beitr\u00e4ge zur zentralen Frage nach der Qualit\u00e4t von Schule verfasst&#8220;, hei\u00dft es auf der Website des <a href=\"http:\/\/www.prolog-verlag.de\" target=\"_blank\">Prolog-Verlages<\/a>, und weiter:<\/p>\n<blockquote><p>&#8222;Die Frage nach den \u201aguten Schulen\u2018 wird zu unterschiedlichen Zeiten und in verschiedenen Kulturkreisen sicherlich verschieden beantwortet werden. Dementsprechend besteht kein Konsens \u00fcber Ergebnisse, auf die schulisches Wirken abzielen soll und \u00fcber Wege, die die Umsetzung der Ziele f\u00f6rdern sollen. Folglich m\u00fcssen bei der Bestimmung von Schulqualit\u00e4t, die als ein mehrdimensionales Konstrukt verstanden wird, die Wechselbeziehungen zwischen Faktoren des Kontextes, des Unterrichts und der Zielgruppen beachtet werden (Ditton\/ M\u00fcller, 2011). Aber auch die eigene gesellschaftliche, politische und \u00f6konomische Interessenslage wird einen Einfluss auf die Beantwortung der Frage nach der guten Schule haben. Entsprechend wird insbesondere das Verh\u00e4ltnis von Erziehung und Bildung f\u00fcr schulische Ziele unterschiedlich gesetzt werden \u2013 in den Extremen zwischen auf Anpassung ausgerichteter Dressur und an M\u00fcndigkeit orientierter Partizipation verortet.&#8220;<\/p><\/blockquote>\n<p>Auch, wenn mich der letzte Satz etwas irritiert, denn mit dem Leitbild des m\u00fcndigen B\u00fcrgers\/der m\u00fcndigen B\u00fcrgerin bin ich aufgewachsen und habe es nie als Extrem gesehen, werde ich mich in den n\u00e4chsten Tagen in die Artikelsammlung einlesen.<\/p>\n<p>Mich pers\u00f6nlich interessiert zur Zeit besonders die Frage, zu welchem Zwecke und Ende wir eigentlich in Deutschland &#8222;Schule veranstalten&#8220;. Die Diskussion dar\u00fcber habe ich schon lange nicht mehr gef\u00fchrt, denn spricht man mit Lehrerinnen und Lehrern \u00fcber ihr Arbeitsfeld, geht es meist um Alltagsprobleme wie beispielsweise Disziplin, Hausaufgaben und Klassengr\u00f6\u00dfe, aber selten bis nie um &#8222;das gro\u00dfe Ganze&#8220;.<\/p>\n<p>&#8222;Schulp\u00e4dagogik-heute&#8220; spannt den inhaltlichen Rahmen demgegen\u00fcber sehr weit:<\/p>\n<blockquote><p>\u201eEs scheint, als m\u00fcsste eine Theorie der Weltgesellschaft als neuer Referenzrahmen auch f\u00fcr eine Theorie der Schule gew\u00e4hlt werden. W\u00e4hrend im 19. Jahrhundert und 20. Jahrhundert die Schule ein Motor f\u00fcr die Herstellung der Nationen war, \u00fcbernimmt sie gegenw\u00e4rtig eine gewisse Rolle bei der Evolution zur Weltgesellschaft; sie bereitet funktional f\u00fcr die Weltgesellschaft vor und stellt Strukturen eines Weltbildungssystems mit her.\u201c<\/p><\/blockquote>\n<p>Die Themen sind folgerichtig breit gef\u00e4chert:<\/p>\n<ul>\n<li>Historische und kulturelle Relativit\u00e4t von Schule;<\/li>\n<li>Rolle der Schule bei Erziehung und Wertevermittlung;<\/li>\n<li>Schule von den Kindern und Jugendlichen her denken;<\/li>\n<li>Funktionen der Schule und Konsequenzen f\u00fcr das Lernen;<\/li>\n<li>Partizipation, Schulaufsicht und Schulentwicklung;<\/li>\n<li>Kompetenzorientierung und Pr\u00fcfungsformate in der \u201aguten Schule\u2018;<\/li>\n<li>Qualit\u00e4tsentwicklung von Ganztagsschulen;<\/li>\n<li>Rhythmisierung von Ganztagsschulen;<\/li>\n<li>\u201aGute Schulen\u2018 und Inklusion;<\/li>\n<li>Lehrerbildung und Schulqualit\u00e4t;<\/li>\n<li>Zum Verh\u00e4ltnis von Schulatmosph\u00e4re, Unterrichtsklima und Lernerfolg;<\/li>\n<li>Lern\u00f6kologische Gestaltung von Schule;<\/li>\n<li>Kinder und Jugendliche aus Fl\u00fcchtlingsfamilien kommen in die Schulen;<\/li>\n<li>Schulen der Zukunft;<\/li>\n<li>Weltgesellschaft, Globalisierung und Schulentwicklung;<\/li>\n<li>Zur Frage religi\u00f6ser und ethischer Bildung an \u201aguten Schulen\u2018;<\/li>\n<li>Digitale Lerngemeinschaften;<\/li>\n<li>Gesunde Schule \u2013 Wann st\u00e4rken Schulen die Ressourcen der Lernenden?<\/li>\n<li>Erfolgreiche Schulmodelle aus anderen Kulturkreisen;<\/li>\n<li>Verh\u00e4ltnis und Vergleich von privaten und \u00f6ffentlichen Schulen;<\/li>\n<li>Schulfunktion und Schulstruktur;<\/li>\n<li>Best Practice-Beispiele gelungener Schulentwicklung.<\/li>\n<\/ul>\n<p>Die Federf\u00fchrung der Ausgabe hatten Swantje Hadeler, Gabriel Hund-G\u00f6schel und Klaus Moegling. Die Beitr\u00e4ge zur Ganztagsschule wurden von Natalie Fischer, Hans-Peter Kuhn und Carina Tillack betreut.<\/p>\n<p>Selber st\u00f6bern und lesen: <a href=\"http:\/\/www.schulpaedagogik-heute.de\/\" target=\"_blank\">http:\/\/www.schulpaedagogik-heute.de\/<\/a><\/p>\n","protected":false},"excerpt":{"rendered":"<p>In meinem Briefkasten liegt seit ein paar Tagen ein Hinweis auf die neue Themenausgabe von Schulp\u00e4dagogik-heute zur Frage \u201aWas sind gute Schulen?\u2018. Die schulp\u00e4dagogische Online-Zeitschrift ist \u2013im open access\u2013 soeben &hellip; <a href=\"https:\/\/www.schiebener.net\/wordpress\/was-sind-gute-schulen-themenausgabe-von-schulpaedagogik-heute-im-open-access\/\" class=\"more-link\"><span class=\"screen-reader-text\">\u201e&#8222;Was sind gute Schulen?&#8220; &#8211; Themenausgabe von Schulp\u00e4dagogik-heute im Open Access\u201c <\/span>weiterlesen<\/a><\/p>\n","protected":false},"author":3,"featured_media":0,"comment_status":"open","ping_status":"open","sticky":false,"template":"","format":"standard","meta":{"footnotes":""},"categories":[3,303,1043],"tags":[6162,655,6163,6161],"class_list":["post-34889","post","type-post","status-publish","format-standard","hentry","category-bildung-und-schule","category-in-unserem-briefkasten","category-pressemitteilungen","tag-open-access","tag-pressemitteilung","tag-prolog-verlag","tag-schulpaedagogik-heute"],"_links":{"self":[{"href":"https:\/\/www.schiebener.net\/wordpress\/wp-json\/wp\/v2\/posts\/34889","targetHints":{"allow":["GET"]}}],"collection":[{"href":"https:\/\/www.schiebener.net\/wordpress\/wp-json\/wp\/v2\/posts"}],"about":[{"href":"https:\/\/www.schiebener.net\/wordpress\/wp-json\/wp\/v2\/types\/post"}],"author":[{"embeddable":true,"href":"https:\/\/www.schiebener.net\/wordpress\/wp-json\/wp\/v2\/users\/3"}],"replies":[{"embeddable":true,"href":"https:\/\/www.schiebener.net\/wordpress\/wp-json\/wp\/v2\/comments?post=34889"}],"version-history":[{"count":0,"href":"https:\/\/www.schiebener.net\/wordpress\/wp-json\/wp\/v2\/posts\/34889\/revisions"}],"wp:attachment":[{"href":"https:\/\/www.schiebener.net\/wordpress\/wp-json\/wp\/v2\/media?parent=34889"}],"wp:term":[{"taxonomy":"category","embeddable":true,"href":"https:\/\/www.schiebener.net\/wordpress\/wp-json\/wp\/v2\/categories?post=34889"},{"taxonomy":"post_tag","embeddable":true,"href":"https:\/\/www.schiebener.net\/wordpress\/wp-json\/wp\/v2\/tags?post=34889"}],"curies":[{"name":"wp","href":"https:\/\/api.w.org\/{rel}","templated":true}]}}