{"id":34834,"date":"2016-02-29T21:47:39","date_gmt":"2016-02-29T20:47:39","guid":{"rendered":"http:\/\/www.schiebener.net\/wordpress\/?p=34834"},"modified":"2016-02-29T22:03:34","modified_gmt":"2016-02-29T21:03:34","slug":"schalttag-2016-pedalieren-nicht-politisieren-fahrradsaison-eroeffnet","status":"publish","type":"post","link":"https:\/\/www.schiebener.net\/wordpress\/schalttag-2016-pedalieren-nicht-politisieren-fahrradsaison-eroeffnet\/","title":{"rendered":"Schalttag 2016: Pedalieren, nicht politisieren &#8230; Fahrradsaison er\u00f6ffnet"},"content":{"rendered":"<p><figure id=\"attachment_34835\" aria-describedby=\"caption-attachment-34835\" style=\"width: 700px\" class=\"wp-caption aligncenter\"><img loading=\"lazy\" decoding=\"async\" src=\"http:\/\/www.schiebener.net\/wordpress\/wp-content\/uploads\/2016\/02\/Radfahren20160229.jpg\" alt=\"Trotz Temperaturen um den Gefrierpunkt prima Radwetter im Hochsauerland.\" width=\"700\" height=\"525\" class=\"size-full wp-image-34835\" srcset=\"https:\/\/www.schiebener.net\/wordpress\/wp-content\/uploads\/2016\/02\/Radfahren20160229.jpg 700w, https:\/\/www.schiebener.net\/wordpress\/wp-content\/uploads\/2016\/02\/Radfahren20160229-300x225.jpg 300w\" sizes=\"auto, (max-width: 709px) 85vw, (max-width: 909px) 67vw, (max-width: 984px) 61vw, (max-width: 1362px) 45vw, 600px\" \/><figcaption id=\"caption-attachment-34835\" class=\"wp-caption-text\">Trotz Temperaturen um den Gefrierpunkt prima Radwetter im Hochsauerland (foto: zoom)<\/figcaption><\/figure><strong>Heute habe ich die Fahrradsaison 2016 er\u00f6ffnet. Bei blauem Himmel und Sonnenschein konnte ich die Temperaturen knapp \u00fcber dem Gefrierpunkt gut aushalten.<\/strong><\/p>\n<p>Es kommt nicht h\u00e4ufig vor, dass ich an einem Schalttag mit dem Rad die 14 Kilometer zur Arbeit und nat\u00fcrlich wieder zur\u00fcck nach Hause fahre.<\/p>\n<p>Ganz ohne Politik verging der Tag trotzdem nicht. <\/p>\n<p>Bei Kr\u00e4ling 1000, unserem \u00f6rtlichen Schreibwarenladen und Buchh\u00e4ndler, habe ich mir die neue &#8222;konkret&#8220; gekauft und immerhin schon das Interview mit der Politikwissenschaftlerin und SPD-Politikerin Gesine Schwan \u00fcber die Fl\u00fcchtlingspolitik und Europa gelesen. <\/p>\n<p>Eine Seite. Das war zu schaffen.<\/p>\n<p>Die Sendung mit Anne Will und Angela Merkel von gestern Abend wabert immer noch durch mein Denken, ohne dass ich mir einen endg\u00fcltigen Reim auf die Aussagen der Bundeskanzlerin h\u00e4tte machen k\u00f6nnen.<\/p>\n<p>Einerseits:<\/p>\n<blockquote class=\"twitter-tweet\" data-lang=\"de\">\n<p lang=\"de\" dir=\"ltr\">Viele Sprechblasen bei <a href=\"https:\/\/twitter.com\/hashtag\/annewill?src=hash\">#annewill<\/a><\/p>\n<p>&mdash; zoom (@hskzoom) <a href=\"https:\/\/twitter.com\/hskzoom\/status\/704046672825982976\">28. Februar 2016<\/a><\/p><\/blockquote>\n<p><script async src=\"\/\/platform.twitter.com\/widgets.js\" charset=\"utf-8\"><\/script><\/p>\n<p>Andererseits:<\/p>\n<blockquote class=\"twitter-tweet\" data-lang=\"de\">\n<p lang=\"de\" dir=\"ltr\">Mein Gedanke &#8230; <a href=\"https:\/\/t.co\/v0Wx4tbDkc\">https:\/\/t.co\/v0Wx4tbDkc<\/a><\/p>\n<p>&mdash; zoom (@hskzoom) <a href=\"https:\/\/twitter.com\/hskzoom\/status\/704055702361411585\">28. Februar 2016<\/a><\/p><\/blockquote>\n<p><script async src=\"\/\/platform.twitter.com\/widgets.js\" charset=\"utf-8\"><\/script><\/p>\n<p>Vielleicht schaffe ich zum Abschluss des Abends noch, den Artikel von Stefan Ripplinger, &#8222;Entsichert und geladen. Nach der K\u00f6lner Silvesternacht macht sich das deutsche B\u00fcrgertum auf den R\u00fcckweg in autorit\u00e4re Verh\u00e4ltnisse&#8220; zu lesen.<\/p>\n<p>Speichern. Ver\u00f6ffentlichen. Raus.<\/p>\n<p>Gute Nacht.<\/p>\n","protected":false},"excerpt":{"rendered":"<p>Heute habe ich die Fahrradsaison 2016 er\u00f6ffnet. Bei blauem Himmel und Sonnenschein konnte ich die Temperaturen knapp \u00fcber dem Gefrierpunkt gut aushalten. Es kommt nicht h\u00e4ufig vor, dass ich an &hellip; <a href=\"https:\/\/www.schiebener.net\/wordpress\/schalttag-2016-pedalieren-nicht-politisieren-fahrradsaison-eroeffnet\/\" class=\"more-link\"><span class=\"screen-reader-text\">\u201eSchalttag 2016: Pedalieren, nicht politisieren &#8230; Fahrradsaison er\u00f6ffnet\u201c <\/span>weiterlesen<\/a><\/p>\n","protected":false},"author":3,"featured_media":0,"comment_status":"open","ping_status":"open","sticky":false,"template":"","format":"standard","meta":{"footnotes":""},"categories":[174,2489,32,24],"tags":[2919,1279,6153,538,3782,6152],"class_list":["post-34834","post","type-post","status-publish","format-standard","hentry","category-dit-und-dat","category-in-eigener-sache","category-medien","category-politik","tag-angela-merkel","tag-anne-will","tag-gesine-schwan","tag-konkret","tag-radfahren","tag-schalttag-2016"],"_links":{"self":[{"href":"https:\/\/www.schiebener.net\/wordpress\/wp-json\/wp\/v2\/posts\/34834","targetHints":{"allow":["GET"]}}],"collection":[{"href":"https:\/\/www.schiebener.net\/wordpress\/wp-json\/wp\/v2\/posts"}],"about":[{"href":"https:\/\/www.schiebener.net\/wordpress\/wp-json\/wp\/v2\/types\/post"}],"author":[{"embeddable":true,"href":"https:\/\/www.schiebener.net\/wordpress\/wp-json\/wp\/v2\/users\/3"}],"replies":[{"embeddable":true,"href":"https:\/\/www.schiebener.net\/wordpress\/wp-json\/wp\/v2\/comments?post=34834"}],"version-history":[{"count":0,"href":"https:\/\/www.schiebener.net\/wordpress\/wp-json\/wp\/v2\/posts\/34834\/revisions"}],"wp:attachment":[{"href":"https:\/\/www.schiebener.net\/wordpress\/wp-json\/wp\/v2\/media?parent=34834"}],"wp:term":[{"taxonomy":"category","embeddable":true,"href":"https:\/\/www.schiebener.net\/wordpress\/wp-json\/wp\/v2\/categories?post=34834"},{"taxonomy":"post_tag","embeddable":true,"href":"https:\/\/www.schiebener.net\/wordpress\/wp-json\/wp\/v2\/tags?post=34834"}],"curies":[{"name":"wp","href":"https:\/\/api.w.org\/{rel}","templated":true}]}}