{"id":3475,"date":"2009-06-03T20:31:45","date_gmt":"2009-06-03T19:31:45","guid":{"rendered":"http:\/\/www.schiebener.net\/wordpress\/?p=3475"},"modified":"2009-06-04T09:30:32","modified_gmt":"2009-06-04T08:30:32","slug":"gewerkschaften-detlef-hensche-ich-war-dann-soweit","status":"publish","type":"post","link":"https:\/\/www.schiebener.net\/wordpress\/gewerkschaften-detlef-hensche-ich-war-dann-soweit\/","title":{"rendered":"Gewerkschaften? Detlef Hensche: &#8222;Ich w\u00e4r&#8216; dann soweit"},"content":{"rendered":"<p>Manchmal lohnt es sich doch, im &#8222;Freitag&#8220; zu st\u00f6bern. Schon Ende April hatte sich Detlef Hensche, ehemaliger Vorsitzender der &#8222;IG Medien&#8220;, \u00fcber die Chancen der Gewerkschaften in der Krise ge\u00e4u\u00dfert:<\/p>\n<blockquote><p>Die Gewerkschaften haben wieder Vertrauen \u00adgewonnen. Sie m\u00fcssen jetzt ihre L\u00e4hmung \u00fcberwinden. Die Zeit ist reif, den Konflikt auch in die Betriebe zu tragen<\/p>\n<p>In der Krise liegen Chancen, tr\u00f6stet uns der Bundespr\u00e4sident. Der Neoliberalismus ist delegitimiert, frohlockt die Gewerkschaftszeitung. Studenten lesen wieder Marx, der Sozialismus wird hoff\u00e4hig, sorgt sich Die Zeit. Steht also eine politische Wende bevor? Zweifel sind angebracht. Die Bundesregierung tut jedenfalls alles, \u00fcberf\u00e4llige Reformen zu verhindern. Und die Gesellschaft \u00fcbt sich in Geduld.<\/p>\n<p>Wer dem desastr\u00f6sen Wirken der Finanzm\u00e4rkte Einhalt gebieten will, muss die Realwirtschaft zum Thema machen&#8230;. <a href=\"http:\/\/www.freitag.de\/wochenthema\/0918-gewerkschaften-sofortprogramm-arbeitskampf-wochenthema?searchterm=Detlef+Hensche\" target=\"_blank\">weiter hier<\/a><\/p><\/blockquote>\n<p>Im Freitag selbst hat zu dem Thema nur eine kleine Diskussion mit vier Beitr\u00e4gen stattgefunden, der vierte schon eine Klage:<\/p>\n<blockquote><p>Erschreckend, wie wenig zu diesem wichtigen Thema gebloggt wird. DA versteht sich die Community plural irgendwie &#8222;links&#8220; und haT FAST NICHTS ZU SAGEN BZW: ZU DISKUTIEREN:<\/p><\/blockquote>\n<p>F\u00fcr mich ein Grund auf meine Blogroll zu schauen und zu bemerken: Links in die Arbeitswelt gibt es bei mir eigentlich auch nicht. Lediglich die eher akademisch gepr\u00e4gten &#8222;<a href=\"http:\/\/www.nachdenkseiten.de\" target=\"_blank\">NachdenkSeiten<\/a>&#8220; und &#8222;<a href=\"http:\/\/www.weissgarnix.de\" target=\"_blank\">weissgarnix<\/a>&#8222;.<\/p>\n<p>Ich werde mich demn\u00e4chst auf die Suche begeben.<\/p>\n<p>Dar\u00fcber hinaus habe ich die <a href=\"http:\/\/www.freitag.de\/community\/blogs\/anna-dorothea\" target=\"_blank\">Beitr\u00e4ge einer Bloggerin<\/a> aus dem Freitag ganz interessant gefunden. <span style=\"text-decoration: line-through;\">Ich werde versuchen, ihr &#8222;Freitags-Blog&#8220; zu verlinken.<\/span> Die &#8222;embedded Blogs&#8220; im Freitag sind mir zur Zeit immer noch zu umst\u00e4ndlich.<\/p>\n","protected":false},"excerpt":{"rendered":"<p>Manchmal lohnt es sich doch, im &#8222;Freitag&#8220; zu st\u00f6bern. Schon Ende April hatte sich Detlef Hensche, ehemaliger Vorsitzender der &#8222;IG Medien&#8220;, \u00fcber die Chancen der Gewerkschaften in der Krise ge\u00e4u\u00dfert: &hellip; <a href=\"https:\/\/www.schiebener.net\/wordpress\/gewerkschaften-detlef-hensche-ich-war-dann-soweit\/\" class=\"more-link\"><span class=\"screen-reader-text\">\u201eGewerkschaften? Detlef Hensche: &#8222;Ich w\u00e4r&#8216; dann soweit\u201c <\/span>weiterlesen<\/a><\/p>\n","protected":false},"author":3,"featured_media":0,"comment_status":"open","ping_status":"open","sticky":false,"template":"","format":"standard","meta":{"footnotes":""},"categories":[32,24],"tags":[5868,541,333,543],"class_list":["post-3475","post","type-post","status-publish","format-standard","hentry","category-medien","category-politik","tag-arbeitswelt","tag-detlef-hensche","tag-freitag","tag-gewerkschaften"],"_links":{"self":[{"href":"https:\/\/www.schiebener.net\/wordpress\/wp-json\/wp\/v2\/posts\/3475","targetHints":{"allow":["GET"]}}],"collection":[{"href":"https:\/\/www.schiebener.net\/wordpress\/wp-json\/wp\/v2\/posts"}],"about":[{"href":"https:\/\/www.schiebener.net\/wordpress\/wp-json\/wp\/v2\/types\/post"}],"author":[{"embeddable":true,"href":"https:\/\/www.schiebener.net\/wordpress\/wp-json\/wp\/v2\/users\/3"}],"replies":[{"embeddable":true,"href":"https:\/\/www.schiebener.net\/wordpress\/wp-json\/wp\/v2\/comments?post=3475"}],"version-history":[{"count":0,"href":"https:\/\/www.schiebener.net\/wordpress\/wp-json\/wp\/v2\/posts\/3475\/revisions"}],"wp:attachment":[{"href":"https:\/\/www.schiebener.net\/wordpress\/wp-json\/wp\/v2\/media?parent=3475"}],"wp:term":[{"taxonomy":"category","embeddable":true,"href":"https:\/\/www.schiebener.net\/wordpress\/wp-json\/wp\/v2\/categories?post=3475"},{"taxonomy":"post_tag","embeddable":true,"href":"https:\/\/www.schiebener.net\/wordpress\/wp-json\/wp\/v2\/tags?post=3475"}],"curies":[{"name":"wp","href":"https:\/\/api.w.org\/{rel}","templated":true}]}}