{"id":34727,"date":"2016-02-14T21:27:57","date_gmt":"2016-02-14T20:27:57","guid":{"rendered":"http:\/\/www.schiebener.net\/wordpress\/?p=34727"},"modified":"2016-02-14T21:27:57","modified_gmt":"2016-02-14T20:27:57","slug":"zusatzvorstellung-phaenomen-faust-am-26-2-2016-in-der-arnsberger-kulturschmiede","status":"publish","type":"post","link":"https:\/\/www.schiebener.net\/wordpress\/zusatzvorstellung-phaenomen-faust-am-26-2-2016-in-der-arnsberger-kulturschmiede\/","title":{"rendered":"Zusatzvorstellung &#8222;Ph\u00e4nomen FAUST&#8220; am 26.2.2016 in der Arnsberger Kulturschmiede"},"content":{"rendered":"<figure id=\"attachment_34728\" aria-describedby=\"caption-attachment-34728\" style=\"width: 158px\" class=\"wp-caption alignleft\"><img loading=\"lazy\" decoding=\"async\" class=\"size-full wp-image-34728\" src=\"http:\/\/www.schiebener.net\/wordpress\/wp-content\/uploads\/2016\/02\/02_image002.jpg\" alt=\"Die beste Theatergruppe im HSK - nur meine Meinung. (foto: teatron)\" width=\"158\" height=\"447\" srcset=\"https:\/\/www.schiebener.net\/wordpress\/wp-content\/uploads\/2016\/02\/02_image002.jpg 158w, https:\/\/www.schiebener.net\/wordpress\/wp-content\/uploads\/2016\/02\/02_image002-106x300.jpg 106w\" sizes=\"auto, (max-width: 158px) 85vw, 158px\" \/><figcaption id=\"caption-attachment-34728\" class=\"wp-caption-text\">Die beste Theatergruppe im HSK &#8211; nur meine Meinung. (foto: teatron)<\/figcaption><\/figure>\n<p><strong>Arnsberg. (<a href=\"http:\/\/www.teatron-theater.de\" target=\"_blank\">teatron_pm<\/a>) Eine weitere, f\u00fcr diesen Spielblock letzte Zusatzvorstellung von \u201ePh\u00e4nomen FAUST\u201c am Freitag, 26.2.2016 ist freigeschaltet. Karten gibt es ab sofort im Stadtb\u00fcro Arnsberg unter 02931 8931143, sowie an der Abendkasse in der Kulturschmiede, Apostelstra\u00dfe 5, 59821 Arnsberg.<\/strong><\/p>\n<p>Ein Tipp f\u00fcr Ortsans\u00e4ssige: Erfahrungsgem\u00e4\u00df gibt es sehr oft noch Einzelkarten an der Abendkasse \u2013 auch bei im Vorverkauf ausverkauftem Haus.<\/p>\n<p>Wir bedanken uns ganz herzlich bei unserem Publikum f\u00fcr das gro\u00dfe Interesse an unserer Arbeit.<\/p>\n<p><strong>Ph\u00e4nomen FAUST<\/strong><\/p>\n<p>Nach Johann Wolfgang Goethe. Faust. Teil 1<\/p>\n<p>Premiere am 19.2.2016 (ausverkauft), 20.-23.02.2016 (ausverkauft)<br \/>\n24. und 25.02.2016 (ausverkauft)<\/p>\n<p><strong>26.02.2016 \u2013 Kartenvorbestellung: Stadtb\u00fcros Arnsberg, 02931 893 1143<\/strong><\/p>\n<p>\u201eAuch ich hatte mich in allem Wissen umhergetrieben und war fr\u00fch genug auf die Eitelkeit desselben hingewiesen worden. Ich hatte es auch im Leben auf allerlei Weise versucht, und war immer unbefriedigter und gequ\u00e4lter zur\u00fcckgekommen.\u201c<br \/>\n<em>(Aus J.W.Goethe: Dichtung und Wahrheit)<\/em><\/p>\n<p>Die Parabel des wissensdurstigen Wissenschaftlers und Gelehrten Faust, der den ber\u00fchmten Pakt mit dem Teufel Mephisto eingeht, um endlich Erkenntnis und Ruhe zu finden &#8211; \u201ewerd ich zum Augenblicke sagen, verweile doch du bist so sch\u00f6n\u201c &#8211; in einer genre\u00fcbergreifenden TEATRON Bearbeitung.<\/p>\n<p>Die Inszenierungen des TEATRON THEATERs zeichnen sich durch einen immer wieder wechselnden Einsatz von Elementen aus verschiedenen Kunstrichtungen aus. In dieser Inszenierung werden Schauspiel und Figurenspiel mit choreographischen und musikalischen Elementen kombiniert. Der klassische Faust-Text wird zwar in gek\u00fcrzter, aber stilistisch authentischer Form dargeboten. Das Publikum erwartet eine unkonventionelle, theatralische Reise durch Fausts Gedankenwelten.<\/p>\n<ul>\n<li>Mit: Oliver El-Fayoumy, Maik Evers, Fabian Sattler, Pia Wagner<\/li>\n<li>Regie: Yehuda Almagor, Dramaturgie, Textfassung: Ursula Almagor, Choreographie: Manuel Quero, Figurenbau- und spiel: Maik Evers,<\/li>\n<li>Musikalische Leitung: Gunther Tiedemann, Illustration und Plakatdesign: Daniel Almagor<\/li>\n<\/ul>\n<p><a href=\"http:\/\/www.teatron-theater.de\" target=\"_blank\">www.teatron-theater.de<\/a><\/p>\n","protected":false},"excerpt":{"rendered":"<p>Arnsberg. (teatron_pm) Eine weitere, f\u00fcr diesen Spielblock letzte Zusatzvorstellung von \u201ePh\u00e4nomen FAUST\u201c am Freitag, 26.2.2016 ist freigeschaltet. Karten gibt es ab sofort im Stadtb\u00fcro Arnsberg unter 02931 8931143, sowie an &hellip; <a href=\"https:\/\/www.schiebener.net\/wordpress\/zusatzvorstellung-phaenomen-faust-am-26-2-2016-in-der-arnsberger-kulturschmiede\/\" class=\"more-link\"><span class=\"screen-reader-text\">\u201eZusatzvorstellung &#8222;Ph\u00e4nomen FAUST&#8220; am 26.2.2016 in der Arnsberger Kulturschmiede\u201c <\/span>weiterlesen<\/a><\/p>\n","protected":false},"author":17,"featured_media":0,"comment_status":"open","ping_status":"open","sticky":false,"template":"","format":"standard","meta":{"footnotes":""},"categories":[303,674,80,1043],"tags":[6054,4260,655,4670],"class_list":["post-34727","post","type-post","status-publish","format-standard","hentry","category-in-unserem-briefkasten","category-kultur","category-lokales","category-pressemitteilungen","tag-faust-i","tag-kulturschmiede-arnsberg","tag-pressemitteilung","tag-teatron-theater"],"_links":{"self":[{"href":"https:\/\/www.schiebener.net\/wordpress\/wp-json\/wp\/v2\/posts\/34727","targetHints":{"allow":["GET"]}}],"collection":[{"href":"https:\/\/www.schiebener.net\/wordpress\/wp-json\/wp\/v2\/posts"}],"about":[{"href":"https:\/\/www.schiebener.net\/wordpress\/wp-json\/wp\/v2\/types\/post"}],"author":[{"embeddable":true,"href":"https:\/\/www.schiebener.net\/wordpress\/wp-json\/wp\/v2\/users\/17"}],"replies":[{"embeddable":true,"href":"https:\/\/www.schiebener.net\/wordpress\/wp-json\/wp\/v2\/comments?post=34727"}],"version-history":[{"count":0,"href":"https:\/\/www.schiebener.net\/wordpress\/wp-json\/wp\/v2\/posts\/34727\/revisions"}],"wp:attachment":[{"href":"https:\/\/www.schiebener.net\/wordpress\/wp-json\/wp\/v2\/media?parent=34727"}],"wp:term":[{"taxonomy":"category","embeddable":true,"href":"https:\/\/www.schiebener.net\/wordpress\/wp-json\/wp\/v2\/categories?post=34727"},{"taxonomy":"post_tag","embeddable":true,"href":"https:\/\/www.schiebener.net\/wordpress\/wp-json\/wp\/v2\/tags?post=34727"}],"curies":[{"name":"wp","href":"https:\/\/api.w.org\/{rel}","templated":true}]}}