{"id":34710,"date":"2016-02-12T22:37:43","date_gmt":"2016-02-12T21:37:43","guid":{"rendered":"http:\/\/www.schiebener.net\/wordpress\/?p=34710"},"modified":"2016-02-12T22:43:21","modified_gmt":"2016-02-12T21:43:21","slug":"landrat-vs-westfalenpost-01-wenn-da-nicht-das-kleine-so-waere","status":"publish","type":"post","link":"https:\/\/www.schiebener.net\/wordpress\/landrat-vs-westfalenpost-01-wenn-da-nicht-das-kleine-so-waere\/","title":{"rendered":"Landrat vs Westfalenpost 0:1, wenn da nicht das kleine &#8222;so&#8220; w\u00e4re &#8230;"},"content":{"rendered":"<p><strong>Wer sagt die Wahrheit? Die Westfalenpost Winterberg oder der Landrat des Hochsauerlandkreises Dr. Karl Schneider?<\/strong><\/p>\n<p>Am 11. Januar hatte die Westfalenpost \u00fcber den Neujahrsempfang der Stadt Winterberg berichtet:<\/p>\n<blockquote><p>\u201eWir schaffen das nicht!\u201c Deutliche Worte fand HSK-Landrat Dr. Karl Schneider auf dem Winterberger Neujahrsempfang in Richtung der deutschen Fl\u00fcchtlingspolitik von Bundeskanzlerin Angela Merkel. Er forderte einen geregelten Zustrom von Asylbewerbern sowohl nach Deutschland als auch in andere europ\u00e4ische L\u00e4nder, um die Kommunen zu entlasten. Er wolle, insbesondere auch im Hinblick auf die j\u00fcngsten Ereignisse in K\u00f6ln und Hamburg, keine Stimmung gegen Fl\u00fcchtlinge machen. Aber es sei h\u00f6chste Zeit, Tatsachen anzusprechen, Unrecht zu benennen und \u201edie Heuchelei anderer Kreis-Parteien\u201c in Bezug auf die Abschiebe-Praxis im HSK zu unterbinden.<\/p><\/blockquote>\n<p><a href=\"http:\/\/www.derwesten.de\/staedte\/nachrichten-aus-brilon-marsberg-und-olsberg\/30-fluechtlingshelfer-aus-winterberg-ausgezeichnet-id11449713.html\" target=\"_blank\">http:\/\/www.derwesten.de\/staedte\/nachrichten-aus-brilon-marsberg-und-olsberg\/30-fluechtlingshelfer-aus-winterberg-ausgezeichnet-id11449713.html<\/a><\/p>\n<p><strong>Das entscheidende Zitat im WP-Bericht ist: \u201edie Heuchelei anderer Kreis-Parteien\u201c.<\/strong><\/p>\n<p>Die Sauerl\u00e4nder B\u00fcrgerliste stellte daraufhin dem Landrat folgende Frage:<\/p>\n<blockquote><p>Welche \u201eanderen Kreisparteien\u201c titulieren Sie als heuchlerisch, und warum? Wen und was meinen Sie genau damit? Falls das Zitat zutreffen sollte, wie begr\u00fcnden Sie Ihre \u00c4u\u00dferung?<\/p><\/blockquote>\n<p>Der Landrat antwortete:<\/p>\n<p>Zu meiner Rede zum Neujahrsempfang in Winterberg kann ich Ihnen folgende Information geben. Das Zitat aus der Westfalenpost ist so nicht richtig. Ich habe mich unter dem Hinweis auf die K\u00f6lner Ereignisse in etwa wie folgt ge\u00e4u\u00dfert: \u201eEs hat viel zu lange gedauert, bis alles ans Tageslicht gekommen ist. Und auf einmal darf etwas ausgesprochen werden, was sonst als politisch unkorrekt angeprangert worden ist. Die Heuchelei kennt offenbar keine Grenzen. Was ist auch meine Beh\u00f6rde politisch verurteilt worden, wenn wir nach Recht und Gesetz abgeschoben haben.<\/p>\n<p><a href=\"http:\/\/www.schiebener.net\/wordpress\/die-reden-des-landrats-mit-echo-alles-eine-frage-der-interpretation\/\" target=\"_blank\">http:\/\/www.schiebener.net\/wordpress\/die-reden-des-landrats-mit-echo-alles-eine-frage-der-interpretation\/<\/a><\/p>\n<p><strong>Entscheidend ist hier die Aussage des Landrats: &#8222;Das Zitat aus der Westfalenpost ist so nicht richtig.&#8220;<\/strong><\/p>\n<p>Wer hat Recht?<\/p>\n<p>Wir haben einige Gespr\u00e4che gef\u00fchrt und dar\u00fcber hinaus Einblick in Aufzeichnungen des Neujahrsempfangs gehabt und urteilen auf Grundlage dieser Belege, dass der Landrat NICHT Recht hat. Die Zitation der Westfalenpost ist mit gro\u00dfer Sicherheit korrekt.<\/p>\n<p>Dazu kommt, dass der Landrat mit seiner Rede vielen ehrenamtlichen Fl\u00fcchtlingshelfern vor den Kopf gesto\u00dfen hat. Mit seiner Antwort versucht er eventuell Schadensbegrenzung, weil ihm eigentlich auch klar sein m\u00fcsste, was er bei vielen Menschen in Winterberg angerichtet hat.<\/p>\n<p>Interessant ist in diesem Zusammenhang, dass der Landrat nicht einfach schreibt: &#8222;Das Zitat aus der Westfalenpost ist falsch.&#8220;<\/p>\n<p>Nein, er antwortet, es sei &#8222;so nicht richtig&#8220;. Das kleine W\u00f6rtchen &#8222;so&#8220; dient dem Landrat als Notausgang.<\/p>\n<p>Der Landrat winde sich doch wieder raus und komme damit durch, sagte mir gestern ein Kommunalpolitiker am Rande einer Veranstaltung in Meschede.<\/p>\n<p>Ich kann das nicht abschlie\u00dfend beurteilen, aber geschickt ist das kleine &#8222;so&#8220; auf jeden Fall.<\/p>\n<p>Man kann auch vom Landrat lernen.<\/p>\n","protected":false},"excerpt":{"rendered":"<p>Wer sagt die Wahrheit? Die Westfalenpost Winterberg oder der Landrat des Hochsauerlandkreises Dr. Karl Schneider? Am 11. Januar hatte die Westfalenpost \u00fcber den Neujahrsempfang der Stadt Winterberg berichtet: \u201eWir schaffen &hellip; <a href=\"https:\/\/www.schiebener.net\/wordpress\/landrat-vs-westfalenpost-01-wenn-da-nicht-das-kleine-so-waere\/\" class=\"more-link\"><span class=\"screen-reader-text\">\u201eLandrat vs Westfalenpost 0:1, wenn da nicht das kleine &#8222;so&#8220; w\u00e4re &#8230;\u201c <\/span>weiterlesen<\/a><\/p>\n","protected":false},"author":3,"featured_media":0,"comment_status":"open","ping_status":"open","sticky":false,"template":"","format":"standard","meta":{"footnotes":""},"categories":[80,32],"tags":[4789,5978,1283,6128,340],"class_list":["post-34710","post","type-post","status-publish","format-standard","hentry","category-lokales","category-medien","tag-anfrage-sbl","tag-fluechtlingshilfe","tag-landrat-dr-karl-schneider","tag-neujahrsempfang-winterberg","tag-westfalenpost"],"_links":{"self":[{"href":"https:\/\/www.schiebener.net\/wordpress\/wp-json\/wp\/v2\/posts\/34710","targetHints":{"allow":["GET"]}}],"collection":[{"href":"https:\/\/www.schiebener.net\/wordpress\/wp-json\/wp\/v2\/posts"}],"about":[{"href":"https:\/\/www.schiebener.net\/wordpress\/wp-json\/wp\/v2\/types\/post"}],"author":[{"embeddable":true,"href":"https:\/\/www.schiebener.net\/wordpress\/wp-json\/wp\/v2\/users\/3"}],"replies":[{"embeddable":true,"href":"https:\/\/www.schiebener.net\/wordpress\/wp-json\/wp\/v2\/comments?post=34710"}],"version-history":[{"count":0,"href":"https:\/\/www.schiebener.net\/wordpress\/wp-json\/wp\/v2\/posts\/34710\/revisions"}],"wp:attachment":[{"href":"https:\/\/www.schiebener.net\/wordpress\/wp-json\/wp\/v2\/media?parent=34710"}],"wp:term":[{"taxonomy":"category","embeddable":true,"href":"https:\/\/www.schiebener.net\/wordpress\/wp-json\/wp\/v2\/categories?post=34710"},{"taxonomy":"post_tag","embeddable":true,"href":"https:\/\/www.schiebener.net\/wordpress\/wp-json\/wp\/v2\/tags?post=34710"}],"curies":[{"name":"wp","href":"https:\/\/api.w.org\/{rel}","templated":true}]}}