{"id":34573,"date":"2016-01-24T22:16:05","date_gmt":"2016-01-24T21:16:05","guid":{"rendered":"http:\/\/www.schiebener.net\/wordpress\/?p=34573"},"modified":"2016-01-24T22:16:05","modified_gmt":"2016-01-24T21:16:05","slug":"umleitung-rassismus-fluechtlinge-geschichte-mein-kampf-zika-virus-buergerwehren-und-die-lokalzeitung-als-brandbeschleuniger","status":"publish","type":"post","link":"https:\/\/www.schiebener.net\/wordpress\/umleitung-rassismus-fluechtlinge-geschichte-mein-kampf-zika-virus-buergerwehren-und-die-lokalzeitung-als-brandbeschleuniger\/","title":{"rendered":"Umleitung: Rassismus, Fl\u00fcchtlinge, Geschichte, Mein Kampf, Zika-Virus, B\u00fcrgerwehren und die Lokalzeitung als Brandbeschleuniger &#8230;"},"content":{"rendered":"<figure id=\"attachment_34574\" aria-describedby=\"caption-attachment-34574\" style=\"width: 700px\" class=\"wp-caption aligncenter\"><img loading=\"lazy\" decoding=\"async\" class=\"size-full wp-image-34574\" src=\"http:\/\/www.schiebener.net\/wordpress\/wp-content\/uploads\/2016\/01\/RuhrAueOlsberg20160124.jpg\" alt=\"Menetekel an der Ruhraue in Olsberg ... (foto: zoom)\" width=\"700\" height=\"525\" srcset=\"https:\/\/www.schiebener.net\/wordpress\/wp-content\/uploads\/2016\/01\/RuhrAueOlsberg20160124.jpg 700w, https:\/\/www.schiebener.net\/wordpress\/wp-content\/uploads\/2016\/01\/RuhrAueOlsberg20160124-300x225.jpg 300w\" sizes=\"auto, (max-width: 709px) 85vw, (max-width: 909px) 67vw, (max-width: 984px) 61vw, (max-width: 1362px) 45vw, 600px\" \/><figcaption id=\"caption-attachment-34574\" class=\"wp-caption-text\">Winter-Menetekel an der Ruhraue in Olsberg &#8230; (foto: zoom)<\/figcaption><\/figure>\n<p><strong>Hinter den roten T\u00fcren:<\/strong> Wir m\u00fcssen \u00fcber Rassismus in unserer Mitte reden. Ziemlich dringend &#8230; <a href=\"http:\/\/fm4.orf.at\/stories\/1766544\/\" target=\"_blank\">fm4<\/a><\/p>\n<p><strong>Das kalte Kotzen:<\/strong> &#8230; kriege ich inzwischen, wenn ich sehe, wie viele meiner \u201eFacebook-Freunde\u201c kritiklos irgendwelche Hetze gegen Ausl\u00e4nder, Fl\u00fcchtlinge, \u201eScheinasylanten\u201c oder den Islam posten, teilen oder \u201eliken\u201c &#8230; <a href=\"https:\/\/www.facebook.com\/peter.prumper\/posts\/1703130916599995\" target=\"_blank\">facebook<\/a><\/p>\n<p><strong>Na logisch! Die \u00dcbergriffe von K\u00f6ln:<\/strong> Relativierung, Tu-quoque und der doppelte Standard &#8230; <a href=\"http:\/\/www.hoheluft-magazin.de\/2016\/01\/na-logisch-die-uebergriffe-von-koeln-relativierung-tu-quoque-und-der-doppelte-standard\/\" target=\"_blank\">hoheluft<\/a><\/p>\n<p><strong>Fl\u00fcchtlingsdebatte &#8211; Vo\u00dfkuhle:<\/strong> Obergrenze unzul\u00e4ssig &#8230; <a href=\"http:\/\/www.fr-online.de\/flucht-und-zuwanderung\/fluechtlingsdebatte-vosskuhle--obergrenze-unzulaessig%2C24931854%2C33567424.html\" target=\"_blank\">fr<\/a><\/p>\n<p><strong>Pegida, die Fl\u00fcchtlinge und Europa:<\/strong> Merkel am Ende &#8230; <a href=\"http:\/\/www.jurga.de\/676.html\" target=\"_blank\">jurga<\/a><\/p>\n<p><strong>Wer f\u00fcrchtet sich vorm schwarzen Mann?<\/strong> Eine Hasswelle schwappt durch unsere Gesellschaften. \u201eWehret den Anf\u00e4ngen\u201c, das wird nichts mehr, den Punkt haben wir leider verpasst &#8230; <a href=\"http:\/\/misik.at\/2016\/01\/wer-fuerchtet-sich-vorm-schwarzen-mann\/\" target=\"_blank\">misik<\/a><\/p>\n<p><strong>Mainzer Festspiele:<\/strong> Fr\u00fcher konnten die klassischen Parteien wenigstens Wahlkampf. Dieser hat weniger das Ziel, die W\u00e4hler anderer Parteien von ihren Irrt\u00fcmern zu \u00fcberzeugen, sondern vor allem das eigene Potential zu mobilisieren &#8230; <a href=\"http:\/\/www.wiesaussieht.de\/2016\/01\/21\/mainzer-festspiele\/\" target=\"_blank\">wiesaussieht<\/a><\/p>\n<p><strong>Wie gef\u00e4hrlich ist das Zika-Virus?<\/strong> Schwangeren Frauen werden langsam die Urlaubsziele knapp. 26 L\u00e4nder und \u00dcberseeterritorien stehen, wenn ich richtig gez\u00e4hlt habe, derzeit auf der Warnliste des CDC, und die wissen normalerweise, wo die Wurst w\u00e4chst &#8230; <a href=\"http:\/\/www.scilogs.de\/fischblog\/wie-gefaehrlich-ist-das-zika-virus\/\" target=\"_blank\">fischblog<\/a><\/p>\n<p><strong>Onkel Karl und die gefangenen Rotarmisten:<\/strong> Eine Diaserie von 1942 aus dem Kriegsgefangenenlager Zeithain &#8230; <a href=\"http:\/\/www.harbuch.de\/index.php\/frische-themen-artikel\/kriegsgefangenenlager-zeithain.html\" target=\"_blank\">harbuch<\/a><\/p>\n<p><strong>Geschichte als Schulfach definieren:<\/strong> Die Lehrpl\u00e4ne f\u00fcr Geschichte enthalten oft eine Beschreibung oder Definition des Wesens dieses Fachs. J\u00fcngste Entwicklungen in S\u00fcdafrika lenken unsere Aufmerksamkeit auf die Notwendigkeit, Vision und den Zweck von Geschichte als Schulfach zu rechtfertigen &#8230; <a href=\"http:\/\/public-history-weekly.oldenbourg-verlag.de\/4-2016-1\/defining-history-school-subject\/\" target=\"_blank\">publicHistory<\/a><\/p>\n<p><strong>Neu-Ausgabe von Hitlers \u201eMein Kampf\u201c:<\/strong> Herausgeber stellt die kritische Edition im Stadtarchiv Dortmund vor &#8230; <a href=\"http:\/\/nordstadtblogger.de\/40750\" target=\"_blank\">nordstadtblogger<\/a><\/p>\n<p><strong>Gemeinfreitag #1:<\/strong> KDR-100 &#8230; <a href=\"http:\/\/schmalenstroer.net\/blog\/2016\/01\/gemeinfreitag-1-kdr-100\/\" target=\"_blank\">schmalenstroer<\/a><\/p>\n<p><strong>Unperfekthaus Essen:<\/strong> Ein Herz f\u00fcr die B\u00fcrgerwehr &#8230; <a href=\"http:\/\/www.ruhrbarone.de\/unperfekthaus-essen-ein-herz-fuer-die-buergerwehr\/120431\" target=\"_blank\">ruhrbarone<\/a><\/p>\n<p><strong>\u201eDas Lachen der T\u00e4ter\u201c:<\/strong> Klaus Theweleits Gedanken zur monstr\u00f6sen Mordlust &#8230; <a href=\"http:\/\/www.revierpassagen.de\/34378\/das-lachen-der-taeter-klaus-theweleits-gedanken-zur-monstroesen-mordlust\/20160122_1402\" target=\"_blank\">revierpassagen<\/a><\/p>\n<p><strong>Der Brandbeschleuniger:<\/strong> WP-Autor Goebels behauptet viel und kann es nicht belegen &#8230; <a href=\"https:\/\/doppelwacholder.wordpress.com\/2016\/01\/24\/der-brandbeschleuniger\/\" target=\"_blank\">doppelwacholder<\/a><\/p>\n<p><strong>24.01.2016:<\/strong> Michael Chapman wird \u201c75\u201d &#8230; <a href=\"http:\/\/www.neheims-netz.de\/?p=15095\" target=\"_blank\">neheimsnetz<\/a><\/p>\n","protected":false},"excerpt":{"rendered":"<p>Hinter den roten T\u00fcren: Wir m\u00fcssen \u00fcber Rassismus in unserer Mitte reden. Ziemlich dringend &#8230; fm4 Das kalte Kotzen: &#8230; kriege ich inzwischen, wenn ich sehe, wie viele meiner \u201eFacebook-Freunde\u201c &hellip; <a href=\"https:\/\/www.schiebener.net\/wordpress\/umleitung-rassismus-fluechtlinge-geschichte-mein-kampf-zika-virus-buergerwehren-und-die-lokalzeitung-als-brandbeschleuniger\/\" class=\"more-link\"><span class=\"screen-reader-text\">\u201eUmleitung: Rassismus, Fl\u00fcchtlinge, Geschichte, Mein Kampf, Zika-Virus, B\u00fcrgerwehren und die Lokalzeitung als Brandbeschleuniger &#8230;\u201c <\/span>weiterlesen<\/a><\/p>\n","protected":false},"author":3,"featured_media":0,"comment_status":"open","ping_status":"open","sticky":false,"template":"","format":"standard","meta":{"footnotes":""},"categories":[218,319,6,80,32,27,46,24,379],"tags":[6096,6095,3732,6099,6098,6100,1059,1559,340,6097],"class_list":["post-34573","post","type-post","status-publish","format-standard","hentry","category-bucher","category-geschichte","category-kalenderblatt","category-lokales","category-medien","category-musik","category-philosophie","category-politik","category-umleitung","tag-buergerwehr","tag-fluechtlinege","tag-hitler","tag-klaus-theweleit","tag-mein-kampf","tag-michael-chapman","tag-rassismus","tag-unperfekthaus","tag-westfalenpost","tag-zika-virus"],"_links":{"self":[{"href":"https:\/\/www.schiebener.net\/wordpress\/wp-json\/wp\/v2\/posts\/34573","targetHints":{"allow":["GET"]}}],"collection":[{"href":"https:\/\/www.schiebener.net\/wordpress\/wp-json\/wp\/v2\/posts"}],"about":[{"href":"https:\/\/www.schiebener.net\/wordpress\/wp-json\/wp\/v2\/types\/post"}],"author":[{"embeddable":true,"href":"https:\/\/www.schiebener.net\/wordpress\/wp-json\/wp\/v2\/users\/3"}],"replies":[{"embeddable":true,"href":"https:\/\/www.schiebener.net\/wordpress\/wp-json\/wp\/v2\/comments?post=34573"}],"version-history":[{"count":0,"href":"https:\/\/www.schiebener.net\/wordpress\/wp-json\/wp\/v2\/posts\/34573\/revisions"}],"wp:attachment":[{"href":"https:\/\/www.schiebener.net\/wordpress\/wp-json\/wp\/v2\/media?parent=34573"}],"wp:term":[{"taxonomy":"category","embeddable":true,"href":"https:\/\/www.schiebener.net\/wordpress\/wp-json\/wp\/v2\/categories?post=34573"},{"taxonomy":"post_tag","embeddable":true,"href":"https:\/\/www.schiebener.net\/wordpress\/wp-json\/wp\/v2\/tags?post=34573"}],"curies":[{"name":"wp","href":"https:\/\/api.w.org\/{rel}","templated":true}]}}