{"id":34521,"date":"2016-01-15T19:54:34","date_gmt":"2016-01-15T18:54:34","guid":{"rendered":"http:\/\/www.schiebener.net\/wordpress\/?p=34521"},"modified":"2016-01-15T19:54:34","modified_gmt":"2016-01-15T18:54:34","slug":"spd-fraktion-vor-ort-gesunde-ernaehrung-fuer-alle-mit-dirk-wiese-was-kommt-heute-auf-den-teller","status":"publish","type":"post","link":"https:\/\/www.schiebener.net\/wordpress\/spd-fraktion-vor-ort-gesunde-ernaehrung-fuer-alle-mit-dirk-wiese-was-kommt-heute-auf-den-teller\/","title":{"rendered":"SPD-Fraktion vor Ort: \u201eGesunde Ern\u00e4hrung f\u00fcr alle\u201c mit Dirk Wiese &#8211; Was kommt heute auf den Teller?"},"content":{"rendered":"<figure id=\"attachment_34524\" aria-describedby=\"caption-attachment-34524\" style=\"width: 700px\" class=\"wp-caption aligncenter\"><img loading=\"lazy\" decoding=\"async\" class=\"wp-image-34524 size-full\" src=\"http:\/\/www.schiebener.net\/wordpress\/wp-content\/uploads\/2016\/01\/WieseSpiering.jpg\" alt=\"Zusammen mit Rainer Spiering MdB, Mitglied im Ausschuss f\u00fcr Ern\u00e4hrung und Landwirtschaft, will Dirk Wiese Meinungen und Fragen der B\u00fcrgerinnen und B\u00fcrger rund um das Thema gesunde Ern\u00e4hrung diskutieren. (fotos: spd; collage: zoom)\" width=\"700\" height=\"337\" srcset=\"https:\/\/www.schiebener.net\/wordpress\/wp-content\/uploads\/2016\/01\/WieseSpiering.jpg 700w, https:\/\/www.schiebener.net\/wordpress\/wp-content\/uploads\/2016\/01\/WieseSpiering-300x144.jpg 300w\" sizes=\"auto, (max-width: 709px) 85vw, (max-width: 909px) 67vw, (max-width: 984px) 61vw, (max-width: 1362px) 45vw, 600px\" \/><figcaption id=\"caption-attachment-34524\" class=\"wp-caption-text\">Zusammen mit Rainer Spiering MdB (rechts), Mitglied im Ausschuss f\u00fcr Ern\u00e4hrung und Landwirtschaft, will Dirk Wiese (links) Meinungen und Fragen der B\u00fcrgerinnen und B\u00fcrger rund um das Thema gesunde Ern\u00e4hrung diskutieren. (fotos: spd; collage: zoom)<\/figcaption><\/figure>\n<p><strong>Meschede. (spd_pm) \u201eGesunde Ern\u00e4hrung f\u00fcr alle &#8211; Was kommt heute auf den Teller?\u201c lautet das Thema der Veranstaltung \u201eFraktion vor Ort\u201c. Dazu l\u00e4dt der heimische Bundestagsabgeordnete Dirk Wiese alle Interessierten am Montag, den 1. Februar 2016 ab 19.00 Uhr in den Landgasthof Grewen M\u00fchle nach Meschede-Calle ein.<\/strong><\/p>\n<p>Gutes Essen ist wichtig. Es ist eine Frage von Gesundheit, Genuss und Lebensqualit\u00e4t. Die Art wie Lebensmittel produziert und konsumiert werden, hat weitreichende Konsequenzen f\u00fcr Menschen, Tiere und Umwelt. Daher muss Politik Rahmenbedingungen schaffen sichere, gesunde Lebensmittel zu erzeugen.<\/p>\n<p>Die SPD-Bundestagsfraktion m\u00f6chte, dass sich die Menschen in unserem Land gesund ern\u00e4hren k\u00f6nnen. Dazu geh\u00f6rt, dass die Lebensmittelherstellung hohen Qualit\u00e4tsanforderungen standhalten muss. Au\u00dferdem m\u00fcssen die Verbraucherinnen und Verbraucher wissen, was sie auf ihrem Teller haben. Deswegen wollen wir eine klare und einfache Kennzeichnung. Dazu geh\u00f6rt f\u00fcr die SPD-Fraktion auch die F\u00f6rderung einer leistungsf\u00e4higen und nachhaltigen Landwirtschaft, denn die Nachfrage nach regionalen Produkten nimmt immer mehr zu. \u201eDie heimischen Landwirte im Sauerland produzieren gute Qualit\u00e4t, daf\u00fcr brauchen sie aber auch vern\u00fcnftige Preise\u201c, so MdB Wiese.<\/p>\n<p>Zusammen mit Rainer Spiering MdB, Mitglied im Ausschuss f\u00fcr Ern\u00e4hrung und Landwirtschaft, will Dirk Wiese Meinungen und Fragen der B\u00fcrgerinnen und B\u00fcrger rund um das Thema gesunde Ern\u00e4hrung diskutieren. Dazu l\u00e4dt der Bundestagsabgeordnete herzlich ein und freut sich auf eine zahlreiche Teilnahme.<\/p>\n<p>Ebenfalls werden auf dem Podium zu Gast sein: Annette Watermann-Krass, MdL, Maria Askemper vom westf\u00e4lisch-lippischen Landfrauenverband sowie Christian Schulte, Gesch\u00e4ftsf\u00fchrer vom Hofladen Sauerland. Anschlie\u00dfend ist Zeit f\u00fcr Fragen und Diskussion mit den G\u00e4sten.<\/p>\n<p>&#8212;&#8212;&#8212;&#8212;&#8212;&#8212;&#8212;&#8212;&#8212;&#8212;&#8212;&#8212;&#8211;<\/p>\n<p><em>Aktuelle Informationen vom Bundestagsabgeordneten Dirk Wiese sowie \u00fcber die SPD im Hochsauerland befinden sich im Internet unter <a href=\"http:\/\/www.dirkwiese.de\" target=\"_blank\">www.dirkwiese.de<\/a> und unter <a href=\"http:\/\/www.hsk-spd.de\" target=\"_blank\">www.hsk-spd.de<\/a><\/em><\/p>\n","protected":false},"excerpt":{"rendered":"<p>Meschede. (spd_pm) \u201eGesunde Ern\u00e4hrung f\u00fcr alle &#8211; Was kommt heute auf den Teller?\u201c lautet das Thema der Veranstaltung \u201eFraktion vor Ort\u201c. Dazu l\u00e4dt der heimische Bundestagsabgeordnete Dirk Wiese alle Interessierten &hellip; <a href=\"https:\/\/www.schiebener.net\/wordpress\/spd-fraktion-vor-ort-gesunde-ernaehrung-fuer-alle-mit-dirk-wiese-was-kommt-heute-auf-den-teller\/\" class=\"more-link\"><span class=\"screen-reader-text\">\u201eSPD-Fraktion vor Ort: \u201eGesunde Ern\u00e4hrung f\u00fcr alle\u201c mit Dirk Wiese &#8211; Was kommt heute auf den Teller?\u201c <\/span>weiterlesen<\/a><\/p>\n","protected":false},"author":17,"featured_media":0,"comment_status":"open","ping_status":"open","sticky":false,"template":"","format":"standard","meta":{"footnotes":""},"categories":[303,80,1043,549],"tags":[3104,6089,5632,655],"class_list":["post-34521","post","type-post","status-publish","format-standard","hentry","category-in-unserem-briefkasten","category-lokales","category-pressemitteilungen","category-umwelt","tag-dirk-wiese","tag-ernaehrung","tag-fraktion-vor-ort","tag-pressemitteilung"],"_links":{"self":[{"href":"https:\/\/www.schiebener.net\/wordpress\/wp-json\/wp\/v2\/posts\/34521","targetHints":{"allow":["GET"]}}],"collection":[{"href":"https:\/\/www.schiebener.net\/wordpress\/wp-json\/wp\/v2\/posts"}],"about":[{"href":"https:\/\/www.schiebener.net\/wordpress\/wp-json\/wp\/v2\/types\/post"}],"author":[{"embeddable":true,"href":"https:\/\/www.schiebener.net\/wordpress\/wp-json\/wp\/v2\/users\/17"}],"replies":[{"embeddable":true,"href":"https:\/\/www.schiebener.net\/wordpress\/wp-json\/wp\/v2\/comments?post=34521"}],"version-history":[{"count":0,"href":"https:\/\/www.schiebener.net\/wordpress\/wp-json\/wp\/v2\/posts\/34521\/revisions"}],"wp:attachment":[{"href":"https:\/\/www.schiebener.net\/wordpress\/wp-json\/wp\/v2\/media?parent=34521"}],"wp:term":[{"taxonomy":"category","embeddable":true,"href":"https:\/\/www.schiebener.net\/wordpress\/wp-json\/wp\/v2\/categories?post=34521"},{"taxonomy":"post_tag","embeddable":true,"href":"https:\/\/www.schiebener.net\/wordpress\/wp-json\/wp\/v2\/tags?post=34521"}],"curies":[{"name":"wp","href":"https:\/\/api.w.org\/{rel}","templated":true}]}}