{"id":3447,"date":"2009-05-29T23:01:12","date_gmt":"2009-05-29T22:01:12","guid":{"rendered":"http:\/\/www.schiebener.net\/wordpress\/?p=3447"},"modified":"2009-05-29T23:01:12","modified_gmt":"2009-05-29T22:01:12","slug":"nachdenken-sieben-auf-einen-streich","status":"publish","type":"post","link":"https:\/\/www.schiebener.net\/wordpress\/nachdenken-sieben-auf-einen-streich\/","title":{"rendered":"Nachdenken: Sieben auf einen Streich"},"content":{"rendered":"<figure id=\"attachment_2952\" aria-describedby=\"caption-attachment-2952\" style=\"width: 150px\" class=\"wp-caption alignleft\"><img loading=\"lazy\" decoding=\"async\" class=\"size-thumbnail wp-image-2952\" src=\"http:\/\/www.schiebener.net\/wordpress\/wp-content\/uploads\/2009\/04\/nachdenkseitenlive01-150x150.jpg\" alt=\"Nachdenkseiten: Gepr\u00e4chskreis in Dortmund  - Kurzbericht.\" width=\"150\" height=\"150\" \/><figcaption id=\"caption-attachment-2952\" class=\"wp-caption-text\">Nachdenkseiten: Gepr\u00e4chskreis in Dortmund  - Kurzbericht.<\/figcaption><\/figure>\n<p>Nun hat er also stattgefunden, der erste  <a href=\"http:\/\/www.schiebener.net\/wordpress\/?p=3390\" target=\"_blank\">NachDenkSeiten-Gespr\u00e4chskreis in Dortmund<\/a>.<\/p>\n<p>Da sich im Hochsauerland keine Interessenten f\u00fcr einen eigenst\u00e4ndigen &#8222;Zirkel&#8220; gemeldet hatten, bin ich heute nach der Arbeit im sch\u00f6nsten Freitagnachmittag &#8211; Kurzferienverkehr gen  Westen gefahren und habe  im Stadtgarten-Bistro am Friedensplatz  sieben andere Menschen getroffen:  Vier organisierte Sozialdemokraten und drei Nichtmitglieder irgendeiner Partei.<\/p>\n<p>Es war ein erstes Treffen und ich mag die Zahl &#8222;7&#8220; sowie die Zusammensetzung des Gespr\u00e4chskreises noch <strong>nicht beurteilen<\/strong>. Ich schreibe an dieser Stelle daher nichts &#8222;Internes&#8220;,  sondern nur dies <strong>f\u00fcr&#8217;s &#8222;Protokoll&#8220;<\/strong>:<\/p>\n<p>Als optimistischer Mensch denke ich, dass beim n\u00e4chsten Treffen (Termin unbekannt) mehr nachdenkende und nachdenkliche Menschen anwesend sein werden (und m\u00fcssen).<\/p>\n<p>Die Themen \u00e2\u20ac\u0153<strong>Medienlandschaft<\/strong> in Deutschland\u00e2\u20ac\u009d und \u00e2\u20ac\u0153Wege aus der <strong>Wirtschaftskrise<\/strong>\u00e2\u20ac\u0153 wurden sehr kompetent &#8222;andiskutiert&#8220;. Den Ertrag dieser Diskussion werde ich irgendwann hier im Blog  irgendwie einflie\u00dfen lassen.<\/p>\n<p>Durch die <strong>Dichotomie SPDler \/ Parteilose<\/strong> spitzte sich im letzten Drittel des Abends die Diskussion in nicht befriedigender Weise auf die Frage zu: <strong>Wie kann mensch den NachDenkSeiten anh\u00e4ngen und gleichzeitig die Kandidatur Steinmeiers unterst\u00fctzen?<\/strong><\/p>\n<p><strong>Meine Folgerung<\/strong>: Sollte der Gespr\u00e4chskreis auf Dauer fruchtbare politische Diskussionen und eventuell Aktionen erm\u00f6glichen, muss er sich \u00fcber das Umfeld der SPD hinaus zu einem Crossover der &#8222;emanzipatorischen Linken&#8220; entwickeln.<\/p>\n<p><strong>Kurz und gut<\/strong>: Es fehlten mehr parteipolitisch unorganisierte Mitdenker, Menschen aus Bewegungen und &#8222;Arbeitnehmer&#8220;organisationen, linke Gr\u00fcne, meinetwegen Baum&#8217;sche FDPler und auch Leute von den Linken.<\/p>\n","protected":false},"excerpt":{"rendered":"<p>Nun hat er also stattgefunden, der erste NachDenkSeiten-Gespr\u00e4chskreis in Dortmund. Da sich im Hochsauerland keine Interessenten f\u00fcr einen eigenst\u00e4ndigen &#8222;Zirkel&#8220; gemeldet hatten, bin ich heute nach der Arbeit im sch\u00f6nsten &hellip; <a href=\"https:\/\/www.schiebener.net\/wordpress\/nachdenken-sieben-auf-einen-streich\/\" class=\"more-link\"><span class=\"screen-reader-text\">\u201eNachdenken: Sieben auf einen Streich\u201c <\/span>weiterlesen<\/a><\/p>\n","protected":false},"author":3,"featured_media":0,"comment_status":"open","ping_status":"open","sticky":false,"template":"","format":"standard","meta":{"footnotes":""},"categories":[24],"tags":[404,454,101,13],"class_list":["post-3447","post","type-post","status-publish","format-standard","hentry","category-politik","tag-dortmund","tag-gesprachskreise","tag-nachdenkseiten","tag-spd"],"_links":{"self":[{"href":"https:\/\/www.schiebener.net\/wordpress\/wp-json\/wp\/v2\/posts\/3447","targetHints":{"allow":["GET"]}}],"collection":[{"href":"https:\/\/www.schiebener.net\/wordpress\/wp-json\/wp\/v2\/posts"}],"about":[{"href":"https:\/\/www.schiebener.net\/wordpress\/wp-json\/wp\/v2\/types\/post"}],"author":[{"embeddable":true,"href":"https:\/\/www.schiebener.net\/wordpress\/wp-json\/wp\/v2\/users\/3"}],"replies":[{"embeddable":true,"href":"https:\/\/www.schiebener.net\/wordpress\/wp-json\/wp\/v2\/comments?post=3447"}],"version-history":[{"count":0,"href":"https:\/\/www.schiebener.net\/wordpress\/wp-json\/wp\/v2\/posts\/3447\/revisions"}],"wp:attachment":[{"href":"https:\/\/www.schiebener.net\/wordpress\/wp-json\/wp\/v2\/media?parent=3447"}],"wp:term":[{"taxonomy":"category","embeddable":true,"href":"https:\/\/www.schiebener.net\/wordpress\/wp-json\/wp\/v2\/categories?post=3447"},{"taxonomy":"post_tag","embeddable":true,"href":"https:\/\/www.schiebener.net\/wordpress\/wp-json\/wp\/v2\/tags?post=3447"}],"curies":[{"name":"wp","href":"https:\/\/api.w.org\/{rel}","templated":true}]}}