{"id":3416,"date":"2009-05-27T14:18:56","date_gmt":"2009-05-27T13:18:56","guid":{"rendered":"http:\/\/www.schiebener.net\/wordpress\/?p=3416"},"modified":"2009-05-27T14:18:56","modified_gmt":"2009-05-27T13:18:56","slug":"europawahl-2009-selbstdarstellung-die-grunen","status":"publish","type":"post","link":"https:\/\/www.schiebener.net\/wordpress\/europawahl-2009-selbstdarstellung-die-grunen\/","title":{"rendered":"Europawahl 2009 &#8211; Selbstdarstellung: Die Gr\u00fcnen"},"content":{"rendered":"<p><em><strong>Vor einer Woche hatte ich den Parteien im Hochsauerlandkreis ein <a href=\"http:\/\/www.schiebener.net\/wordpress\/?p=3306\" target=\"_blank\">Angebot zur Selbstdarstellung<\/a> gemacht. Heute haben mir &#8222;<a href=\"http:\/\/www.gruene-hochsauerland.de\/presse.php\" target=\"_blank\">Die Gr\u00fcnen<\/a>&#8220;  einen Text samt Grafik geschickt, den ich, wie versprochen, unzensiert an dieser Stelle ver\u00f6ffentliche:<\/strong><\/em><\/p>\n<blockquote>\n<h4 class=\"mceTemp mceIEcenter\">\n<dl id=\"attachment_3417\" class=\"wp-caption aligncenter\" style=\"width: 430px;\">\n<dt class=\"wp-caption-dt\"><img loading=\"lazy\" decoding=\"async\" class=\"size-full wp-image-3417\" title=\"WUMS steht f\u00fcr &quot;Wirtschaft und Umwelt, menschlich und sozial&quot;\" src=\"http:\/\/www.schiebener.net\/wordpress\/wp-content\/uploads\/2009\/05\/gruenewums.jpg\" alt=\"WUMS steht f\u00fcr &quot;Wirtschaft und Umwelt, menschlich und sozial&quot;\" width=\"420\" height=\"585\" srcset=\"https:\/\/www.schiebener.net\/wordpress\/wp-content\/uploads\/2009\/05\/gruenewums.jpg 420w, https:\/\/www.schiebener.net\/wordpress\/wp-content\/uploads\/2009\/05\/gruenewums-215x300.jpg 215w\" sizes=\"auto, (max-width: 420px) 85vw, 420px\" \/><\/dt>\n<dd class=\"wp-caption-dd\">WUMS steht f\u00fcr &#8222;Wirtschaft und Umwelt, menschlich und sozial&#8220;<\/dd>\n<\/dl>\n<\/h4>\n<h3>Mehr Gr\u00fcn nach Br\u00fcssel! Mit WUMS Europa durch die Krise lenken.<\/h3>\n<p><strong>WUMS steht f\u00fcr &#8222;Wirtschaft und Umwelt, menschlich und sozial&#8220;.<\/strong><\/p>\n<p>Die Gr\u00fcnen verbinden \u00d6konomie und \u00d6kologie. So schaffen wir Jobs mit  Zukunft, erschlie\u00dfen neue Wachstumsm\u00e4rkte und bewahren unsere  Lebensgrundlagen.<\/p>\n<p>Wir brauchen die \u00f6kologische Wirtschaftswende, um neue  Arbeitsbereiche zu schaffen. So k\u00f6nnen wir sowohl Eur opa durch die  Krise steuern und auch dem Klimawandel begegnen.<\/p>\n<p>Wir Gr\u00fcne sehen uns als Europapartei. Wir arbeiten f\u00fcr ein Europa der  B\u00fcrgerinnen und B\u00fcrger mit einer europ\u00e4ischen \u00d6ffentlichkeit. Europa mu\u00df  mehr Mitbestimmung und B\u00fcrgern\u00e4he erreichen. B\u00fcrgerentscheide in  wichtigen Fragen bringen Europa den Menschen nahe. Br\u00fcssel ist immer  noch zu weit weg.<\/p>\n<p>Br\u00fcssel f\u00e4llt wichtige Entscheidungen, die uns vor Ort betreffen. Zum  Beispiel REACH, die Chemikalienverordnung, in der k\u00fcrzlich das Verbot  von PFOS, der gef\u00e4hrlichsten PFT-Verbindung, festgeschrieben wurde. Der  PFT-Umweltskandal besch\u00e4ftigt uns im Sauerland seit langem. Es ist gut,  wenn solche Stoffe gar nicht erst in die Umwelt gelangen, damit man sie  nicht f\u00fcr teures Geld wieder aus dem Trinkwasser filtern mu\u00df.<\/p>\n<p>Das neue Europa der Integration kann das alte Europa des Nationalismus  hinter sich lassen und mu\u00df es auch, um in einer immer kleiner werdenden  Welt den Realit\u00e4ten gerecht zu werden. Europa mu\u00df Menschenrechte  einforden und selber wahren, um glaubw\u00fcrdig die starke Rolle in der  internationalen Staatengemeinschaft zu spielen, die der Europ\u00e4ischen  Union zusteht. Alles zur Europakampagne unter <a href=\"http:\/\/www.gruene.de\" target=\"_blank\">www.gruene.de<\/a><\/p><\/blockquote>\n","protected":false},"excerpt":{"rendered":"<p>Vor einer Woche hatte ich den Parteien im Hochsauerlandkreis ein Angebot zur Selbstdarstellung gemacht. Heute haben mir &#8222;Die Gr\u00fcnen&#8220; einen Text samt Grafik geschickt, den ich, wie versprochen, unzensiert an &hellip; <a href=\"https:\/\/www.schiebener.net\/wordpress\/europawahl-2009-selbstdarstellung-die-grunen\/\" class=\"more-link\"><span class=\"screen-reader-text\">\u201eEuropawahl 2009 &#8211; Selbstdarstellung: Die Gr\u00fcnen\u201c <\/span>weiterlesen<\/a><\/p>\n","protected":false},"author":3,"featured_media":0,"comment_status":"open","ping_status":"open","sticky":false,"template":"","format":"standard","meta":{"footnotes":""},"categories":[80,24],"tags":[509,212,388],"class_list":["post-3416","post","type-post","status-publish","format-standard","hentry","category-lokales","category-politik","tag-europawahl","tag-hochsauerland","tag-parteien"],"_links":{"self":[{"href":"https:\/\/www.schiebener.net\/wordpress\/wp-json\/wp\/v2\/posts\/3416","targetHints":{"allow":["GET"]}}],"collection":[{"href":"https:\/\/www.schiebener.net\/wordpress\/wp-json\/wp\/v2\/posts"}],"about":[{"href":"https:\/\/www.schiebener.net\/wordpress\/wp-json\/wp\/v2\/types\/post"}],"author":[{"embeddable":true,"href":"https:\/\/www.schiebener.net\/wordpress\/wp-json\/wp\/v2\/users\/3"}],"replies":[{"embeddable":true,"href":"https:\/\/www.schiebener.net\/wordpress\/wp-json\/wp\/v2\/comments?post=3416"}],"version-history":[{"count":0,"href":"https:\/\/www.schiebener.net\/wordpress\/wp-json\/wp\/v2\/posts\/3416\/revisions"}],"wp:attachment":[{"href":"https:\/\/www.schiebener.net\/wordpress\/wp-json\/wp\/v2\/media?parent=3416"}],"wp:term":[{"taxonomy":"category","embeddable":true,"href":"https:\/\/www.schiebener.net\/wordpress\/wp-json\/wp\/v2\/categories?post=3416"},{"taxonomy":"post_tag","embeddable":true,"href":"https:\/\/www.schiebener.net\/wordpress\/wp-json\/wp\/v2\/tags?post=3416"}],"curies":[{"name":"wp","href":"https:\/\/api.w.org\/{rel}","templated":true}]}}