{"id":34004,"date":"2015-11-16T19:19:45","date_gmt":"2015-11-16T18:19:45","guid":{"rendered":"http:\/\/www.schiebener.net\/wordpress\/?p=34004"},"modified":"2015-11-16T19:19:45","modified_gmt":"2015-11-16T18:19:45","slug":"pm-jusos-hsk-kein-platz-fuer-nazis","status":"publish","type":"post","link":"https:\/\/www.schiebener.net\/wordpress\/pm-jusos-hsk-kein-platz-fuer-nazis\/","title":{"rendered":"PM Jusos HSK: \u201eKein Platz f\u00fcr Nazis\u201c"},"content":{"rendered":"<figure id=\"attachment_34005\" aria-describedby=\"caption-attachment-34005\" style=\"width: 244px\" class=\"wp-caption alignleft\"><a href=\"http:\/\/www.schiebener.net\/wordpress\/wp-content\/uploads\/2015\/11\/FotoPMJusosDirkWiese20151116.jpg\" target=\"_blank\"><img loading=\"lazy\" decoding=\"async\" class=\" wp-image-34005\" src=\"http:\/\/www.schiebener.net\/wordpress\/wp-content\/uploads\/2015\/11\/FotoPMJusosDirkWiese20151116.jpg\" alt=\"Dirk Wiese (links) mit den Jungsozialisten der SPD in Brilon. (foto: spd)\" width=\"244\" height=\"325\" srcset=\"https:\/\/www.schiebener.net\/wordpress\/wp-content\/uploads\/2015\/11\/FotoPMJusosDirkWiese20151116.jpg 720w, https:\/\/www.schiebener.net\/wordpress\/wp-content\/uploads\/2015\/11\/FotoPMJusosDirkWiese20151116-225x300.jpg 225w\" sizes=\"auto, (max-width: 244px) 85vw, 244px\" \/><\/a><figcaption id=\"caption-attachment-34005\" class=\"wp-caption-text\">Dirk Wiese (links) mit den Jungsozialisten der SPD in Brilon. (foto: spd)<\/figcaption><\/figure>\n<p><strong>Brilon. (juso_pm) Der heimische SPD Bundestagsabgeordnete Dirk Wiese besuchte am Sonntag, dem 08.11.2015, die Vorstandssitzung der Sauerl\u00e4nder Jusos in Brilon.<\/strong><\/p>\n<p>In lockerer Runde wurden zahlreiche Themen besprochen: Fl\u00fcchtlinge im Sauerland und speziell in Brilon, die beschlossene Vorratsdatenspeicherung sowie die geplante Doppelspitze der SPD.<\/p>\n<p>Die Vorratsdatenspeicherung sehen die Jusos kritisch, weil alle B\u00fcrgerinnen und B\u00fcrger unter Generalverdacht gestellt w\u00fcrden.<\/p>\n<p>Zur Fl\u00fcchtlingssituation im Sauerland sind die Jusos froh und dankbar dar\u00fcber, dass es so viele ehrenamtliche Helfer gibt, die sich engagieren.<\/p>\n<p>Ein weiteres Thema waren die Pegida-Proteste und deren Ableger. \u201eDie Jusos im Hochsauerlandkreis lehnen jegliche Form von Rassismus oder Intoleranz ab\u201c, so Pascal Rickes, Vorsitzender der Jusos im Hochsauerlandkreis.<\/p>\n<p>Zur beabsichtigten Doppelspitze der SPD wurde einerseits berichtet, dass es der Demokratie gut tun w\u00fcrde, andererseits sei es so, dass alle Ortsvereine eine Doppelspitze bekommen w\u00fcrden. Zu den geplanten Veranstaltungen f\u00fcr das n\u00e4chste Jahr wurde angeregt, ein weiteres politisches Fr\u00fchst\u00fcck zu veranstalten.<\/p>\n<p>F\u00fcr die n\u00e4chste Jahreshauptversammlung mit den Vorstandswahlen wurde ein Termin geplant.<\/p>\n<p><em>Weitere Informationen zu den Jusos im HSK unter <a href=\"http:\/\/www.jusos-hsk.de\" target=\"_blank\">www.jusos-hsk.de<\/a> oder bei Facebook.<\/em><\/p>\n","protected":false},"excerpt":{"rendered":"<p>Brilon. (juso_pm) Der heimische SPD Bundestagsabgeordnete Dirk Wiese besuchte am Sonntag, dem 08.11.2015, die Vorstandssitzung der Sauerl\u00e4nder Jusos in Brilon. In lockerer Runde wurden zahlreiche Themen besprochen: Fl\u00fcchtlinge im Sauerland &hellip; <a href=\"https:\/\/www.schiebener.net\/wordpress\/pm-jusos-hsk-kein-platz-fuer-nazis\/\" class=\"more-link\"><span class=\"screen-reader-text\">\u201ePM Jusos HSK: \u201eKein Platz f\u00fcr Nazis\u201c\u201c <\/span>weiterlesen<\/a><\/p>\n","protected":false},"author":17,"featured_media":0,"comment_status":"open","ping_status":"open","sticky":false,"template":"","format":"standard","meta":{"footnotes":""},"categories":[303,80,24,1043],"tags":[3104,4295,655],"class_list":["post-34004","post","type-post","status-publish","format-standard","hentry","category-in-unserem-briefkasten","category-lokales","category-politik","category-pressemitteilungen","tag-dirk-wiese","tag-jusos-hsk","tag-pressemitteilung"],"_links":{"self":[{"href":"https:\/\/www.schiebener.net\/wordpress\/wp-json\/wp\/v2\/posts\/34004","targetHints":{"allow":["GET"]}}],"collection":[{"href":"https:\/\/www.schiebener.net\/wordpress\/wp-json\/wp\/v2\/posts"}],"about":[{"href":"https:\/\/www.schiebener.net\/wordpress\/wp-json\/wp\/v2\/types\/post"}],"author":[{"embeddable":true,"href":"https:\/\/www.schiebener.net\/wordpress\/wp-json\/wp\/v2\/users\/17"}],"replies":[{"embeddable":true,"href":"https:\/\/www.schiebener.net\/wordpress\/wp-json\/wp\/v2\/comments?post=34004"}],"version-history":[{"count":0,"href":"https:\/\/www.schiebener.net\/wordpress\/wp-json\/wp\/v2\/posts\/34004\/revisions"}],"wp:attachment":[{"href":"https:\/\/www.schiebener.net\/wordpress\/wp-json\/wp\/v2\/media?parent=34004"}],"wp:term":[{"taxonomy":"category","embeddable":true,"href":"https:\/\/www.schiebener.net\/wordpress\/wp-json\/wp\/v2\/categories?post=34004"},{"taxonomy":"post_tag","embeddable":true,"href":"https:\/\/www.schiebener.net\/wordpress\/wp-json\/wp\/v2\/tags?post=34004"}],"curies":[{"name":"wp","href":"https:\/\/api.w.org\/{rel}","templated":true}]}}