{"id":33837,"date":"2015-10-29T22:21:35","date_gmt":"2015-10-29T21:21:35","guid":{"rendered":"http:\/\/www.schiebener.net\/wordpress\/?p=33837"},"modified":"2015-10-29T22:21:35","modified_gmt":"2015-10-29T21:21:35","slug":"warum-wurde-das-einsatz-woerterbuch-fuer-die-feuerwehr-nicht-im-gesamten-hsk-eingefuehrt","status":"publish","type":"post","link":"https:\/\/www.schiebener.net\/wordpress\/warum-wurde-das-einsatz-woerterbuch-fuer-die-feuerwehr-nicht-im-gesamten-hsk-eingefuehrt\/","title":{"rendered":"Warum wurde das \u201cEinsatz-W\u00f6rterbuch\u201c f\u00fcr die Feuerwehr nicht im gesamten HSK eingef\u00fchrt?"},"content":{"rendered":"<figure id=\"attachment_33839\" aria-describedby=\"caption-attachment-33839\" style=\"width: 700px\" class=\"wp-caption aligncenter\"><a href=\"http:\/\/www.feuerwehr-arnsberg.de\/wir-ber-uns-topmenu-159\/downloads\/func-startdown\/103\/\" target=\"_blank\"><img loading=\"lazy\" decoding=\"async\" class=\"wp-image-33839\" src=\"http:\/\/www.schiebener.net\/wordpress\/wp-content\/uploads\/2015\/10\/Feuerwehrhandbuch20151029.jpg\" alt=\"Feuerwehrhandbuch20151029\" width=\"700\" height=\"544\" srcset=\"https:\/\/www.schiebener.net\/wordpress\/wp-content\/uploads\/2015\/10\/Feuerwehrhandbuch20151029.jpg 994w, https:\/\/www.schiebener.net\/wordpress\/wp-content\/uploads\/2015\/10\/Feuerwehrhandbuch20151029-300x233.jpg 300w\" sizes=\"auto, (max-width: 709px) 85vw, (max-width: 909px) 67vw, (max-width: 984px) 61vw, (max-width: 1362px) 45vw, 600px\" \/><\/a><figcaption id=\"caption-attachment-33839\" class=\"wp-caption-text\">Screenshot. Zum Handbuch als PDF bitte auf das Bild klicken.<\/figcaption><\/figure>\n<p><strong>Meschede. (sbl) Vor einem Jahr thematisierte die Sauerl\u00e4nder B\u00fcrgerliste (SBL\/FW) im Kreistag das bei der Arnsberger Feuerwehr gebr\u00e4uchliche <a href=\"http:\/\/www.schiebener.net\/wordpress\/wp-content\/uploads\/2015\/10\/140601-Einsatz-Woerterbuch-der-Feuerwehr-Arnsberg-2.-Auflage.pdf\">Feuerwehrhandbuch<\/a>.<\/strong><\/p>\n<p><em>(Der Artikel ist zuerst vor zwei Tagen <a href=\"http:\/\/sbl-fraktion.de\/?p=6193\" target=\"_blank\">auf der Website der Sauerl\u00e4nder B\u00fcrgerliste<\/a> erschienen.)<\/em><\/p>\n<p>Aufgrund der Anfrage vom 21.10.2014 antwortete die Kreisverwaltung (mit Schreiben vom 04.11.2014), zwei weitere Feuerwehren im Hochsauerlandkreis h\u00e4tten nach dem Einsatz-W\u00f6rterbuch gefragt. Dar\u00fcber hinaus l\u00e4gen zahlreiche Anfragen von au\u00dferhalb des HSK vor. \u00dcber das Handbuch haben wir u.a. <a href=\"http:\/\/sbl-fraktion.de\/?p=5143\" target=\"_blank\">hier<\/a> berichtet.<\/p>\n<p>Das Handbuch ist also offenbar sehr beliebt und erfolgreich. Es wird von vielen Seiten hochgelobt.<\/p>\n<p>Hier ein Beispiel:<\/p>\n<p><a href=\"http:\/\/www.cdu-hsk.de\/component\/content\/article\/2-uncategorised\/350-arnsberger-feuerwehr-stellt-bundesinnenminister-innovative-konzepte-vor\" target=\"_blank\">http:\/\/www.cdu-hsk.de\/component\/content\/article\/2-uncategorised\/350-arnsberger-feuerwehr-stellt-bundesinnenminister-innovative-konzepte-vor<\/a><\/p>\n<p>Ein Jahr ist nun seit diesem Schriftwechsel vergangen. Die SBL-Fraktion hat seitdem dazu nichts mehr aus dem Kreishaus geh\u00f6rt. Deshalb fragte sie am 27.10.2015 noch einmal schriftlich nach und stellte der Kreisverwaltung dazu diese Fragen:<\/p>\n<ol>\n<li>Welche Erfahrungen wurden zwischenzeitlich im HSK mit dem Einsatz-W\u00f6rterbuch gemacht?<\/li>\n<li>Wo \u00fcberall sind die Handb\u00fccher im HSK und au\u00dferhalb unseres Kreises im Einsatz?<\/li>\n<li>Ist ein fl\u00e4chendeckender Einsatz im HSK beabsichtigt?<\/li>\n<li>Wenn ja, wann? Wenn nein, warum nicht?<\/li>\n<\/ol>\n<p><strong>Die Begr\u00fcndung der\u00a0 SBL:<\/strong><\/p>\n<p>Wir meinen, das Handbuch sollte endlich fl\u00e4chendeckend im HSK eingef\u00fchrt werden. Auch vor dem Hintergrund, dass Alarm und Einsatz von Feuerwehren in Asylbewerberunterk\u00fcnften zunehmen k\u00f6nnten, sollten u.E. die Mitarbeiter der Feuerwehren das \u201eEinsatz-W\u00f6rterbuch\u201c immer und \u00fcberall mit sich f\u00fchren und jederzeit griffbereit haben. Schlie\u00dflich erm\u00f6glicht und erleichtert das Handbuch die Kommunikation mit schlecht oder gar nicht Deutsch sprechenden Menschen. Im Ernstfall kann es viel kostbare Zeit sparen.<\/p>\n<p><strong>Die 2. Auflage des Feuerwehrhandbuchs gibt es <a href=\"http:\/\/www.schiebener.net\/wordpress\/wp-content\/uploads\/2015\/10\/140601-Einsatz-Woerterbuch-der-Feuerwehr-Arnsberg-2.-Auflage.pdf\" target=\"_blank\">als PDF.<\/a><\/strong><\/p>\n","protected":false},"excerpt":{"rendered":"<p>Meschede. (sbl) Vor einem Jahr thematisierte die Sauerl\u00e4nder B\u00fcrgerliste (SBL\/FW) im Kreistag das bei der Arnsberger Feuerwehr gebr\u00e4uchliche Feuerwehrhandbuch. (Der Artikel ist zuerst vor zwei Tagen auf der Website der &hellip; <a href=\"https:\/\/www.schiebener.net\/wordpress\/warum-wurde-das-einsatz-woerterbuch-fuer-die-feuerwehr-nicht-im-gesamten-hsk-eingefuehrt\/\" class=\"more-link\"><span class=\"screen-reader-text\">\u201eWarum wurde das \u201cEinsatz-W\u00f6rterbuch\u201c f\u00fcr die Feuerwehr nicht im gesamten HSK eingef\u00fchrt?\u201c <\/span>weiterlesen<\/a><\/p>\n","protected":false},"author":3,"featured_media":0,"comment_status":"open","ping_status":"open","sticky":false,"template":"","format":"standard","meta":{"footnotes":""},"categories":[542,80,24],"tags":[5984,5983,227,294],"class_list":["post-33837","post","type-post","status-publish","format-standard","hentry","category-arbeitswelt","category-lokales","category-politik","tag-anfrage","tag-feuerwehrhandbuch","tag-sauerlander-burgerliste","tag-sbl"],"_links":{"self":[{"href":"https:\/\/www.schiebener.net\/wordpress\/wp-json\/wp\/v2\/posts\/33837","targetHints":{"allow":["GET"]}}],"collection":[{"href":"https:\/\/www.schiebener.net\/wordpress\/wp-json\/wp\/v2\/posts"}],"about":[{"href":"https:\/\/www.schiebener.net\/wordpress\/wp-json\/wp\/v2\/types\/post"}],"author":[{"embeddable":true,"href":"https:\/\/www.schiebener.net\/wordpress\/wp-json\/wp\/v2\/users\/3"}],"replies":[{"embeddable":true,"href":"https:\/\/www.schiebener.net\/wordpress\/wp-json\/wp\/v2\/comments?post=33837"}],"version-history":[{"count":0,"href":"https:\/\/www.schiebener.net\/wordpress\/wp-json\/wp\/v2\/posts\/33837\/revisions"}],"wp:attachment":[{"href":"https:\/\/www.schiebener.net\/wordpress\/wp-json\/wp\/v2\/media?parent=33837"}],"wp:term":[{"taxonomy":"category","embeddable":true,"href":"https:\/\/www.schiebener.net\/wordpress\/wp-json\/wp\/v2\/categories?post=33837"},{"taxonomy":"post_tag","embeddable":true,"href":"https:\/\/www.schiebener.net\/wordpress\/wp-json\/wp\/v2\/tags?post=33837"}],"curies":[{"name":"wp","href":"https:\/\/api.w.org\/{rel}","templated":true}]}}