{"id":33794,"date":"2015-10-22T19:56:33","date_gmt":"2015-10-22T18:56:33","guid":{"rendered":"http:\/\/www.schiebener.net\/wordpress\/?p=33794"},"modified":"2015-10-22T19:56:33","modified_gmt":"2015-10-22T18:56:33","slug":"spd-pressemitteilung-sterbehilfe-oder-sterbebegleitung","status":"publish","type":"post","link":"https:\/\/www.schiebener.net\/wordpress\/spd-pressemitteilung-sterbehilfe-oder-sterbebegleitung\/","title":{"rendered":"SPD Pressemitteilung: Sterbehilfe oder Sterbebegleitung?"},"content":{"rendered":"<figure id=\"attachment_33795\" aria-describedby=\"caption-attachment-33795\" style=\"width: 700px\" class=\"wp-caption aligncenter\"><a href=\"http:\/\/www.schiebener.net\/wordpress\/wp-content\/uploads\/2015\/10\/PodiumFvO20151021.jpg\" target=\"_blank\"><img loading=\"lazy\" decoding=\"async\" class=\"size-full wp-image-33795\" src=\"http:\/\/www.schiebener.net\/wordpress\/wp-content\/uploads\/2015\/10\/PodiumFvO20151021.jpg\" alt=\"Das Foto zeigt v.l.: Christian Klespe (AsJ S\u00fcdwestfalen), Hildegard Hester (Hospizinitiative Winterberg), Dirk Wiese (MdB), Kerstin Griese (MdB), Matthias Gleibe (ev. Pfarrer Winterberg) (foto: spd)\" width=\"700\" height=\"394\" srcset=\"https:\/\/www.schiebener.net\/wordpress\/wp-content\/uploads\/2015\/10\/PodiumFvO20151021.jpg 700w, https:\/\/www.schiebener.net\/wordpress\/wp-content\/uploads\/2015\/10\/PodiumFvO20151021-300x169.jpg 300w\" sizes=\"auto, (max-width: 709px) 85vw, (max-width: 909px) 67vw, (max-width: 984px) 61vw, (max-width: 1362px) 45vw, 600px\" \/><\/a><figcaption id=\"caption-attachment-33795\" class=\"wp-caption-text\">Das Foto zeigt v.l.: Christian Klespe (AsJ S\u00fcdwestfalen), Hildegard Hester (Hospizinitiative Winterberg), Dirk Wiese (MdB), Kerstin Griese (MdB), Matthias Gleibe (ev. Pfarrer Winterberg) (foto: spd)<\/figcaption><\/figure>\n<p><strong>Meschede. (spd_pm) Der Einladung des Sauerl\u00e4nder SPD-Bundestagsabgeordneten, Dirk Wiese, und seiner Kollegin Kerstin Griese MdB, zur Podiumsdiskussion im Rahmen der Reihe \u201eFraktion vor Ort\u201c mit dem Thema \u201eSterbehilfe \u2013 In W\u00fcrde leben \u2013 In W\u00fcrde sterben\u201c folgten mehr als 40 interessierte B\u00fcrgerinnen und B\u00fcrger in das Landhaus Fernblick in Winterberg.<\/strong><\/p>\n<p>Nach der Begr\u00fc\u00dfung und Einf\u00fchrung in das Thema durch Dirk Wiese erl\u00e4uterte Kerstin Griese in Ihrem Impulsreferat zun\u00e4chst die bestehende rechtliche Situation und gab einen Einblick in die bisherige Arbeit hierzu innerhalb des Bundestages. Sie informierte ausf\u00fchrlich \u00fcber die eingebrachten, partei\u00fcbergreifenden Gruppenantr\u00e4gen mit unterschiedlichen Inhalten, die Anfang November abgestimmt werden sollen.<\/p>\n<p>\u201eUns gef\u00e4llt der Begriff Sterbebegleitung besser, deshalb ist es und wichtig\u201c, so Griese, \u201edass die Hospizarbeit und Palliativmedizin gest\u00e4rkt werden\u201c. Aus diesem Grund wird vor der Abstimmung der Gruppenantr\u00e4ge die Verabschiedung des neuen Gesetzes zur St\u00e4rkung dieser Bereiche erfolgen\u201c, betonte Kerstin Griese.<\/p>\n<p>In der anschlie\u00dfenden Diskussion legten die Podiumsteilnehmer, Christian Klespe als Vorsitzender der Arbeitsgemeinschaft sozialdemokratischer Juristen (AsJ) S\u00fcdwestfalen, Frau Hildegard Hester von der Hospizinitiative Winterberg und der evangelische Pfarrer der Gemeinde Winterberg, Matthias Gleibe, ihre Standpunkte dar.<\/p>\n<p>Die rege Diskussion mit den G\u00e4sten drehte sich dann neben den gesetzlichen\u00a0Gegebenheiten vor allem auch um den Dreiklang aus Betreuungsvollmacht,\u00a0Patientenverf\u00fcgung und Vorsorgevollmacht. Man war sich einig, dass diese\u00a0Dokumente in unserer \u00e4lter werdenden Gesellschaft enorm wichtig und im Grunde\u00a0unverzichtbar f\u00fcr jeden sind.<\/p>\n<p>Zudem wurde deutlich, dass die Beihilfe zum Suizid auch weiterhin straflos bleiben muss, entsprechende Vorschl\u00e4ge kaum Unterst\u00fctzung finden werden und zudem rechtlich nicht haltbar sind.<\/p>\n<p>Dirk Wiese bedankte sich beim Podium und den G\u00e4sten f\u00fcr die Aufmerksamkeit und machte noch einmal deutlich, wie wichtig die beiden Veranstaltungen zum Thema Sterbehilfe in Arnsberg und Winterberg f\u00fcr seine eigene Entscheidung am 6. November sind. &#8222;Der Austausch mit den B\u00fcrgerinnen und B\u00fcrgern im Sauerland war mir ein besonders wichtiges Anliegen.&#8220;, so Wiese.<\/p>\n<p><em>Aktuelle Informationen vom Bundestagsabgeordneten Dirk Wiese sowie \u00fcber die SPD im Hochsauerland befinden sich im Internet unter <a href=\"http:\/\/www.dirkwiese.de\" target=\"_blank\">www.dirkwiese.de<\/a> und unter <a href=\"http:\/\/www.hsk-spd.de\" target=\"_blank\">www.hsk-spd.de<\/a> <\/em><\/p>\n","protected":false},"excerpt":{"rendered":"<p>Meschede. (spd_pm) Der Einladung des Sauerl\u00e4nder SPD-Bundestagsabgeordneten, Dirk Wiese, und seiner Kollegin Kerstin Griese MdB, zur Podiumsdiskussion im Rahmen der Reihe \u201eFraktion vor Ort\u201c mit dem Thema \u201eSterbehilfe \u2013 In &hellip; <a href=\"https:\/\/www.schiebener.net\/wordpress\/spd-pressemitteilung-sterbehilfe-oder-sterbebegleitung\/\" class=\"more-link\"><span class=\"screen-reader-text\">\u201eSPD Pressemitteilung: Sterbehilfe oder Sterbebegleitung?\u201c <\/span>weiterlesen<\/a><\/p>\n","protected":false},"author":3,"featured_media":0,"comment_status":"open","ping_status":"open","sticky":false,"template":"","format":"standard","meta":{"footnotes":""},"categories":[303,674,80,1043,4761],"tags":[3104,4986,655,13,5968,5276,322],"class_list":["post-33794","post","type-post","status-publish","format-standard","hentry","category-in-unserem-briefkasten","category-kultur","category-lokales","category-pressemitteilungen","category-soziales","tag-dirk-wiese","tag-hospiz","tag-pressemitteilung","tag-spd","tag-sterbebegleitung","tag-sterbehilfe","tag-winterberg"],"_links":{"self":[{"href":"https:\/\/www.schiebener.net\/wordpress\/wp-json\/wp\/v2\/posts\/33794","targetHints":{"allow":["GET"]}}],"collection":[{"href":"https:\/\/www.schiebener.net\/wordpress\/wp-json\/wp\/v2\/posts"}],"about":[{"href":"https:\/\/www.schiebener.net\/wordpress\/wp-json\/wp\/v2\/types\/post"}],"author":[{"embeddable":true,"href":"https:\/\/www.schiebener.net\/wordpress\/wp-json\/wp\/v2\/users\/3"}],"replies":[{"embeddable":true,"href":"https:\/\/www.schiebener.net\/wordpress\/wp-json\/wp\/v2\/comments?post=33794"}],"version-history":[{"count":0,"href":"https:\/\/www.schiebener.net\/wordpress\/wp-json\/wp\/v2\/posts\/33794\/revisions"}],"wp:attachment":[{"href":"https:\/\/www.schiebener.net\/wordpress\/wp-json\/wp\/v2\/media?parent=33794"}],"wp:term":[{"taxonomy":"category","embeddable":true,"href":"https:\/\/www.schiebener.net\/wordpress\/wp-json\/wp\/v2\/categories?post=33794"},{"taxonomy":"post_tag","embeddable":true,"href":"https:\/\/www.schiebener.net\/wordpress\/wp-json\/wp\/v2\/tags?post=33794"}],"curies":[{"name":"wp","href":"https:\/\/api.w.org\/{rel}","templated":true}]}}