{"id":33754,"date":"2015-10-16T09:14:28","date_gmt":"2015-10-16T08:14:28","guid":{"rendered":"http:\/\/www.schiebener.net\/wordpress\/?p=33754"},"modified":"2015-10-16T09:14:28","modified_gmt":"2015-10-16T08:14:28","slug":"pressemitteilung-mehr-geld-fuer-finanzschwache-kommunen-foerderung-fuer-klimaschutz-durch-den-bund-wird-ausgeweitet","status":"publish","type":"post","link":"https:\/\/www.schiebener.net\/wordpress\/pressemitteilung-mehr-geld-fuer-finanzschwache-kommunen-foerderung-fuer-klimaschutz-durch-den-bund-wird-ausgeweitet\/","title":{"rendered":"PRESSEMITTEILUNG: Mehr Geld f\u00fcr finanzschwache Kommunen: F\u00f6rderung f\u00fcr Klimaschutz durch den Bund wird ausgeweitet."},"content":{"rendered":"<figure id=\"attachment_32883\" aria-describedby=\"caption-attachment-32883\" style=\"width: 167px\" class=\"wp-caption alignleft\"><a href=\"http:\/\/www.schiebener.net\/wordpress\/wp-content\/uploads\/2015\/07\/lt_WieseDirk201409.jpg\" target=\"_blank\"><img loading=\"lazy\" decoding=\"async\" class=\" wp-image-32883\" src=\"http:\/\/www.schiebener.net\/wordpress\/wp-content\/uploads\/2015\/07\/lt_WieseDirk201409.jpg\" alt=\"Dirk Wiese, Bundestagsabgeordneter im Wahlkreis Hochsauerlandkreis (foto: spd)\" width=\"167\" height=\"251\" srcset=\"https:\/\/www.schiebener.net\/wordpress\/wp-content\/uploads\/2015\/07\/lt_WieseDirk201409.jpg 320w, https:\/\/www.schiebener.net\/wordpress\/wp-content\/uploads\/2015\/07\/lt_WieseDirk201409-200x300.jpg 200w\" sizes=\"auto, (max-width: 167px) 85vw, 167px\" \/><\/a><figcaption id=\"caption-attachment-32883\" class=\"wp-caption-text\">Dirk Wiese, Bundestagsabgeordneter im Wahlkreis Hochsauerlandkreis (foto: spd)<\/figcaption><\/figure>\n<p><strong>Meschede. (spd_pm) Der heimische Bundestagsabgeordnete Dirk Wiese begr\u00fc\u00dft die am 1. Oktober 2015 in Kraft getretene neue Kommunalrichtlinie.<\/strong> <\/p>\n<p>\u201eDie erfolgreiche F\u00f6rderung von Klimaschutzma\u00dfnahmen wird deutlich ausgeweitet: Es werden neue F\u00f6rderschwerpunkte eingef\u00fchrt und verbesserte F\u00f6rderbedingungen f\u00fcr finanzschwache Kommunen geschaffen\u201c, erl\u00e4utert Wiese die \u00c4nderungen an dem bereits bestehenden F\u00f6rderprogramm.<\/p>\n<p><em>(Hier geht es <a href=\"http:\/\/www.schiebener.net\/wordpress\/wp-content\/uploads\/2015\/10\/Kommunalrichtlinie_Flyer.pdf\" target=\"_blank\">zum Flyer<\/a>.)<\/em><\/p>\n<p>Die Kommunalrichtlinie biete nun noch mehr Handlungsm\u00f6glichkeiten f\u00fcr Kommunen. Deutlich gesteigert werde insbesondere die investive F\u00f6rderung. Antr\u00e4ge k\u00f6nnen ab sofort gestellt werden.<\/p>\n<p>Die \u201eRichtlinie zur F\u00f6rderung von Klimaschutzprojekten in sozialen, kulturellen und \u00f6ffentlichen Einrichtungen im Rahmen der Nationalen Klimaschutzinitiative\u201c (Kommunalrichtlinie) ist ein Erfolgsmodell: Seit 2008 profitieren Kommunen von der F\u00f6rderung durch die Nationale Klimaschutzinitiative des Bundesumweltministeriums. In den vergangenen Jahren wurden rund 3.000 Kommunen in \u00fcber 8.000 Projekten dabei unterst\u00fctzt, ihre Treibhausgasemissionen zu reduzieren.<\/p>\n<p>Die wichtigsten \u00c4nderungen im \u00dcberblick:<\/p>\n<ul>\n<li>Erh\u00f6hte F\u00f6rderquoten f\u00fcr finanzschwache Kommunen jetzt auch im investiven Bereich.<\/li>\n<li>Gef\u00f6rdert werden die Sanierung von Au\u00dfen-, Stra\u00dfenbeleuchtungs- und Lichtsignalanlagen durch LED-Beleuchtung zus\u00e4tzlich zum Einbau hocheffizienter LEDs bei der Sanierung von Innen- und Hallenbeleuchtung. Weiterhin werden die Sanierung und der Austausch raumlufttechnischer Ger\u00e4te bezuschusst.<\/li>\n<li>F\u00fcr Klimaschutzinvestitionen in Anlagen und Geb\u00e4uden von Kindertagesst\u00e4tten, Schulen, Jugendfreizeiteinrichtungen, Sportst\u00e4tten und Schwimmhallen wird ein neuer F\u00f6rderschwerpunkt mit erh\u00f6hten F\u00f6rderquoten eingef\u00fchrt.<\/li>\n<li>Die F\u00f6rderung nachhaltiger Mobilit\u00e4t erh\u00e4lt ein gr\u00f6\u00dferes Angebot und h\u00f6here maximale Zuwendungen. Hier profitiert insbesondere der Radverkehr.<\/li>\n<li>F\u00fcr die in-situ-Stabilisierung stillgelegter Siedlungsabfalldeponien ist eine h\u00f6here maximale Zuwendung m\u00f6glich.<\/li>\n<li>Bei Energiesparmodellen gibt es ein neues Starterpaket. Hier werden Ausgaben f\u00fcr p\u00e4dagogische Arbeit und geringinvestive Ma\u00dfnahmen bezuschusst.<\/li>\n<\/ul>\n<p>Antr\u00e4ge k\u00f6nnen ab sofort bis zum 31. M\u00e4rz 2016 beim Projekttr\u00e4ger J\u00fclich (PtJ) eingereicht werden. Weitere Antragsfenster sind f\u00fcr den 1. Juli bis 30. September 2016 sowie in 2017 vorgesehen. Als Unterst\u00fctzungseinrichtung f\u00fcr Kommunen steht im Auftrag des Bundesumweltministeriums das Service- und Kompetenzzentrum: Kommunaler Klimaschutz (SK:KK) mit einer Hotline unter der Rufnummer 030\/39001-170 f\u00fcr Beratung und Information zur Verf\u00fcgung (<a href=\"http:\/\/www.klimaschutz.de\/kommunen\" target=\"_blank\">www.klimaschutz.de\/kommunen<\/a>).<\/p>\n<p>Weitere Informationen zum Antragsverfahren beim PtJ unter <a href=\"http:\/\/www.ptj.de\/klimaschutzinitiative-kommunen\" target=\"_blank\">www.ptj.de\/klimaschutzinitiative-kommunen<\/a>.<\/p>\n<p>Informationen zur Nationalen Klimaschutzinitiative unter <a href=\"http:\/\/www.klimaschutz.de\" target=\"_blank\">www.klimaschutz.de<\/a>.<\/p>\n<p><em>Aktuelle Informationen vom Bundestagsabgeordneten Dirk Wiese sowie \u00fcber die SPD im Hochsauerland befinden sich im Internet unter <a href=\"http:\/\/www.dirkwiese.de\" target=\"_blank\">www.dirkwiese.de<\/a> und unter <a href=\"http:\/\/www.hsk-spd.de\" target=\"_blank\">www.hsk-spd.de<\/a>. <\/em><\/p>\n","protected":false},"excerpt":{"rendered":"<p>Meschede. (spd_pm) Der heimische Bundestagsabgeordnete Dirk Wiese begr\u00fc\u00dft die am 1. Oktober 2015 in Kraft getretene neue Kommunalrichtlinie. \u201eDie erfolgreiche F\u00f6rderung von Klimaschutzma\u00dfnahmen wird deutlich ausgeweitet: Es werden neue F\u00f6rderschwerpunkte &hellip; <a href=\"https:\/\/www.schiebener.net\/wordpress\/pressemitteilung-mehr-geld-fuer-finanzschwache-kommunen-foerderung-fuer-klimaschutz-durch-den-bund-wird-ausgeweitet\/\" class=\"more-link\"><span class=\"screen-reader-text\">\u201ePRESSEMITTEILUNG: Mehr Geld f\u00fcr finanzschwache Kommunen: F\u00f6rderung f\u00fcr Klimaschutz durch den Bund wird ausgeweitet.\u201c <\/span>weiterlesen<\/a><\/p>\n","protected":false},"author":17,"featured_media":0,"comment_status":"open","ping_status":"open","sticky":false,"template":"","format":"standard","meta":{"footnotes":""},"categories":[303,80,1043,549],"tags":[3104,591,5960,655,13],"class_list":["post-33754","post","type-post","status-publish","format-standard","hentry","category-in-unserem-briefkasten","category-lokales","category-pressemitteilungen","category-umwelt","tag-dirk-wiese","tag-klima","tag-kommunalrichtlinie-klimaschutz","tag-pressemitteilung","tag-spd"],"_links":{"self":[{"href":"https:\/\/www.schiebener.net\/wordpress\/wp-json\/wp\/v2\/posts\/33754","targetHints":{"allow":["GET"]}}],"collection":[{"href":"https:\/\/www.schiebener.net\/wordpress\/wp-json\/wp\/v2\/posts"}],"about":[{"href":"https:\/\/www.schiebener.net\/wordpress\/wp-json\/wp\/v2\/types\/post"}],"author":[{"embeddable":true,"href":"https:\/\/www.schiebener.net\/wordpress\/wp-json\/wp\/v2\/users\/17"}],"replies":[{"embeddable":true,"href":"https:\/\/www.schiebener.net\/wordpress\/wp-json\/wp\/v2\/comments?post=33754"}],"version-history":[{"count":0,"href":"https:\/\/www.schiebener.net\/wordpress\/wp-json\/wp\/v2\/posts\/33754\/revisions"}],"wp:attachment":[{"href":"https:\/\/www.schiebener.net\/wordpress\/wp-json\/wp\/v2\/media?parent=33754"}],"wp:term":[{"taxonomy":"category","embeddable":true,"href":"https:\/\/www.schiebener.net\/wordpress\/wp-json\/wp\/v2\/categories?post=33754"},{"taxonomy":"post_tag","embeddable":true,"href":"https:\/\/www.schiebener.net\/wordpress\/wp-json\/wp\/v2\/tags?post=33754"}],"curies":[{"name":"wp","href":"https:\/\/api.w.org\/{rel}","templated":true}]}}