{"id":33658,"date":"2015-10-05T20:24:40","date_gmt":"2015-10-05T19:24:40","guid":{"rendered":"http:\/\/www.schiebener.net\/wordpress\/?p=33658"},"modified":"2015-10-05T20:24:40","modified_gmt":"2015-10-05T19:24:40","slug":"nrw-hessen-spd-regionalratsfraktion-im-grenzueberschreitenden-austausch","status":"publish","type":"post","link":"https:\/\/www.schiebener.net\/wordpress\/nrw-hessen-spd-regionalratsfraktion-im-grenzueberschreitenden-austausch\/","title":{"rendered":"NRW-Hessen: SPD-Regionalratsfraktion im grenz\u00fcberschreitenden Austausch."},"content":{"rendered":"<figure id=\"attachment_33660\" aria-describedby=\"caption-attachment-33660\" style=\"width: 700px\" class=\"wp-caption aligncenter\"><a href=\"http:\/\/www.schiebener.net\/wordpress\/wp-content\/uploads\/2015\/10\/SPDNRWHessen20151005.jpg\" target=\"_blank\"><img loading=\"lazy\" decoding=\"async\" class=\"size-full wp-image-33660\" src=\"http:\/\/www.schiebener.net\/wordpress\/wp-content\/uploads\/2015\/10\/SPDNRWHessen20151005.jpg\" alt=\"SPD Hessen\/NRW: Klausurtagung mit grenz\u00fcberschreitenden Themen wie Windkraft, Breitbandversorgung und SPNV (Obere Ruhrtalbahn) (foto: spd)\" width=\"700\" height=\"551\" srcset=\"https:\/\/www.schiebener.net\/wordpress\/wp-content\/uploads\/2015\/10\/SPDNRWHessen20151005.jpg 700w, https:\/\/www.schiebener.net\/wordpress\/wp-content\/uploads\/2015\/10\/SPDNRWHessen20151005-300x236.jpg 300w\" sizes=\"auto, (max-width: 709px) 85vw, (max-width: 909px) 67vw, (max-width: 984px) 61vw, (max-width: 1362px) 45vw, 600px\" \/><\/a><figcaption id=\"caption-attachment-33660\" class=\"wp-caption-text\">SPD Hessen\/NRW: Klausurtagung mit grenz\u00fcberschreitenden Themen wie Windkraft, Breitbandversorgung und SPNV (Obere Ruhrtalbahn) (foto: spd)<\/figcaption><\/figure>\n<p><strong>Arnsberg\/Bad Wildungen. (spd_pm) Die Themen Windenergie, Breitband und Schienenpersonennahverkehr (Obere Ruhrtalbahn)standen im Vordergrund von Gespr\u00e4chen zwischen Regionalgremien der SPD aus S\u00fcdwestfalen und Nordhessen.<\/strong><\/p>\n<p>Teilgenommen haben die SPD-Regionalratsfraktion mit Regierungspr\u00e4sidentin Diana Ewert, ihrem Vorg\u00e4nger Gerd Bollermann, dem Regierungsvizepr\u00e4sidenten Volker Milk, dem Abteilungsleiter Bernd M\u00fcller und der Dezernentin Bettina Krusat-Barnickel.<\/p>\n<p>\u201eInsbesondere die Windkraftnutzung hat eine gro\u00dfe Bedeutung f\u00fcr die B\u00fcrgerinnen und B\u00fcrger beiderseits der Landesgrenze. Hier bedarf es einiger Abstimmungen\u201c, betonte Hans Walter Schneider (Winterberg-Siedlinghausen), Vorsitzender der SPD-Regionalratsfraktion.<\/p>\n<p>Die nordhessische Regionalversammlung ist zur Zeit ebenso wie der nordrheinwestf\u00e4lische Regionalrat Arnsberg dabei, einen Teilregionalplan Energie aufzustellen.<\/p>\n<p>W\u00e4hrend sich der Plan in Nordhessen in der zweiten Offenlegung befindet, werden im Regierungsbezirk Arnsberg im Moment die Einwendungen nach der ersten Offenlegung ausgewertet.<\/p>\n<p>In Hessen hatte ein Energiegipfel im Jahre 2011 zur grundlegenden Vorgabe gemacht, dass die Regionalpl\u00e4ne Vorranggebiete mit Ausschlusswirkung f\u00fcr die Windenergienutzung in einer Gr\u00f6\u00dfenordnung von 2 % der Landesfl\u00e4che ausweisen. Das sind f\u00fcr Nord- und Osthessen rund 16.500 ha.<\/p>\n<p>Im Regierungsbezirk Arnsberg sind dagegen Konzentrationszonen ohne Ausschlusswirkung in einer Gr\u00f6\u00dfenordnung von 18.000 ha geplant.<\/p>\n<p>Wie die Diskussion zeigte, sind die hohe Zahl der Einwendungen gegen diese Pl\u00e4ne und deren inhaltliche Ausrichtung in beiden Bundesl\u00e4ndern vergleichbar.<\/p>\n<p>Beim Thema Breitbandversorgung gebe es deutliche Unterschiede in der Vorgehensweise.<\/p>\n<p>W\u00e4hrend in Nordhessen die Kreise weitestgehend eigene Konzepte verfolgen, beteiligen sich die f\u00fcnf s\u00fcdwestf\u00e4lischen Kreise an einer gemeinsamen Telekommunikationsgesellschaft (TKG GmbH).<\/p>\n<p>So soll der Ausbau auch in den Gebieten vorangebracht werden, die von den kommerziellen Anbietern mangels Wirtschaftlichkeit nicht erschlossen werden.<\/p>\n<p>Der zweigleisige Ausbau der Oberen-Ruhrtalbahn sowie der L\u00fcckenschluss zwischen Korbach und Frankenberg wurden von beiden Seiten einhellig als Investition in die Zukunft begr\u00fc\u00dft.<\/p>\n<p>Hans Walter Schneider: \u201eMan sollte auch \u00fcber den eigenen Horizont hinausschauen, um komplexe Konflikte b\u00fcrgernah l\u00f6sen zu k\u00f6nnen. F\u00fcr die Menschen endet das Leben nicht an Landesgrenzen.\u201c<\/p>\n","protected":false},"excerpt":{"rendered":"<p>Arnsberg\/Bad Wildungen. (spd_pm) Die Themen Windenergie, Breitband und Schienenpersonennahverkehr (Obere Ruhrtalbahn)standen im Vordergrund von Gespr\u00e4chen zwischen Regionalgremien der SPD aus S\u00fcdwestfalen und Nordhessen. Teilgenommen haben die SPD-Regionalratsfraktion mit Regierungspr\u00e4sidentin Diana &hellip; <a href=\"https:\/\/www.schiebener.net\/wordpress\/nrw-hessen-spd-regionalratsfraktion-im-grenzueberschreitenden-austausch\/\" class=\"more-link\"><span class=\"screen-reader-text\">\u201eNRW-Hessen: SPD-Regionalratsfraktion im grenz\u00fcberschreitenden Austausch.\u201c <\/span>weiterlesen<\/a><\/p>\n","protected":false},"author":17,"featured_media":0,"comment_status":"open","ping_status":"open","sticky":false,"template":"","format":"standard","meta":{"footnotes":""},"categories":[303,80,24,549,618,1208],"tags":[5948,229,655,5677],"class_list":["post-33658","post","type-post","status-publish","format-standard","hentry","category-in-unserem-briefkasten","category-lokales","category-politik","category-umwelt","category-verkehr","category-wirtschaft","tag-nordhessen","tag-nrw","tag-pressemitteilung","tag-spd-regionalratsfraktion"],"_links":{"self":[{"href":"https:\/\/www.schiebener.net\/wordpress\/wp-json\/wp\/v2\/posts\/33658","targetHints":{"allow":["GET"]}}],"collection":[{"href":"https:\/\/www.schiebener.net\/wordpress\/wp-json\/wp\/v2\/posts"}],"about":[{"href":"https:\/\/www.schiebener.net\/wordpress\/wp-json\/wp\/v2\/types\/post"}],"author":[{"embeddable":true,"href":"https:\/\/www.schiebener.net\/wordpress\/wp-json\/wp\/v2\/users\/17"}],"replies":[{"embeddable":true,"href":"https:\/\/www.schiebener.net\/wordpress\/wp-json\/wp\/v2\/comments?post=33658"}],"version-history":[{"count":0,"href":"https:\/\/www.schiebener.net\/wordpress\/wp-json\/wp\/v2\/posts\/33658\/revisions"}],"wp:attachment":[{"href":"https:\/\/www.schiebener.net\/wordpress\/wp-json\/wp\/v2\/media?parent=33658"}],"wp:term":[{"taxonomy":"category","embeddable":true,"href":"https:\/\/www.schiebener.net\/wordpress\/wp-json\/wp\/v2\/categories?post=33658"},{"taxonomy":"post_tag","embeddable":true,"href":"https:\/\/www.schiebener.net\/wordpress\/wp-json\/wp\/v2\/tags?post=33658"}],"curies":[{"name":"wp","href":"https:\/\/api.w.org\/{rel}","templated":true}]}}