{"id":33585,"date":"2015-09-25T19:56:19","date_gmt":"2015-09-25T18:56:19","guid":{"rendered":"http:\/\/www.schiebener.net\/wordpress\/?p=33585"},"modified":"2015-09-27T14:43:23","modified_gmt":"2015-09-27T13:43:23","slug":"danke-vw-die-daenischen-eisenbahnfreunde-haben-meine-dampflok-gepimpt","status":"publish","type":"post","link":"https:\/\/www.schiebener.net\/wordpress\/danke-vw-die-daenischen-eisenbahnfreunde-haben-meine-dampflok-gepimpt\/","title":{"rendered":"Danke VW! :-) Die d\u00e4nischen Eisenbahnfreunde haben meine Dampflok gepimpt"},"content":{"rendered":"<figure id=\"attachment_33586\" aria-describedby=\"caption-attachment-33586\" style=\"width: 700px\" class=\"wp-caption aligncenter\"><a href=\"http:\/\/www.jernbanen.dk\/forum\/index.php?id=102265\" target=\"_blank\"><img loading=\"lazy\" decoding=\"async\" class=\"wp-image-33586 size-full\" src=\"http:\/\/www.schiebener.net\/wordpress\/wp-content\/uploads\/2015\/09\/DampflokVWDK20150925.jpg\" alt=\"Da hat doch tats\u00e4chlich ein d\u00e4nischer Eisenbahnfreund meine Dampflok-Aufnahnme verfremdet. Gute Idee! (screenshot: zoom)\" width=\"700\" height=\"763\" srcset=\"https:\/\/www.schiebener.net\/wordpress\/wp-content\/uploads\/2015\/09\/DampflokVWDK20150925.jpg 700w, https:\/\/www.schiebener.net\/wordpress\/wp-content\/uploads\/2015\/09\/DampflokVWDK20150925-275x300.jpg 275w\" sizes=\"auto, (max-width: 709px) 85vw, (max-width: 909px) 67vw, (max-width: 984px) 61vw, (max-width: 1362px) 45vw, 600px\" \/><\/a><figcaption id=\"caption-attachment-33586\" class=\"wp-caption-text\">Da hat doch tats\u00e4chlich ein d\u00e4nischer Eisenbahnfreund meine Dampflok-Aufnahme mit dem VW-Logo verfremdet. Gute Idee! (screenshot: zoom)<\/figcaption><\/figure>\n<p><strong>VW sei Dank! Ich habe heute trotz &#8222;Nichtstun&#8220; und &#8222;Schreibf\u00e4ulnis&#8220;[1] im Blog hohe Zugriffszahlen aus D\u00e4nemark. <\/strong><\/p>\n<p>Im <a href=\"http:\/\/www.jernbanen.dk\/forum\/index.php?id=102265\" target=\"_blank\">Eisenbahnforum Jernbanen.dk<\/a> hat ein pfiffiger Lokomotiven-Liebhaber meine alte Aufnahme der Dampflok 41360 bei Silbach auf dem Weg nach Winterberg mit dem VW-Logo ausgestattet.<\/p>\n<p>Gute Idee! Keep on rocking, old steam engine \ud83d\ude09<\/p>\n<p>Zur Erinnerung das <a href=\"http:\/\/www.schiebener.net\/wordpress\/silbach-dampflok-41360-auf-dem-weg-nach-winterberg\/\" target=\"_blank\">Original vom Januar letzten Jahres<\/a>:<\/p>\n<p><figure id=\"attachment_27137\" aria-describedby=\"caption-attachment-27137\" style=\"width: 512px\" class=\"wp-caption aligncenter\"><a href=\"http:\/\/www.schiebener.net\/wordpress\/wp-content\/uploads\/2014\/01\/lt_Dampflok4136020140118.jpg\"><img loading=\"lazy\" decoding=\"async\" class=\"size-full wp-image-27137\" src=\"http:\/\/www.schiebener.net\/wordpress\/wp-content\/uploads\/2014\/01\/lt_Dampflok4136020140118.jpg\" alt=\"Dampflok 41360\" width=\"512\" height=\"729\" srcset=\"https:\/\/www.schiebener.net\/wordpress\/wp-content\/uploads\/2014\/01\/lt_Dampflok4136020140118.jpg 512w, https:\/\/www.schiebener.net\/wordpress\/wp-content\/uploads\/2014\/01\/lt_Dampflok4136020140118-210x300.jpg 210w\" sizes=\"auto, (max-width: 512px) 85vw, 512px\" \/><\/a><figcaption id=\"caption-attachment-27137\" class=\"wp-caption-text\">Die Dampflok 41360 auf dem Weg nach Winterberg (foto: zoom)<\/figcaption><\/figure>.<\/p>\n<p><em>[1] Ich wei\u00df, dass es eigentlich Schreibfaulheit oder besser Schreibm\u00fcdigkeit hei\u00dfen sollte. War eine krumme Assoziation mit Karies (Zahnf\u00e4ule). Jetzt steht&#8217;s da und bleibt.<\/em><\/p>\n","protected":false},"excerpt":{"rendered":"<p>VW sei Dank! Ich habe heute trotz &#8222;Nichtstun&#8220; und &#8222;Schreibf\u00e4ulnis&#8220;[1] im Blog hohe Zugriffszahlen aus D\u00e4nemark. Im Eisenbahnforum Jernbanen.dk hat ein pfiffiger Lokomotiven-Liebhaber meine alte Aufnahme der Dampflok 41360 bei &hellip; <a href=\"https:\/\/www.schiebener.net\/wordpress\/danke-vw-die-daenischen-eisenbahnfreunde-haben-meine-dampflok-gepimpt\/\" class=\"more-link\"><span class=\"screen-reader-text\">\u201eDanke VW! \ud83d\ude42 Die d\u00e4nischen Eisenbahnfreunde haben meine Dampflok gepimpt\u201c <\/span>weiterlesen<\/a><\/p>\n","protected":false},"author":3,"featured_media":0,"comment_status":"open","ping_status":"open","sticky":false,"template":"","format":"standard","meta":{"footnotes":""},"categories":[174,2782,618],"tags":[4786,5930,5929,1193,5629,5931,322],"class_list":["post-33585","post","type-post","status-publish","format-standard","hentry","category-dit-und-dat","category-satire","category-verkehr","tag-dampflok-41360","tag-dieselmotoren","tag-jernbanen","tag-silbach","tag-vw","tag-vw-krise","tag-winterberg"],"_links":{"self":[{"href":"https:\/\/www.schiebener.net\/wordpress\/wp-json\/wp\/v2\/posts\/33585","targetHints":{"allow":["GET"]}}],"collection":[{"href":"https:\/\/www.schiebener.net\/wordpress\/wp-json\/wp\/v2\/posts"}],"about":[{"href":"https:\/\/www.schiebener.net\/wordpress\/wp-json\/wp\/v2\/types\/post"}],"author":[{"embeddable":true,"href":"https:\/\/www.schiebener.net\/wordpress\/wp-json\/wp\/v2\/users\/3"}],"replies":[{"embeddable":true,"href":"https:\/\/www.schiebener.net\/wordpress\/wp-json\/wp\/v2\/comments?post=33585"}],"version-history":[{"count":0,"href":"https:\/\/www.schiebener.net\/wordpress\/wp-json\/wp\/v2\/posts\/33585\/revisions"}],"wp:attachment":[{"href":"https:\/\/www.schiebener.net\/wordpress\/wp-json\/wp\/v2\/media?parent=33585"}],"wp:term":[{"taxonomy":"category","embeddable":true,"href":"https:\/\/www.schiebener.net\/wordpress\/wp-json\/wp\/v2\/categories?post=33585"},{"taxonomy":"post_tag","embeddable":true,"href":"https:\/\/www.schiebener.net\/wordpress\/wp-json\/wp\/v2\/tags?post=33585"}],"curies":[{"name":"wp","href":"https:\/\/api.w.org\/{rel}","templated":true}]}}