{"id":33570,"date":"2015-09-23T21:10:04","date_gmt":"2015-09-23T20:10:04","guid":{"rendered":"http:\/\/www.schiebener.net\/wordpress\/?p=33570"},"modified":"2015-09-23T21:10:04","modified_gmt":"2015-09-23T20:10:04","slug":"aktion-humane-schule-lernen-ohne-noten-das-geht","status":"publish","type":"post","link":"https:\/\/www.schiebener.net\/wordpress\/aktion-humane-schule-lernen-ohne-noten-das-geht\/","title":{"rendered":"Aktion Humane Schule: &#8222;Lernen ohne Noten \u2013 das geht!&#8220;"},"content":{"rendered":"<p><img loading=\"lazy\" decoding=\"async\" src=\"http:\/\/www.schiebener.net\/wordpress\/wp-content\/uploads\/2015\/09\/AHSWordle2201150923.jpg\" alt=\"AHSWordle2201150923\" width=\"640\" height=\"363\" class=\"aligncenter size-full wp-image-33573\" srcset=\"https:\/\/www.schiebener.net\/wordpress\/wp-content\/uploads\/2015\/09\/AHSWordle2201150923.jpg 640w, https:\/\/www.schiebener.net\/wordpress\/wp-content\/uploads\/2015\/09\/AHSWordle2201150923-300x170.jpg 300w\" sizes=\"auto, (max-width: 709px) 85vw, (max-width: 909px) 67vw, (max-width: 984px) 61vw, (max-width: 1362px) 45vw, 600px\" \/><strong>N\u00fcrnberg. (<a href=\"http:\/\/www.aktion-humane-schule.de\/\" target=\"_blank\">ahs_pm<\/a>) Wer sich \u00fcber das eigene Bundesland hinaus f\u00fcr Schule interessiert, entdeckt eine Vielzahl von Chancen f\u00fcr die Notenfreiheit.<\/strong><\/p>\n<p>Selbst im konservativen Bayern hat rund ein Drittel der Grundschulen gleich im ersten Jahr die neue M\u00f6glichkeit genutzt, im 3. Schuljahr das Notenzeugnis durch ein ausf\u00fchrliches Gespr\u00e4ch mit Kind und Eltern zu ersetzen. An Waldorf- und einigen anderen Freien Schulen besitzt die Notenfreiheit schon eine lange, bew\u00e4hrte Tradition.<\/p>\n<p>Darum hat sich der <a href=\"http:\/\/www.aktion-humane-schule.de\/\" target=\"_blank\">Bundesverband Aktion Humane Schule e.V. (AHS)<\/a> in der neuen Ausgabe seiner Zeitschrift \u201eHumane Schule\u201c dieser Thematik gewidmet.<\/p>\n<p>Schon das Titelbild mit einem Sortiment Gie\u00dfkannen verweist auf die Willk\u00fcr der Ziffernnote. Eine Vielzahl von Artikeln aus Wissenschaft (Forschungsprojekt NOVARA u.a.) und Praxis widmet sich der notenfreien Schule. Beispiele aus einer Montessori- sowie einer K\u00f6lner Privatschule machen die konkrete Umsetzung solcher Konzepte deutlich. Erg\u00e4nzt werden sie von Berichten aus Bayern und Schleswig-Holstein \u00fcber erste Erfahrungen mit der dort neuen M\u00f6glichkeit.<\/p>\n<p>Eine \u201eSynopse zur Notengebung\u201c zeigt den aktuellen bildungspolitischen Stand bez\u00fcglich der Notenpraxis in allen 16 Bundesl\u00e4ndern auf. Literarisches, Zitate, Kommentare sowie f\u00fcnf ausf\u00fchrliche Buchbesprechungen runden das 32 Seiten starke, werbefreie Heft ab.<\/p>\n<p><em>Erh\u00e4ltlich ist die \u201eHumane Schule\u201c zum Thema \u201eLernen ohne Noten? \u2013 Das geht!\u201c f\u00fcr \u20ac 5,- je Heft zzgl. Versand gegen Rechnung bei: Bundesverband Aktion Humane Schule e.V. Gesch\u00e4ftsstelle Dutzendteichstr. 24 90478 N\u00fcrnberg <\/em><\/p>\n<p><em>Bestellt werden kann auch per Telefon (09 11 \/ 98 03 45 84) oder per E-Mail: <a href=\"mailto:info@aktion-humane-schule.de\" target=\"_blank\">info@aktion-humane-schule.de<\/a><\/em><\/p>\n","protected":false},"excerpt":{"rendered":"<p>N\u00fcrnberg. (ahs_pm) Wer sich \u00fcber das eigene Bundesland hinaus f\u00fcr Schule interessiert, entdeckt eine Vielzahl von Chancen f\u00fcr die Notenfreiheit. Selbst im konservativen Bayern hat rund ein Drittel der Grundschulen &hellip; <a href=\"https:\/\/www.schiebener.net\/wordpress\/aktion-humane-schule-lernen-ohne-noten-das-geht\/\" class=\"more-link\"><span class=\"screen-reader-text\">\u201eAktion Humane Schule: &#8222;Lernen ohne Noten \u2013 das geht!&#8220;\u201c <\/span>weiterlesen<\/a><\/p>\n","protected":false},"author":17,"featured_media":0,"comment_status":"open","ping_status":"open","sticky":false,"template":"","format":"standard","meta":{"footnotes":""},"categories":[3,303,1043],"tags":[1607,1608,655],"class_list":["post-33570","post","type-post","status-publish","format-standard","hentry","category-bildung-und-schule","category-in-unserem-briefkasten","category-pressemitteilungen","tag-ahs","tag-aktion-humane-schule","tag-pressemitteilung"],"_links":{"self":[{"href":"https:\/\/www.schiebener.net\/wordpress\/wp-json\/wp\/v2\/posts\/33570","targetHints":{"allow":["GET"]}}],"collection":[{"href":"https:\/\/www.schiebener.net\/wordpress\/wp-json\/wp\/v2\/posts"}],"about":[{"href":"https:\/\/www.schiebener.net\/wordpress\/wp-json\/wp\/v2\/types\/post"}],"author":[{"embeddable":true,"href":"https:\/\/www.schiebener.net\/wordpress\/wp-json\/wp\/v2\/users\/17"}],"replies":[{"embeddable":true,"href":"https:\/\/www.schiebener.net\/wordpress\/wp-json\/wp\/v2\/comments?post=33570"}],"version-history":[{"count":0,"href":"https:\/\/www.schiebener.net\/wordpress\/wp-json\/wp\/v2\/posts\/33570\/revisions"}],"wp:attachment":[{"href":"https:\/\/www.schiebener.net\/wordpress\/wp-json\/wp\/v2\/media?parent=33570"}],"wp:term":[{"taxonomy":"category","embeddable":true,"href":"https:\/\/www.schiebener.net\/wordpress\/wp-json\/wp\/v2\/categories?post=33570"},{"taxonomy":"post_tag","embeddable":true,"href":"https:\/\/www.schiebener.net\/wordpress\/wp-json\/wp\/v2\/tags?post=33570"}],"curies":[{"name":"wp","href":"https:\/\/api.w.org\/{rel}","templated":true}]}}