{"id":33536,"date":"2015-09-20T18:35:27","date_gmt":"2015-09-20T17:35:27","guid":{"rendered":"http:\/\/www.schiebener.net\/wordpress\/?p=33536"},"modified":"2015-09-21T05:18:23","modified_gmt":"2015-09-21T04:18:23","slug":"gastbeitrag-wie-die-wirtschaftsfluechtlinge-den-syrienkrieg-befeuern","status":"publish","type":"post","link":"https:\/\/www.schiebener.net\/wordpress\/gastbeitrag-wie-die-wirtschaftsfluechtlinge-den-syrienkrieg-befeuern\/","title":{"rendered":"Gastbeitrag: Wie die Wirtschaftsfl\u00fcchtlinge den Syrienkrieg befeuern"},"content":{"rendered":"<p><strong>Er h\u00f6rte schon vor einigen Wochen eine Geschichte \u00fcber Fl\u00fcchtlinge, Islam und den Balkan, die sich sehr interessant anh\u00f6rte und ein Grundmuster des deutschen Fl\u00fcchtlingsdiskurses in Frage zu stellen geeignet ist. Denn in Deutschland wird seit einiger Zeit breit f\u00fcr die Akzeptanz von Kriegsfl\u00fcchtlingen \u2013 insbesondere aus Syrien \u2013 als legitimen Schutzsuchenden getrommelt.<\/strong><\/p>\n<p><em>(Ein Gastbeitrag, heute <a href=\"https:\/\/erbloggtes.wordpress.com\/2015\/09\/20\/wie-die-wirtschaftsfluechtlinge-den-syrienkrieg-befeuern\/\" target=\"_blank\">zuerst bei Erbloggtes<\/a> erschienen.)<\/em><\/p>\n<h4>Guter Fl\u00fcchtling, b\u00f6ser Fl\u00fcchtling<\/h4>\n<p>Man kann die Bereitschaft zu ihrer Aufnahme \u2013 trotz fehlender Asylberechtigung \u2013 als common sense ansehen. Infratest dimap ermittelte zuletzt 96% Zustimmung f\u00fcr diese Fl\u00fcchtlingskategorie:<\/p>\n<div class=\"wp-caption alignnone\">\n<p><a href=\"http:\/\/www.infratest-dimap.de\/typo3temp\/_processed_\/csm_ARD-DeutschlandTREND_September2015_14_e70b1fc522.png\" target=\"_blank\"><img loading=\"lazy\" decoding=\"async\" class=\"\" src=\"https:\/\/i1.wp.com\/www.infratest-dimap.de\/typo3temp\/_processed_\/csm_ARD-DeutschlandTREND_September2015_14_e70b1fc522.png\" srcset=\"https:\/\/i1.wp.com\/www.infratest-dimap.de\/typo3temp\/_processed_\/csm_ARD-DeutschlandTREND_September2015_14_e70b1fc522.png?zoom=2 1.5x\" alt=\"\" width=\"473\" height=\"355\" \/><\/a><\/p>\n<p class=\"wp-caption-text\">Kriegsfl\u00fcchtlinge top, Armutsfl\u00fcchtlinge flop<\/p>\n<\/div>\n<p>Die Kehrseite der Medaille ist, dass zugleich eine andere zahlenm\u00e4\u00dfig gewichtige Fl\u00fcchtlingskategorie in der \u00d6ffentlichkeit delegitimiert wird: Sogenannte Wirtschaftsfl\u00fcchtlinge werden von der Bundesregierung \u00fcber die Leitmedien bis in die Fu\u00dfg\u00e4ngerzonenumfrage um so d\u00fcsterer gezeichnet, je st\u00e4rker Kriegsfl\u00fcchtlinge strahlen sollen. Gespielt wird das St\u00fcck: Guter Fl\u00fcchtling, b\u00f6ser Fl\u00fcchtling.<\/p>\n<p>Die Darstellung von faulen Schmarotzern und Sozialstaatsbetr\u00fcgern, die nichts anderes wollen als sich aus Steuergeldern zu bereichern, besagt, dass sogenannte <a href=\"https:\/\/de.wikipedia.org\/wiki\/Westbalkan\" target=\"_blank\">Westbalkan-Staaten<\/a> ihre Arbeitslosen auf Deutschland, speziell Bayern, abw\u00e4lzen und ihnen damit den hochverdienten anstrengungslosen Wohlstand streitig machen, den die Mitgliedschaft in der regionalen Einheitspartei gew\u00e4hrt. Jedenfalls, so die CSU, m\u00fcssten Westbalkanbewohner umgehend und ohne Einzelfallpr\u00fcfung abgeschoben werden, sobald sie die Grenze <del datetime=\"2015-09-07T23:18:40+00:00\">zum K\u00f6nigreich der Himmel<\/del> zur Vorstufe zum Paradies \u2013 \u201cillegal\u201d \u2013 \u00fcberschritten haben. Unbeachtlich, dass etwa die B\u00fcrger von Bosnien und Herzegowina oder Albanien drei Monate jedes Halbjahres visumfrei in der Europ\u00e4ischen Union Urlaub machen k\u00f6nnen[<a href=\"https:\/\/de.wikipedia.org\/wiki\/Bosnien_und_Herzegowina_und_die_Europ%C3%A4ische_Union\" target=\"_blank\">1<\/a>]: Sie m\u00fcssen weg.<\/p>\n<h4>Bev\u00f6lkerungsstrukturen des Westbalkan<\/h4>\n<div class=\"wp-caption alignright\">\n<p><a href=\"https:\/\/commons.wikimedia.org\/wiki\/File:Ct002411.jpg\" target=\"_blank\"><img loading=\"lazy\" decoding=\"async\" class=\"alignright\" src=\"https:\/\/upload.wikimedia.org\/wikipedia\/commons\/4\/4b\/Ct002411.jpg\" alt=\"\" width=\"250\" height=\"198\" \/><\/a><\/p>\n<p class=\"wp-caption-text\">Ethnische Zuordnung des Westbalkans laut CIA, 2008<\/p>\n<\/div>\n<p>Die Zuordnung von Staatsb\u00fcrgerschaft, Volkszugeh\u00f6rigkeit, Abstammung, Religion und Wohnsitz ist auf dem Westbalkan nicht unproblematisch. Weil das den jeweiligen F\u00fchrern mi\u00dffiel, waren \u201cethnische S\u00e4uberungen\u201d im 20. Jahrhundert ein beliebtes Mittel der Unmenschlichkeit. F\u00fcr das Verst\u00e4ndnis der folgenden Geschichte ist prim\u00e4r wichtig, dass auf dem Westbalkan ein recht gro\u00dfer Bev\u00f6lkerungsanteil muslimischen Glaubens ist, und zwar insbesondere in Albanien, in Kosovo und in Bosnien und Herzegowina, etwas weniger in Mazedonien und Montenegro.<\/p>\n<div class=\"wp-caption alignright\">\n<p><a href=\"https:\/\/commons.wikimedia.org\/wiki\/File:Albanians_in_Europe.jpg\" target=\"_blank\"><img loading=\"lazy\" decoding=\"async\" class=\"\" src=\"https:\/\/upload.wikimedia.org\/wikipedia\/commons\/thumb\/3\/31\/Albanians_in_Europe.jpg\/1024px-Albanians_in_Europe.jpg\" alt=\"\" width=\"250\" height=\"142\" \/><\/a><\/p>\n<p class=\"wp-caption-text\">Albaner in Europa, CC-BY 3.0 Albopedian at it.wikipedia<\/p>\n<\/div>\n<p>Zudem handelt es sich dabei um L\u00e4nder mit starker Auswanderungs-Geschichte: Die Mehrheit aller Albaner beispielsweise lebt au\u00dferhalb von Albanien und Kosovo, bei den Bosniern ist es \u00e4hnlich. Unter bosnischen Muslimen, seit 1993 wieder <a href=\"https:\/\/de.wikipedia.org\/wiki\/Bosniaken\" target=\"_blank\">Bosniaken<\/a> genannt, wurden zur Zeit des Bosnienkrieges, in dem der Staat Bosnien und Herzegowina in seiner Existenz und die bosnischen Muslime an Leib und Leben bedroht waren, Bande in islamische L\u00e4nder, und wohl auch zu dschihadistischen Organisationen gekn\u00fcpft. Es gibt sogar einen Wikipedia-Artikel \u00fcber <a href=\"https:\/\/de.wikipedia.org\/wiki\/Mudschahedin_im_Bosnienkrieg\" target=\"_blank\">\u201cMudschahedin im Bosnienkrieg\u201d<\/a>.<\/p>\n<figure id=\"attachment_4067\" aria-describedby=\"caption-attachment-4067\" style=\"width: 500px\" class=\"wp-caption alignnone\"><a href=\"https:\/\/commons.wikimedia.org\/wiki\/File:IslamInEurope.png\" target=\"_blank\"><img loading=\"lazy\" decoding=\"async\" class=\"wp-image-4067 size-large\" src=\"https:\/\/erbloggtes.files.wordpress.com\/2015\/09\/islamineurope.png?w=710&amp;h=471\" alt=\"Gebiete mit muslimischer Bev\u00f6lkerungsmehrheit laut Wikipedia, CC-BY-SA User:Scooter20\" width=\"500\" height=\"332\" \/><\/a><figcaption id=\"caption-attachment-4067\" class=\"wp-caption-text\">Gebiete mit muslimischer Bev\u00f6lkerungsmehrheit in Europa laut Wikipedia, CC-BY-SA User: Scooter20<\/figcaption><\/figure>\n<p>Man kann es wohl nicht als Zufall abtun, dass die L\u00e4nder Europas, in denen es Gebiete mit muslimischer Bev\u00f6lkerungsmehrheit gibt, die schlechtesten Chancen haben, in die EU aufgenommen zu werden. Durch diese Region kommen nun Syrienfl\u00fcchtlinge, und die ehemaligen L\u00e4ndereien des Habsburgerreiches bem\u00fchen sich, ihrem einstigen imperialen Anspruch als \u201cchristliches Bollwerk\u201d gegen die \u201cT\u00fcrkengefahr\u201d weiter gerecht zu werden. Bei vor B\u00fcrgerkrieg Fliehenden mag man dabei noch Mitleid haben. Aber Fl\u00fcchtlinge vom Westbalkan selbst sind den christlichen Landen ein Graus \u2013 die eingangs zitierte Umfrage zeigt es ja.<\/p>\n<h4>Bosnienmission \u2013 20 Jahre nach dem Bosnienkrieg<\/h4>\n<p>Wenn man sich dieser Tage mit Bosniaken unterh\u00e4lt, kann man folgende Geschichte erz\u00e4hlt bekommen:<\/p>\n<blockquote><p>In Bosnien werde eigentlich eine europ\u00e4isierte Version des Islam gepflegt. Man trinke Alkohol, trage hingegen kaum Kopft\u00fccher. Aber etwa seit dem Bosnienkrieg bem\u00fchten sich strenggl\u00e4ubige muslimische Gruppen, insbesondere Wahhabiten, um Einfluss auf die Muslime Bosniens. Sie betrachteten diese teilweise als Ungl\u00e4ubige, die (re)missioniert werden m\u00fcssten. Bosnien sei arm, der saudi-arabische Wahhabitismus aber reich. Also richteten Wahhabiten mit viel Geld aus Saudi-Arabien \u2013 und von Wahhabiten aus Westeuropa \u2013 Missions-Zentren in Bosnien ein. Dort machten sie Bosniaken Angebote, denen gemeinsam sei, dass diese im Gegenzug wahhabitische Lehren anerkennen sollten.<\/p>\n<p>Aufgrund der wirtschaftlichen Lage erschien es f\u00fcr manche Bosniaken als die beste M\u00f6glichkeit, ihre Familie zu ern\u00e4hren, sich solchen Wahhabiten anzun\u00e4hern. Eigentlich seien ja viele bosnische Muslime in Folge des Bosnienkriegs kriegsm\u00fcde. Aber zu den Predigten der Wahhabiten geh\u00f6rte auch die Pflicht zum Dschihad. Als Wahhabiten vor einigen Jahren Angebote zu \u00f6konomischer Unterst\u00fctzung prek\u00e4r lebender muslimischer Familien machten, wenn man sich im Gegenzug zur Pflicht zum Heiligen Krieg bekenne, h\u00e4tten manche Bosniaken dies als eher theoretische Verpflichtung eingesch\u00e4tzt. Die Taliban seien keine Wahhabiten, und im Irak gegen die USA (und f\u00fcr Saddam Hussein) zu k\u00e4mpfen, habe damals auch nicht als heilige Pflicht gegolten.<\/p>\n<p>Als aber der \u201cIslamische Staat\u201d (IS) in Syrien und im Irak Fortschritte machte, forderten die Wahhabiten von ihren Gemeindemitgliedern die Erf\u00fcllung ihrer Pflicht zum Dschihad ein: Der Druck, nach Syrien zu gehen und dort zu k\u00e4mpfen, sei immer weiter erh\u00f6ht worden. Dabei schreckten die Wahhabiten auch vor Gewalt nicht zur\u00fcck, weil Muslime, die nicht ihren angeblichen Pflichten nachk\u00e4men, ebenfalls als zu bek\u00e4mpfende Ungl\u00e4ubige anzusehen seien.<\/p><\/blockquote>\n<p>Was an dieser Geschichte wie genau stimmt, l\u00e4sst sich von hier aus schwer sagen. Aber schon einige Jahre alte <a href=\"http:\/\/diepresse.com\/home\/politik\/innenpolitik\/559407\/Bosnien_Geld-aus-Wien-fur-militante-Moslems\" target=\"_blank\">\u00f6sterreichische Zeitungsreportagen<\/a> widersprechen solchen Darstellungen zumindest nicht: Wenn im Februar 2010 rund 600 bosnische Polizisten mit schwerem Ger\u00e4t ein ganzes Dorf einnehmen mussten und davon sprachen, \u201cdamit ein Terrorcamp zerst\u00f6rt\u201d zu haben, das sich von der Au\u00dfenwelt abgekapselt habe, dann erinnert das frappierend an christliche oder sonstige Erl\u00f6sungssekten, die besonders in den USA immer wieder durch Abschottung und Gewalt gegen den Staat Schlagzeilen machen.<\/p>\n<h4>Bosniaken im Dilemma<\/h4>\n<p>Wie stellt sich nun die Entscheidungssituation f\u00fcr Bosniaken in wahhabitischen Kreisen dar? Im eigenen Umfeld k\u00f6nnen sie mit ihren Familien nicht bleiben, da sind die Wahhabiten, die die M\u00e4nner in den Krieg schicken wollen, und die wissen, wo sie wohnen. Umzug in Bosnien ist auch nicht so eine tolle Option: Die wirtschaftliche Lage ist nicht berauschend, und gro\u00df genug, um sich da verstecken zu k\u00f6nnen, ist das Land auch nicht. Und 600 Polizisten \u2013 soviele braucht man wohl, um sich gegen bewaffnete Wahhabitengruppen zur Wehr zu setzen \u2013 gibt es auch nicht \u00fcberall. Also Auswandern \u2013 aber wohin? Die EU empf\u00e4ngt Bosniaken nicht gerade mit offenen Armen. In muslimische L\u00e4nder? In der T\u00fcrkei herrscht doch auch ein Kulturkampf um den wahren Islam, nicht ganz ohne Sympathien f\u00fcr die frommen Syrienk\u00e4mpfer gegen Assad \u2013 und gegen die Kurden.<\/p>\n<p>Spitzt der Druck in der Heimat sich weiter zu, bleiben letztlich nur noch zwei Optionen \u00fcbrig: Entweder man flieht mit seiner Familie in die EU \u2013 oder man gibt dem wahhabitischen Dr\u00e4ngen nach und zieht nach Syrien in den Dschihad. Die Familie daheim wird dann wahrscheinlich von den Wahhabiten unterst\u00fctzt, auch nach dem M\u00e4rtyrertod im heiligen Krieg.<\/p>\n<p>Welche dieser beiden Optionen die EU-Fl\u00fcchtlingspolitik bevorzugt, ist offensichtlich: \u201cWirtschaftsfl\u00fcchtlinge\u201d m\u00fcssen weg, das sind die b\u00f6sen \u201cSchmarotzer\u201d, Bosnien ist \u201csicher\u201d. Deutschland setzte das Land im November 2014 auf die Liste <a href=\"https:\/\/de.wikipedia.org\/wiki\/Sicherer_Herkunftsstaat_%28Deutschland%29\" target=\"_blank\">\u201cSicherer Herkunftsstaaten\u201d<\/a>, um Asylantr\u00e4ge von dort noch schneller als \u201coffensichtlich unbegr\u00fcndet\u201d ablehnen zu k\u00f6nnen. Vier Wochen nach Antragstellung sei man wieder zur\u00fcck in Bosnien.[<a href=\"https:\/\/archive.is\/I5bi7\" target=\"_blank\">2<\/a>] Im Bundesamt f\u00fcr Migration und Fl\u00fcchtlinge (BAMF) will man sicherstellen, dass die Botschaft \u201cAsylantrag in Deutschland aussichtslos\u201d auch auf dem Westbalkan ankommt, organisiert daher sogar Werbekampagnen vor Ort:<\/p>\n<blockquote><p>\u201cDenn es gehe bei der Liste der sicheren Herkunftsstaaten gar nicht so sehr um die Verfahrensvereinfachung in Deutschland, sondern um die Signalwirkung in Richtung der Herkunftsl\u00e4nder, hei\u00dft es dort. Gerade die Symbolpolitik ist also gewollt. Ziel ist es, in den L\u00e4ndern m\u00f6glichst griffig die Botschaft zu verbreiten, dass sich ein Asylantrag in Deutschland nicht lohne.\u201d[<a href=\"https:\/\/archive.is\/lFEIM\" target=\"_blank\">3<\/a>]<\/p><\/blockquote>\n<p>Aktuell will die EU-Kommission die Liste \u201csicherer Herkunftsstaaten\u201d EU-weit vereinheitlichen und dabei gleich den ganzen Balkan f\u00fcr sicher erkl\u00e4ren.[<a href=\"https:\/\/archive.is\/jwnXZ\" target=\"_blank\">4<\/a>] In der EU lautet das Motto: Abschiebung nach Bosnien, keine weiteren Fragen. In Deutschland gilt das dann k\u00fcnftig auch f\u00fcr Albanien, Montenegro und Kosovo.[<a href=\"https:\/\/archive.is\/jwnXZ\" target=\"_blank\">4<\/a>]<\/p>\n<h4>Gottes Krieg und Deutschlands Beitrag<\/h4>\n<p>Es sind also nicht nur die Waffenlieferungen, mit denen Europa (allen voran Deutschland) die Kriege und B\u00fcrgerkriege der Welt befeuert. Auch f\u00fcr den Zustrom an K\u00e4mpfern leistet die europ\u00e4ische Politik ihren Beitrag \u2013 und produziert auf diesem Weg weitere Kriegsfl\u00fcchtlinge. Und was mit einem Bosniaken passieren w\u00fcrde, der aus den Reihen des IS desertiert und es bis vor die Tore der Europ\u00e4ischen Union schafft, mag man sich gar nicht ausmalen.<\/p>\n<p>Wie sich die aktuelle Stauung von Fl\u00fcchtlingen auf dem Balkan, wo die Grenzen abgedichtet werden sollen, auswirken wird, ist kaum abzusehen, ebensowenig was etwa in Bosnien passiert, wenn der Hauptstrom der Fl\u00fcchtlinge von EU-L\u00e4ndern wie Ungarn und Kroatien dorthin abgelenkt sein wird. Wie werden wahhabitische Missions- und Rekrutierungsorganisationen dann agieren? Und wie w\u00fcrde sich eine saudische Finanzierung von Fl\u00fcchtlingslagern um Syrien herum auswirken, die deutsche Politiker nun gro\u00dft\u00f6nend fordern? Was w\u00e4ren die Nebenfolgen, welche missionarischen Ziele w\u00fcrden von welchem Erfolg gekr\u00f6nt?<\/p>\n<p><strong>tl;dr:<\/strong> Indem Europa verzweifelte \u201cWirtschaftsfl\u00fcchtlinge\u201d vom Westbalkan abweist, versorgt es den IS in Syrien mit neuen Rekruten, die dann weitere Kriegsfl\u00fcchtlinge produzieren.<\/p>\n<p>\u2014\u2014\u2014\u2014\u2014\u2014\u2014\u2014\u2014\u2014\u2014\u2014\u2014\u2014\u2014\u2014\u2014\u2014\u2014\u2014<\/p>\n","protected":false},"excerpt":{"rendered":"<p>Er h\u00f6rte schon vor einigen Wochen eine Geschichte \u00fcber Fl\u00fcchtlinge, Islam und den Balkan, die sich sehr interessant anh\u00f6rte und ein Grundmuster des deutschen Fl\u00fcchtlingsdiskurses in Frage zu stellen geeignet &hellip; <a href=\"https:\/\/www.schiebener.net\/wordpress\/gastbeitrag-wie-die-wirtschaftsfluechtlinge-den-syrienkrieg-befeuern\/\" class=\"more-link\"><span class=\"screen-reader-text\">\u201eGastbeitrag: Wie die Wirtschaftsfl\u00fcchtlinge den Syrienkrieg befeuern\u201c <\/span>weiterlesen<\/a><\/p>\n","protected":false},"author":18,"featured_media":0,"comment_status":"open","ping_status":"open","sticky":false,"template":"","format":"standard","meta":{"footnotes":""},"categories":[533,24,49,1208],"tags":[5923,861,5685,1970],"class_list":["post-33536","post","type-post","status-publish","format-standard","hentry","category-europa","category-politik","category-religion","category-wirtschaft","tag-balkan","tag-fluchtlinge","tag-islamischer-staat","tag-migration"],"_links":{"self":[{"href":"https:\/\/www.schiebener.net\/wordpress\/wp-json\/wp\/v2\/posts\/33536","targetHints":{"allow":["GET"]}}],"collection":[{"href":"https:\/\/www.schiebener.net\/wordpress\/wp-json\/wp\/v2\/posts"}],"about":[{"href":"https:\/\/www.schiebener.net\/wordpress\/wp-json\/wp\/v2\/types\/post"}],"author":[{"embeddable":true,"href":"https:\/\/www.schiebener.net\/wordpress\/wp-json\/wp\/v2\/users\/18"}],"replies":[{"embeddable":true,"href":"https:\/\/www.schiebener.net\/wordpress\/wp-json\/wp\/v2\/comments?post=33536"}],"version-history":[{"count":0,"href":"https:\/\/www.schiebener.net\/wordpress\/wp-json\/wp\/v2\/posts\/33536\/revisions"}],"wp:attachment":[{"href":"https:\/\/www.schiebener.net\/wordpress\/wp-json\/wp\/v2\/media?parent=33536"}],"wp:term":[{"taxonomy":"category","embeddable":true,"href":"https:\/\/www.schiebener.net\/wordpress\/wp-json\/wp\/v2\/categories?post=33536"},{"taxonomy":"post_tag","embeddable":true,"href":"https:\/\/www.schiebener.net\/wordpress\/wp-json\/wp\/v2\/tags?post=33536"}],"curies":[{"name":"wp","href":"https:\/\/api.w.org\/{rel}","templated":true}]}}