{"id":33517,"date":"2015-09-19T10:25:32","date_gmt":"2015-09-19T09:25:32","guid":{"rendered":"http:\/\/www.schiebener.net\/wordpress\/?p=33517"},"modified":"2015-09-19T10:27:28","modified_gmt":"2015-09-19T09:27:28","slug":"newsletter-asyl-der-stadt-brilon-fluechtlinge-kommen-fruehestens-am-heutigen-samstagnachmittag-helferinnen-und-helfer-halten-sich-bereit-um-einen-reibungslosen-empfang-zu-gewaehrleisten","status":"publish","type":"post","link":"https:\/\/www.schiebener.net\/wordpress\/newsletter-asyl-der-stadt-brilon-fluechtlinge-kommen-fruehestens-am-heutigen-samstagnachmittag-helferinnen-und-helfer-halten-sich-bereit-um-einen-reibungslosen-empfang-zu-gewaehrleisten\/","title":{"rendered":"&#8222;Newsletter Asyl&#8220; der Stadt Brilon: Fl\u00fcchtlinge kommen fr\u00fchestens am heutigen Samstagnachmittag. Helferinnen und Helfer halten sich bereit, um einen reibungslosen Empfang zu gew\u00e4hrleisten."},"content":{"rendered":"<p><img loading=\"lazy\" decoding=\"async\" src=\"http:\/\/www.schiebener.net\/wordpress\/wp-content\/uploads\/2015\/09\/fluechtlingewordle20150919.jpg\" alt=\"fluechtlingewordle20150919\" width=\"640\" height=\"358\" class=\"aligncenter size-full wp-image-33521\" srcset=\"https:\/\/www.schiebener.net\/wordpress\/wp-content\/uploads\/2015\/09\/fluechtlingewordle20150919.jpg 640w, https:\/\/www.schiebener.net\/wordpress\/wp-content\/uploads\/2015\/09\/fluechtlingewordle20150919-300x168.jpg 300w\" sizes=\"auto, (max-width: 709px) 85vw, (max-width: 909px) 67vw, (max-width: 984px) 61vw, (max-width: 1362px) 45vw, 600px\" \/><strong>Brilon. (<a href=\"http:\/\/www.brilon.de\/aktuelles\/117080100000006111.php\" target=\"_blank\">newsletter<\/a>) Die erwarteten 400 Fl\u00fcchtlinge wurden am Freitag <a href=\"http:\/\/www.schiebener.net\/wordpress\/vierhundert-fluechtlinge-werden-morgen-um-16-uhr-am-briloner-schulzentrum-erwartet-ehrenbuergermeister-schrewe-warnt-den-kreis-davor-sich-aus-der-verantwortung-zu-stehlen\/\" target=\"_blank\">nicht wie erwartet<\/a> nach Brilon gebracht. Wann das nun der Fall sein werde, lie\u00df die Bezirksregierung in ihrer Mitteilung offen.<\/strong><\/p>\n<p>Mehr als 170 ehrenamtliche Helferinnen und Helfer des DRK, der Feuerwehr, der Caritas, des THW, des t\u00fcrkisch-islamischen Kulturvereins, des Sportvereins Azadi Spor Brilon, des SPD-Ortsvereins, dazu 45 Mitarbeiter des Hochsauerlandkreises und der Stadt Brilon einschlie\u00dflich der Bauh\u00f6fe sowie Einzelpersonen und Familien hatten das Feld bereitet und die Turnhallen an der Jakobuslinde f\u00fcr die Unterbringung von 400 Fl\u00fcchtlingen, angek\u00fcndigt f\u00fcr den heutigen Freitag, innerhalb von 48 Stunden hergerichtet.<\/p>\n<p>Dolmetscher f\u00fcr verschiedene Herkunftsl\u00e4nder, Sch\u00fclerinnen und Sch\u00fcler des Gymnasiums und viele Brilonerinnen und Briloner standen am sp\u00e4ten Nachmittag bereit, um die Menschen in Empfang zu nehmen.<\/p>\n<p><strong>Einzig die Fl\u00fcchtlinge kamen heute noch nicht:<\/strong> Um 16.30 Uhr erreichte den Einsatzleiter Ludger Laufer vom Hochsauerlandkreis der Anruf der Bezirksregierung, in dem ihm mitgeteilt wurde, dass heute keine Busse in Richtung Brilon in Gang gesetzt werden. Wann das nun der Fall sein wird, lie\u00df man offen; fr\u00fchestens ist mit einer Ankunft am Samstagnachmittag zu rechnen. Die Helferinnen und Helfer halten sich bereit, um auch dann einen reibungslosen Empfang zu gew\u00e4hrleisten.<\/p>\n<p><strong>\u00dcberw\u00e4ltigend ist die Hilfsbereitschaft der heimischen Bev\u00f6lkerung.<\/strong> Das Kleidungslager &#8222;An der Sch\u00fctzenhalle 18&#8220; ist bereits \u00fcberf\u00fcllt, so dass sich am morgigen Samstag zun\u00e4chst etwa 30 Freiwillige daran machen, die Dinge zu ordnen. Es wird gebeten, zun\u00e4chst keine Kleiderspenden mehr dorthin zu bringen; erst nach der ersten Ausgabe an die Fl\u00fcchtlinge k\u00f6nnen wieder Kleidungsst\u00fccke angenommen werden. Gebraucht wird aber sicher auch das noch, was erst in den n\u00e4chsten Tagen abgegeben werden sollte. Wann wieder eine Annahme erfolgt, wird rechtzeitig bekannt gegeben.<\/p>\n<p><strong>Die Stadt Brilon sagt &#8222;Danke! an alle<\/strong>, die das Gef\u00fchl vermitteln, dass wir diese gro\u00dfe Aufgabe gemeinsam meistern k\u00f6nnen.&#8220;<\/p>\n","protected":false},"excerpt":{"rendered":"<p>Brilon. (newsletter) Die erwarteten 400 Fl\u00fcchtlinge wurden am Freitag nicht wie erwartet nach Brilon gebracht. Wann das nun der Fall sein werde, lie\u00df die Bezirksregierung in ihrer Mitteilung offen. Mehr &hellip; <a href=\"https:\/\/www.schiebener.net\/wordpress\/newsletter-asyl-der-stadt-brilon-fluechtlinge-kommen-fruehestens-am-heutigen-samstagnachmittag-helferinnen-und-helfer-halten-sich-bereit-um-einen-reibungslosen-empfang-zu-gewaehrleisten\/\" class=\"more-link\"><span class=\"screen-reader-text\">\u201e&#8222;Newsletter Asyl&#8220; der Stadt Brilon: Fl\u00fcchtlinge kommen fr\u00fchestens am heutigen Samstagnachmittag. Helferinnen und Helfer halten sich bereit, um einen reibungslosen Empfang zu gew\u00e4hrleisten.\u201c <\/span>weiterlesen<\/a><\/p>\n","protected":false},"author":17,"featured_media":0,"comment_status":"open","ping_status":"open","sticky":false,"template":"","format":"standard","meta":{"footnotes":""},"categories":[533,303,80,24],"tags":[861,655,5915],"class_list":["post-33517","post","type-post","status-publish","format-standard","hentry","category-europa","category-in-unserem-briefkasten","category-lokales","category-politik","tag-fluchtlinge","tag-pressemitteilung","tag-schulzentrum-brilon"],"_links":{"self":[{"href":"https:\/\/www.schiebener.net\/wordpress\/wp-json\/wp\/v2\/posts\/33517","targetHints":{"allow":["GET"]}}],"collection":[{"href":"https:\/\/www.schiebener.net\/wordpress\/wp-json\/wp\/v2\/posts"}],"about":[{"href":"https:\/\/www.schiebener.net\/wordpress\/wp-json\/wp\/v2\/types\/post"}],"author":[{"embeddable":true,"href":"https:\/\/www.schiebener.net\/wordpress\/wp-json\/wp\/v2\/users\/17"}],"replies":[{"embeddable":true,"href":"https:\/\/www.schiebener.net\/wordpress\/wp-json\/wp\/v2\/comments?post=33517"}],"version-history":[{"count":0,"href":"https:\/\/www.schiebener.net\/wordpress\/wp-json\/wp\/v2\/posts\/33517\/revisions"}],"wp:attachment":[{"href":"https:\/\/www.schiebener.net\/wordpress\/wp-json\/wp\/v2\/media?parent=33517"}],"wp:term":[{"taxonomy":"category","embeddable":true,"href":"https:\/\/www.schiebener.net\/wordpress\/wp-json\/wp\/v2\/categories?post=33517"},{"taxonomy":"post_tag","embeddable":true,"href":"https:\/\/www.schiebener.net\/wordpress\/wp-json\/wp\/v2\/tags?post=33517"}],"curies":[{"name":"wp","href":"https:\/\/api.w.org\/{rel}","templated":true}]}}