{"id":33496,"date":"2015-09-16T22:04:23","date_gmt":"2015-09-16T21:04:23","guid":{"rendered":"http:\/\/www.schiebener.net\/wordpress\/?p=33496"},"modified":"2015-09-16T22:22:46","modified_gmt":"2015-09-16T21:22:46","slug":"ansprache-des-briloner-buergermeisters-zur-fluechtlingssituation-in-seiner-stadt","status":"publish","type":"post","link":"https:\/\/www.schiebener.net\/wordpress\/ansprache-des-briloner-buergermeisters-zur-fluechtlingssituation-in-seiner-stadt\/","title":{"rendered":"Ansprache des Briloner B\u00fcrgermeisters zur Fl\u00fcchtlingssituation in seiner Stadt"},"content":{"rendered":"<p><strong><br \/>\nLiebe Mitb\u00fcrgerinnen und Mitb\u00fcrger in Brilon und den 16 dazugeh\u00f6renden D\u00f6rfern,<\/strong><\/p>\n<p>seit Wochen begleiten uns tagt\u00e4glich die Bilder der Fl\u00fcchtlingsstr\u00f6me und wir m\u00fcssen teilweise fassungslos wahrnehmen, was die Menschen auf sich nehmen, um nach Westeuropa zu gelangen. Die bisher 270 F\u00fcchtlinge, die der Stadt Brilon zugewiesen wurden, sind \u00fcber das gesamte Stadtgebiet verteilt in verschiedenen Einrichtungen untergebracht. Nun erfasst uns das Problem der Fl\u00fcchtlingsunterbringung in besonderer Weise: Gemeinsam mit dem Hochsauerlandkreis sind wir im Wege der Amtshilfe angehalten, die Kreissporthalle sowie die Vierfachturnhalle am Schulzentrum als Notunterkunft des Landes zur Verf\u00fcgung zu stellen. Am Freitag werden dort 400 Menschen ankommen, die als Asylbewerber zu registrieren sind. Wie lange die Hallen f\u00fcr diesen Zweck genutzt werden m\u00fcssen, l\u00e4sst sich heute verl\u00e4sslich nicht sagen<\/p>\n<p>Wir sind mit dieser Aufgabe vor eine logistische, vielmehr aber vor eine gesellschaftliche Herausforderung gestellt. Sportunterricht der Schulen und Vereinssport k\u00f6nnen auf nicht absehbare Zeit in beiden Hallen nicht stattfinden. Wir sind gemeinsam mit den Schulen und mit den Nachbarst\u00e4dten bem\u00fcht, zumindest sporadisch anderweitige M\u00f6glichkeiten der Sportst\u00e4ttennutzung zu finden. Wir werden alles in unserer Macht stehende tun, um zu verhindern, dass es im Rahmen der Unterbringung der Fl\u00fcchtlinge zu Unregelm\u00e4\u00dfigkeiten und Problemen kommt. Es wird rund um die Uhr ein Wachdienst vorhanden sein, ebenso sind Feuerwehr, THW und DRK eingebunden. So flie\u00dft bereits viel Ehrenamt in die Bew\u00e4ltigung dieser Aufgabe; wer sich dort ebenfalls ehrenamtlich engagieren m\u00f6chte, wende sich bitte an Frau Volmer (02961\/794-242). Neben allgemeiner Hilfestellung w\u00e4re vor allem hilfreich, wenn noch Unterst\u00fctzung bei der Verst\u00e4ndigung mit den zumeist nur heimatsprachigen Fl\u00fcchtlingen geleistet werden k\u00f6nnte. Falls Sie auch Kleidungsspenden geben m\u00f6chten, wenden Sie sich bitte ebenfalls an Frau Volmer; ben\u00f6tigt werden Kleidungsst\u00fccke f\u00fcr alle Altersklassen.<\/p>\n<p>Liebe Brilonerinnen und Briloner, gemeinsam und gemeinschaftlich werden wir diese schwierige Aufgabe bew\u00e4ltigen, da bin ich mir sicher. Dennoch sehe ich nat\u00fcrlich auch, dass uns dabei Vieles abverlangt wird. Ich m\u00f6chte Sie herzlich um Verst\u00e4ndnis, Langmut und an der einen oder anderen Stelle auch um Nachsicht bitten.<\/p>\n<p>Dr. Christof Bartsch<\/p>\n<p>B\u00fcrgermeister<\/p>\n<p>Quelle: <a href=\"http:\/\/www.brilon.de\/aktuelles\/117080100000006109.php\" target=\"_blank\">http:\/\/www.brilon.de\/aktuelles\/117080100000006109.php<\/a><\/p>\n","protected":false},"excerpt":{"rendered":"<p>Liebe Mitb\u00fcrgerinnen und Mitb\u00fcrger in Brilon und den 16 dazugeh\u00f6renden D\u00f6rfern, seit Wochen begleiten uns tagt\u00e4glich die Bilder der Fl\u00fcchtlingsstr\u00f6me und wir m\u00fcssen teilweise fassungslos wahrnehmen, was die Menschen auf &hellip; <a href=\"https:\/\/www.schiebener.net\/wordpress\/ansprache-des-briloner-buergermeisters-zur-fluechtlingssituation-in-seiner-stadt\/\" class=\"more-link\"><span class=\"screen-reader-text\">\u201eAnsprache des Briloner B\u00fcrgermeisters zur Fl\u00fcchtlingssituation in seiner Stadt\u201c <\/span>weiterlesen<\/a><\/p>\n","protected":false},"author":17,"featured_media":0,"comment_status":"open","ping_status":"open","sticky":false,"template":"","format":"standard","meta":{"footnotes":""},"categories":[533,303,80,24],"tags":[579,861],"class_list":["post-33496","post","type-post","status-publish","format-standard","hentry","category-europa","category-in-unserem-briefkasten","category-lokales","category-politik","tag-brilon","tag-fluchtlinge"],"_links":{"self":[{"href":"https:\/\/www.schiebener.net\/wordpress\/wp-json\/wp\/v2\/posts\/33496","targetHints":{"allow":["GET"]}}],"collection":[{"href":"https:\/\/www.schiebener.net\/wordpress\/wp-json\/wp\/v2\/posts"}],"about":[{"href":"https:\/\/www.schiebener.net\/wordpress\/wp-json\/wp\/v2\/types\/post"}],"author":[{"embeddable":true,"href":"https:\/\/www.schiebener.net\/wordpress\/wp-json\/wp\/v2\/users\/17"}],"replies":[{"embeddable":true,"href":"https:\/\/www.schiebener.net\/wordpress\/wp-json\/wp\/v2\/comments?post=33496"}],"version-history":[{"count":0,"href":"https:\/\/www.schiebener.net\/wordpress\/wp-json\/wp\/v2\/posts\/33496\/revisions"}],"wp:attachment":[{"href":"https:\/\/www.schiebener.net\/wordpress\/wp-json\/wp\/v2\/media?parent=33496"}],"wp:term":[{"taxonomy":"category","embeddable":true,"href":"https:\/\/www.schiebener.net\/wordpress\/wp-json\/wp\/v2\/categories?post=33496"},{"taxonomy":"post_tag","embeddable":true,"href":"https:\/\/www.schiebener.net\/wordpress\/wp-json\/wp\/v2\/tags?post=33496"}],"curies":[{"name":"wp","href":"https:\/\/api.w.org\/{rel}","templated":true}]}}