{"id":3342,"date":"2009-05-23T23:24:21","date_gmt":"2009-05-23T22:24:21","guid":{"rendered":"http:\/\/www.schiebener.net\/wordpress\/?p=3342"},"modified":"2009-05-24T00:02:45","modified_gmt":"2009-05-23T23:02:45","slug":"ihre-stimme-fur-die-spd-in-meinem-briefkasten","status":"publish","type":"post","link":"https:\/\/www.schiebener.net\/wordpress\/ihre-stimme-fur-die-spd-in-meinem-briefkasten\/","title":{"rendered":"Ihre Stimme f\u00fcr die SPD: In meinem Briefkasten"},"content":{"rendered":"<h3 class=\"mceTemp mceIEcenter\">\n<dl id=\"attachment_3343\" class=\"wp-caption aligncenter\" style=\"width: 490px;\">\n<dt class=\"wp-caption-dt\"><img loading=\"lazy\" decoding=\"async\" class=\"size-full wp-image-3343\" title=\"Die SPD wirbt f\u00fcr die Europawahlen\" src=\"http:\/\/www.schiebener.net\/wordpress\/wp-content\/uploads\/2009\/05\/spdsippel01.jpg\" alt=\"Quadratisch gefaltet - Im Ritter-Sport-Format: Die SPD wirbt f\u00fcr die Europawahlen\" width=\"480\" height=\"410\" srcset=\"https:\/\/www.schiebener.net\/wordpress\/wp-content\/uploads\/2009\/05\/spdsippel01.jpg 480w, https:\/\/www.schiebener.net\/wordpress\/wp-content\/uploads\/2009\/05\/spdsippel01-300x256.jpg 300w\" sizes=\"auto, (max-width: 480px) 85vw, 480px\" \/><\/dt>\n<dd class=\"wp-caption-dd\">Quadratisch gefaltet &#8211; Im Ritter-Sport-Format: Die SPD wirbt f\u00fcr die Europawahlen<\/dd>\n<\/dl>\n<\/h3>\n<p>Ich habe um Eigenbeitr\u00e4ge der Parteien f\u00fcr dieses Blog  <a href=\"http:\/\/www.schiebener.net\/wordpress\/?p=3306\" target=\"_blank\">gebeten.<\/a> Solange bis diese eintrudeln, gucke ich mir das Material an, was mir zum Beispiel in den Briefkasten geworfen wird.<\/p>\n<p>Die SPD hat bis jetzt als erste und einzige Partei meinen Briefkasten best\u00fcckt.<\/p>\n<p>Da das Hochglanzpapier quadratisch dreifach gefalzt ist, kann ich mir acht ebenfalls quadratische Seitchen angucken.<\/p>\n<p>Ich lese diese Seiten hier und an dieser Stelle nicht vor, sondern widme mich lediglich der letzten Seite. Diese ist unterteilt in <strong>rechts<\/strong>: &#8222;Stationen meines Lebens&#8220; und <strong>links<\/strong>: &#8222;Meine Ziele&#8220;.<\/p>\n<p>Von den insgesamt<strong> sechs Zielen<\/strong> zitiere ich hier das letzte Ziel (Hervorhebung von mir):<\/p>\n<blockquote><p>Die regionale Vermarktung muss gest\u00e4rkt werden: Das erh\u00f6ht <strong>den Bauern vor Ort ihr Einkommen<\/strong> und sch\u00fctzt das Klima.<\/p>\n<p><strong>Warum eine Paprika aus Bulgarien, wenn sie auch um die Ecke w\u00e4chst?<\/strong><\/p><\/blockquote>\n<p>Mal abgesehen von &#8222;<strong>den Bauern ihr Einkommen<\/strong>&#8220; &#8211; das kommt grammatikalisch sowohl in Bochum als auch im im Sauerland vor &#8211;   finde ich die Idee von Frau Sippel sehr gewagt.<\/p>\n<p>Mein Slogan daher:<\/p>\n<p><strong>Warum eine Banane aus Panama, wenn sie auch &#8230;<\/strong><\/p>\n<p>Liebe Frau Sippel,<\/p>\n<p>meine Paprika kommt allern\u00e4chstens aus den Gew\u00e4chsh\u00e4usern der Niederlande und ist Dank chemischer Behandlung noch bis \u00dcber\u00fcbermorgen haltbar.<\/p>\n<p>Bananen k\u00f6nnen die Holl\u00e4nder nicht, aber die kaufen bestimmt Ihr H\u00e4uschen in Arnsberg, wenn Sie selbst demn\u00e4chst auf Grund der gewonnenen Wahlen nach Europa umziehen.<\/p>\n<p>Bis bald in diesem Wahljahr.<\/p>\n","protected":false},"excerpt":{"rendered":"<p>Quadratisch gefaltet &#8211; Im Ritter-Sport-Format: Die SPD wirbt f\u00fcr die Europawahlen Ich habe um Eigenbeitr\u00e4ge der Parteien f\u00fcr dieses Blog gebeten. Solange bis diese eintrudeln, gucke ich mir das Material &hellip; <a href=\"https:\/\/www.schiebener.net\/wordpress\/ihre-stimme-fur-die-spd-in-meinem-briefkasten\/\" class=\"more-link\"><span class=\"screen-reader-text\">\u201eIhre Stimme f\u00fcr die SPD: In meinem Briefkasten\u201c <\/span>weiterlesen<\/a><\/p>\n","protected":false},"author":3,"featured_media":0,"comment_status":"open","ping_status":"open","sticky":false,"template":"","format":"standard","meta":{"footnotes":""},"categories":[303,80,24],"tags":[519,509,520],"class_list":["post-3342","post","type-post","status-publish","format-standard","hentry","category-in-unserem-briefkasten","category-lokales","category-politik","tag-birgit-sippel","tag-europawahl","tag-paprika"],"_links":{"self":[{"href":"https:\/\/www.schiebener.net\/wordpress\/wp-json\/wp\/v2\/posts\/3342","targetHints":{"allow":["GET"]}}],"collection":[{"href":"https:\/\/www.schiebener.net\/wordpress\/wp-json\/wp\/v2\/posts"}],"about":[{"href":"https:\/\/www.schiebener.net\/wordpress\/wp-json\/wp\/v2\/types\/post"}],"author":[{"embeddable":true,"href":"https:\/\/www.schiebener.net\/wordpress\/wp-json\/wp\/v2\/users\/3"}],"replies":[{"embeddable":true,"href":"https:\/\/www.schiebener.net\/wordpress\/wp-json\/wp\/v2\/comments?post=3342"}],"version-history":[{"count":0,"href":"https:\/\/www.schiebener.net\/wordpress\/wp-json\/wp\/v2\/posts\/3342\/revisions"}],"wp:attachment":[{"href":"https:\/\/www.schiebener.net\/wordpress\/wp-json\/wp\/v2\/media?parent=3342"}],"wp:term":[{"taxonomy":"category","embeddable":true,"href":"https:\/\/www.schiebener.net\/wordpress\/wp-json\/wp\/v2\/categories?post=3342"},{"taxonomy":"post_tag","embeddable":true,"href":"https:\/\/www.schiebener.net\/wordpress\/wp-json\/wp\/v2\/tags?post=3342"}],"curies":[{"name":"wp","href":"https:\/\/api.w.org\/{rel}","templated":true}]}}