{"id":33418,"date":"2015-09-08T21:49:58","date_gmt":"2015-09-08T20:49:58","guid":{"rendered":"http:\/\/www.schiebener.net\/wordpress\/?p=33418"},"modified":"2015-09-08T21:49:58","modified_gmt":"2015-09-08T20:49:58","slug":"umleitung-dit-und-dat-und-ein-boeser-ton-in-hagen-lesen-erwuenscht","status":"publish","type":"post","link":"https:\/\/www.schiebener.net\/wordpress\/umleitung-dit-und-dat-und-ein-boeser-ton-in-hagen-lesen-erwuenscht\/","title":{"rendered":"Umleitung: &#8222;Dit und Dat&#8220; und ein b\u00f6ser Ton in Hagen. Lesen erw\u00fcnscht &#8230;"},"content":{"rendered":"<figure id=\"attachment_33419\" aria-describedby=\"caption-attachment-33419\" style=\"width: 640px\" class=\"wp-caption aligncenter\"><img loading=\"lazy\" decoding=\"async\" class=\"size-full wp-image-33419\" src=\"http:\/\/www.schiebener.net\/wordpress\/wp-content\/uploads\/2015\/09\/Kassel2015082901.jpg\" alt=\"Dieser Lidl ist geschlossen. F\u00fcr immer. (foto: zoom)\" width=\"640\" height=\"796\" srcset=\"https:\/\/www.schiebener.net\/wordpress\/wp-content\/uploads\/2015\/09\/Kassel2015082901.jpg 640w, https:\/\/www.schiebener.net\/wordpress\/wp-content\/uploads\/2015\/09\/Kassel2015082901-241x300.jpg 241w\" sizes=\"auto, (max-width: 709px) 85vw, (max-width: 909px) 67vw, (max-width: 984px) 61vw, (max-width: 1362px) 45vw, 600px\" \/><figcaption id=\"caption-attachment-33419\" class=\"wp-caption-text\">Dieser Lidl ist geschlossen. F\u00fcr immer. Die Einkaufswagen wissen es noch nicht. (foto: zoom)<\/figcaption><\/figure>\n<p><strong>Berufsperspektiven f\u00fcr Geisteswissenschaftler:<\/strong> How low can you go? Schaut man sich die Geh\u00e4lter in Berufen an, f\u00fcr die ein geisteswissenschaftliches Studium die Voraussetzung ist, welche Schlussfolgerungen lassen sich hieraus ziehen? &#8230; <a href=\"http:\/\/musermeku.hypotheses.org\/4173\" target=\"_blank\">musermeku<\/a><\/p>\n<p><strong>Plagiatsnotizen:<\/strong> Verj\u00e4hrung, Leiden des jungen Barz, PlagitPop &#8230; <a href=\"https:\/\/erbloggtes.wordpress.com\/\" target=\"_blank\">erbloggtes<\/a><\/p>\n<p><strong>Geschichtswissenschaft &#8211; besprechbar:<\/strong> Eine kurze Randbemerkung zur Diskussion von Stefanie Barts Beitrag \u201cWie wir \u00fcber Geschichte sprechen\u201d die sich meines Erachtens zur Frage \u201cwie wir \u00fcber Geschichte sprechen sollten\u201d entwickelt hat &#8230; <a href=\"http:\/\/geist.hypotheses.org\/\" target=\"_blank\">geist<\/a><\/p>\n<p><strong>Studien zum Interesse von Sch\u00fcler\/innen an Astronomie:<\/strong> So ziemlich jeder, der sich mit astronomischer Bildungs- und \u00d6ffentlichkeitsarbeit besch\u00e4ftigt, d\u00fcrfte die Erfahrung machen, dass Astronomie so etwas wie eine Einstiegswissenschaft darstellt &#8230; <a href=\"http:\/\/www.scilogs.de\/relativ-einfach\/studien-zum-interesse-von-schuelerinnen-an-astronomie\/\" target=\"_blank\">scilogs<\/a><\/p>\n<p><strong>Europa versagt \u2013 und triumphiert zugleich:<\/strong> W\u00e4hrend die Fl\u00fcchtlingsvermeidungs-Regeln in Tr\u00fcmmern liegen, besch\u00e4men die normalen B\u00fcrger die Politik &#8230; <a href=\"http:\/\/misik.at\/2015\/09\/europa-versagt-und-triumphiert-zugleich\/\" target=\"_blank\">misik<\/a><\/p>\n<p><strong>Fl\u00fcchtlingsdebatte:<\/strong> Von Emotion zu Diskussion &#8230; <a href=\"http:\/\/christopherhamich.de\/\" target=\"_blank\">herrhamich<\/a><\/p>\n<p><strong>Antirassismus gegen Israel?<\/strong> \u00dcber den frustrierenden Gegensatz zwischen Rassismuskritik und Antisemitismuskritik &#8230; <a href=\"http:\/\/www.publikative.org\/2015\/09\/04\/schnaps-gegen-israel-ueber-den-frustrierenden-gegensatz-zwischen-rassismuskritik-und-antisemitismuskritik\/\" target=\"_blank\">publikative<\/a><\/p>\n<p><strong>Monothematismus und Kuscheltier-Journalismus:<\/strong> Als Hinweis meine Altpapier-Kolumne. Einer der Schwerpunkte ist dieser Gastbeitrag mit dem Titel \u201cDer Verlust der Unschuld\u201d in der heutigen FAZ. Autor ist der t\u00fcrkische Ministerpr\u00e4sident Ahmed Davutoglu &#8230; <a href=\"http:\/\/www.wiesaussieht.de\/2015\/09\/07\/monothematismus-und-kuscheltier-journalismus\/\" target=\"_blank\">wiesaussieht<\/a><\/p>\n<p><strong>Das Ruhrgebiet diskutiert \u00fcber sich:<\/strong> Wo Reden das Handeln ersetzt &#8230; <a href=\"http:\/\/post-von-horn.de\/2015\/09\/02\/wo-reden-das-handeln-ersetzt\/\" target=\"_blank\">postvonhorn<\/a><\/p>\n<p><strong>Ausgebrannt:<\/strong> Urlaub nach 22 Jahren &#8230; <a href=\"http:\/\/robert-rutkowski.de\/urlaub-nach-22-jahren\/\" target=\"_blank\">gedankensplitter<\/a><\/p>\n<p><strong>Verf\u00fchrung durch die Macht:<\/strong> Klaus Manns \u201eMephisto\u201c im D\u00fcsseldorfer Schauspiel &#8230; <a href=\"http:\/\/www.revierpassagen.de\/32162\/verfuehrung-durch-die-macht-klaus-manns-mephisto-im-duesseldorfer-schauspiel\/20150908_2019\" target=\"_blank\">revierpassagen<\/a><\/p>\n<p><strong>Der Ton wird b\u00f6ser in Hagen \u2013 meiner auch:<\/strong> Mir scheint, dass sich Herr Weiske in seinem journalistischen Selbstverst\u00e4ndnis inzwischen nicht mehr zu schade ist, sich als f\u00fchrender Lohnschreiber der Politik in Hagen selbst zu entlarven &#8230; <a href=\"https:\/\/doppelwacholder.wordpress.com\/2015\/09\/08\/der-ton-wird-boeser-in-hagen-meiner-auch\/\" target=\"_blank\">doppelwacholder<\/a><\/p>\n<p><strong>Sauerl\u00e4nder B\u00fcrgerliste:<\/strong> Anfrage zum \u201eSchnellen Internet\u201d &#8230; <a href=\"http:\/\/sbl-fraktion.de\/?p=6086\" target=\"_blank\">sbl<\/a><\/p>\n","protected":false},"excerpt":{"rendered":"<p>Berufsperspektiven f\u00fcr Geisteswissenschaftler: How low can you go? Schaut man sich die Geh\u00e4lter in Berufen an, f\u00fcr die ein geisteswissenschaftliches Studium die Voraussetzung ist, welche Schlussfolgerungen lassen sich hieraus ziehen? &hellip; <a href=\"https:\/\/www.schiebener.net\/wordpress\/umleitung-dit-und-dat-und-ein-boeser-ton-in-hagen-lesen-erwuenscht\/\" class=\"more-link\"><span class=\"screen-reader-text\">\u201eUmleitung: &#8222;Dit und Dat&#8220; und ein b\u00f6ser Ton in Hagen. Lesen erw\u00fcnscht &#8230;\u201c <\/span>weiterlesen<\/a><\/p>\n","protected":false},"author":3,"featured_media":0,"comment_status":"open","ping_status":"open","sticky":false,"template":"","format":"standard","meta":{"footnotes":""},"categories":[3,533,319,674,80,32,5,24,379],"tags":[362,3138,5867,861,5863,1418,5909,1970,2768,5866],"class_list":["post-33418","post","type-post","status-publish","format-standard","hentry","category-bildung-und-schule","category-europa","category-geschichte","category-kultur","category-lokales","category-medien","category-naturwissenschaft","category-politik","category-umleitung","tag-antisemitismus","tag-astronomie","tag-europa","tag-fluchtlinge","tag-geschichte","tag-israel","tag-klaus-mann","tag-migration","tag-plagiate","tag-ruhrgebiet"],"_links":{"self":[{"href":"https:\/\/www.schiebener.net\/wordpress\/wp-json\/wp\/v2\/posts\/33418","targetHints":{"allow":["GET"]}}],"collection":[{"href":"https:\/\/www.schiebener.net\/wordpress\/wp-json\/wp\/v2\/posts"}],"about":[{"href":"https:\/\/www.schiebener.net\/wordpress\/wp-json\/wp\/v2\/types\/post"}],"author":[{"embeddable":true,"href":"https:\/\/www.schiebener.net\/wordpress\/wp-json\/wp\/v2\/users\/3"}],"replies":[{"embeddable":true,"href":"https:\/\/www.schiebener.net\/wordpress\/wp-json\/wp\/v2\/comments?post=33418"}],"version-history":[{"count":0,"href":"https:\/\/www.schiebener.net\/wordpress\/wp-json\/wp\/v2\/posts\/33418\/revisions"}],"wp:attachment":[{"href":"https:\/\/www.schiebener.net\/wordpress\/wp-json\/wp\/v2\/media?parent=33418"}],"wp:term":[{"taxonomy":"category","embeddable":true,"href":"https:\/\/www.schiebener.net\/wordpress\/wp-json\/wp\/v2\/categories?post=33418"},{"taxonomy":"post_tag","embeddable":true,"href":"https:\/\/www.schiebener.net\/wordpress\/wp-json\/wp\/v2\/tags?post=33418"}],"curies":[{"name":"wp","href":"https:\/\/api.w.org\/{rel}","templated":true}]}}