{"id":33414,"date":"2015-09-08T07:42:59","date_gmt":"2015-09-08T06:42:59","guid":{"rendered":"http:\/\/www.schiebener.net\/wordpress\/?p=33414"},"modified":"2015-09-08T07:42:59","modified_gmt":"2015-09-08T06:42:59","slug":"it-nrw-mehr-als-ein-fuenftel-der-lehrkraefte-in-nrw-war-2014-juenger-als-35","status":"publish","type":"post","link":"https:\/\/www.schiebener.net\/wordpress\/it-nrw-mehr-als-ein-fuenftel-der-lehrkraefte-in-nrw-war-2014-juenger-als-35\/","title":{"rendered":"IT.NRW: Mehr als ein F\u00fcnftel der Lehrkr\u00e4fte in NRW war 2014 j\u00fcnger als 35"},"content":{"rendered":"<p><strong>D\u00fcsseldorf <abbr title=\"Information und Technik Nordrhein-Westfalen\"><span class=\"abbr\" title=\"Information und Technik Nordrhein-Westfalen\">(<a href=\"http:\/\/www.it.nrw.de\/presse\/pressemitteilungen\/2015\/pres_223_15.html\" target=\"_blank\">IT.NRW<\/a>).<\/span><\/abbr> Zu Beginn des Schuljahres 2014\/15 waren von den 155\u00a0116 Lehrkr\u00e4ften an allgemeinbildenden Schulen in Nordrhein-Westfalen 32\u00a0748 (21,1 Prozent) j\u00fcnger als 35 Jahre.<\/strong><\/p>\n<p>Wie Information und Technik Nordrhein-Westfalen als statistisches Landesamt anl\u00e4sslich des Weltbildungstages (8. September 2015) mitteilt, hat sich der Anteil der unter 35-J\u00e4hrigen in den letzten zehn Jahren um 6,5\u00a0Prozentpunkte erh\u00f6ht (2004: 14,6\u00a0Prozent).<\/p>\n<p>Im Juli 2014 waren 64\u00a0973 Lehrerinnen und Lehrer (41,9\u00a0Prozent) 50 Jahre oder \u00e4lter; im Jahr 2004 hatte dieser Wert noch bei 49,2\u00a0Prozent gelegen. Der Anteil der \u00fcber 49-J\u00e4hrigen geht seit sieben Jahren stetig zur\u00fcck (2007: 51,7\u00a0Prozent).<\/p>\n<p><img loading=\"lazy\" decoding=\"async\" src=\"http:\/\/www.it.nrw.de\/presse\/pressemitteilungen\/2015\/223_15.png\" alt=\"Lehrkr\u00e4fte (hauptamtlich\/hauptberuflich) an allgemeinbildenen Schulen in Nordrhein-Westfalen im Juli 2014\" width=\"659\" height=\"469\" border=\"0\" \/><\/p>\n<p>|\u00a0<a title=\"Interner Link\" href=\"http:\/\/www.it.nrw.de\/presse\/pressemitteilungen\/2015\/tabellen\/graf_223_15.html\" target=\"_blank\">Grafik als Datentabelle<\/a><\/p>\n<p>Das Durchschnittsalter aller hauptamtlichen <abbr title=\"beziehungsweise\"><span class=\"abbr\" title=\"beziehungsweise\">bzw.<\/span><\/abbr> -beruflichen Lehrkr\u00e4fte in <abbr title=\"Nordrhein-Westfalen\"><span class=\"abbr\" title=\"Nordrhein-Westfalen\">NRW<\/span><\/abbr> lag Mitte 2014 bei 46,0 Jahren. Lehrerinnen waren dabei mit 45,3 Jahren durchschnittlich etwa zwei Jahre j\u00fcnger als ihre m\u00e4nnlichen Kollegen mit 47,6 Jahren.<\/p>\n<p>Die j\u00fcngsten Lehrerkollegien <abbr title=\"Nordrhein-Westfalen\"><span class=\"abbr\" title=\"Nordrhein-Westfalen\">NRW<\/span><\/abbr>s hatten die neu eingef\u00fchrten Schulformen PRIMUS-Schule und Gemeinschaftsschule (jeweils 39,5 Jahre) sowie die Sekundarschule (42,6 Jahre).<\/p>\n<p>Die Lehrer\/-innen an Grundschulen waren im Schnitt 44,7 Jahre, an Gymnasien 45,2 Jahre, an Gesamtschulen 45,9 Jahre, an Realschulen 47,8 und an Hauptschulen 50,2 Jahre alt. <abbr title=\"Information und Technik Nordrhein-Westfalen\"><span class=\"abbr\" title=\"Information und Technik Nordrhein-Westfalen\">(IT.NRW)<\/span><\/abbr><\/p>\n<ul>\n<li><a class=\"sichtbar\" title=\"PDF-Datei \u00f6ffnet in neuem Fenster\" href=\"http:\/\/www.it.nrw.de\/presse\/pressemitteilungen\/2015\/pdf\/223_15.pdf\" target=\"_blank\">Ergebnisse f\u00fcr Gemeinden, St\u00e4dte und Kreise<\/a><\/li>\n<li><a class=\"sichtbar\" title=\"PDF-Datei \u00f6ffnet in neuem Fenster\" href=\"http:\/\/www.it.nrw.de\/presse\/pressemitteilungen\/2014\/pdf\/243_14.pdf\" target=\"_blank\">Vorjahresergebnisse f\u00fcr Gemeinden, St\u00e4dte und Kreise<\/a><\/li>\n<\/ul>\n","protected":false},"excerpt":{"rendered":"<p>D\u00fcsseldorf (IT.NRW). Zu Beginn des Schuljahres 2014\/15 waren von den 155\u00a0116 Lehrkr\u00e4ften an allgemeinbildenden Schulen in Nordrhein-Westfalen 32\u00a0748 (21,1 Prozent) j\u00fcnger als 35 Jahre. Wie Information und Technik Nordrhein-Westfalen als &hellip; <a href=\"https:\/\/www.schiebener.net\/wordpress\/it-nrw-mehr-als-ein-fuenftel-der-lehrkraefte-in-nrw-war-2014-juenger-als-35\/\" class=\"more-link\"><span class=\"screen-reader-text\">\u201eIT.NRW: Mehr als ein F\u00fcnftel der Lehrkr\u00e4fte in NRW war 2014 j\u00fcnger als 35\u201c <\/span>weiterlesen<\/a><\/p>\n","protected":false},"author":17,"featured_media":0,"comment_status":"open","ping_status":"open","sticky":false,"template":"","format":"standard","meta":{"footnotes":""},"categories":[3,303,1043],"tags":[5908,5907,229,4811],"class_list":["post-33414","post","type-post","status-publish","format-standard","hentry","category-bildung-und-schule","category-in-unserem-briefkasten","category-pressemitteilungen","tag-altersstruktur","tag-beschaeftigte","tag-nrw","tag-schulen-nrw"],"_links":{"self":[{"href":"https:\/\/www.schiebener.net\/wordpress\/wp-json\/wp\/v2\/posts\/33414","targetHints":{"allow":["GET"]}}],"collection":[{"href":"https:\/\/www.schiebener.net\/wordpress\/wp-json\/wp\/v2\/posts"}],"about":[{"href":"https:\/\/www.schiebener.net\/wordpress\/wp-json\/wp\/v2\/types\/post"}],"author":[{"embeddable":true,"href":"https:\/\/www.schiebener.net\/wordpress\/wp-json\/wp\/v2\/users\/17"}],"replies":[{"embeddable":true,"href":"https:\/\/www.schiebener.net\/wordpress\/wp-json\/wp\/v2\/comments?post=33414"}],"version-history":[{"count":0,"href":"https:\/\/www.schiebener.net\/wordpress\/wp-json\/wp\/v2\/posts\/33414\/revisions"}],"wp:attachment":[{"href":"https:\/\/www.schiebener.net\/wordpress\/wp-json\/wp\/v2\/media?parent=33414"}],"wp:term":[{"taxonomy":"category","embeddable":true,"href":"https:\/\/www.schiebener.net\/wordpress\/wp-json\/wp\/v2\/categories?post=33414"},{"taxonomy":"post_tag","embeddable":true,"href":"https:\/\/www.schiebener.net\/wordpress\/wp-json\/wp\/v2\/tags?post=33414"}],"curies":[{"name":"wp","href":"https:\/\/api.w.org\/{rel}","templated":true}]}}