{"id":33332,"date":"2015-08-28T16:37:54","date_gmt":"2015-08-28T15:37:54","guid":{"rendered":"http:\/\/www.schiebener.net\/wordpress\/?p=33332"},"modified":"2015-08-28T16:38:54","modified_gmt":"2015-08-28T15:38:54","slug":"pressemitteilung-der-piraten-arnsberg-freifunk-als-buergernetz-aber-richtig","status":"publish","type":"post","link":"https:\/\/www.schiebener.net\/wordpress\/pressemitteilung-der-piraten-arnsberg-freifunk-als-buergernetz-aber-richtig\/","title":{"rendered":"Pressemitteilung der PIRATEN Arnsberg: Freifunk als B\u00fcrgernetz \u2013 aber richtig!"},"content":{"rendered":"<figure id=\"attachment_33334\" aria-describedby=\"caption-attachment-33334\" style=\"width: 640px\" class=\"wp-caption aligncenter\"><img loading=\"lazy\" decoding=\"async\" class=\"size-full wp-image-33334\" src=\"http:\/\/www.schiebener.net\/wordpress\/wp-content\/uploads\/2015\/08\/ronny_gaengler_freifunk.jpg\" alt=\"Ronny G\u00e4ngler \u2013 Sprecher der Piratenpartei in Arnsberg und selbst aktiver Freifunker. Hier im Glockenturm Arnsberg bei der Installation von Freifunk. (foto: piraten)\" width=\"640\" height=\"480\" srcset=\"https:\/\/www.schiebener.net\/wordpress\/wp-content\/uploads\/2015\/08\/ronny_gaengler_freifunk.jpg 640w, https:\/\/www.schiebener.net\/wordpress\/wp-content\/uploads\/2015\/08\/ronny_gaengler_freifunk-300x225.jpg 300w\" sizes=\"auto, (max-width: 709px) 85vw, (max-width: 909px) 67vw, (max-width: 984px) 61vw, (max-width: 1362px) 45vw, 600px\" \/><figcaption id=\"caption-attachment-33334\" class=\"wp-caption-text\">Ronny G\u00e4ngler \u2013 Sprecher der Piratenpartei in Arnsberg und selbst aktiver Freifunker. Hier im Glockenturm Arnsberg bei der Installation von Freifunk. (foto: piraten)<\/figcaption><\/figure>\n<p><strong>Arnsberg. (piraten_pm) Bereits zu Anfang des Jahres brachten die Fraktionen der SPD und FDP einen unter der Federf\u00fchrung der PIRATEN erstellten Antrag [1] in den Rat der Stadt Arnsberg ein.<\/strong><\/p>\n<p>Nach einem l\u00e4ngerem Beratungslauf liegt nun die Verwaltungsvorlage [2]vor und wird h\u00f6chtwahrscheinlich am 23.09.2015 im Haupt- und Finanzausschuss beschlossen. Damit wird ein Kernziel der PIRATEN aus dem Wahlkampf 2014 nun in die Tat umgesetzt.<\/p>\n<p>Die Piratenpartei begr\u00fc\u00dft die Weiterentwicklung von Freifunk als tragende S\u00e4ule f\u00fcr ein freies WLAN-Breitbandnetz und wird den Prozess auch k\u00fcnftig weiterhin konstruktiv begleiten.<\/p>\n<p>Dazu der Sprecher der Piratenpartei in Arnsberg und Freifunker Ronny G\u00e4ngler: <\/p>\n<blockquote><p>Wir freuen uns darauf Freifunk in Arnberg f\u00fcr die Arnsberger und Ihre G\u00e4ste noch weiter auszubauen und mit unserem technischen Sachverstand ehrenamtlich die Entwicklung des gesamtst\u00e4dtischen freien B\u00fcrgernetzes voranzutreiben. Daf\u00fcr ist es unbedingt n\u00f6tig, dass mehr Arnsberger bei diesem Projekt aktiv mitmachen und Ihren Internetanschluss teilen. Zum Thema St\u00f6rerhaftung der Teilnehmer gilt weiterhin, dass der Freifunk Rheinland e.V. ein Provider genau wie die Telekom oder Vodafone ist und somit nicht f\u00fcr das Wirken seiner Teilnehmer haftet. Besonders m\u00f6chte ich das ehrenamtliche Engagement der Freifunker in Arnsberg hervorheben, die oft mehrere Stunden t\u00e4glich mit der Optimierung des Netzes besch\u00e4ftigt sind: Manuel, Christian, Daniel und Dennis um nur einige zu nennen. Daf\u00fcr schon einmal ein grosses Dankesch\u00f6n!<\/p><\/blockquote>\n<p>&#8212;&#8212;&#8212;&#8212;&#8212;&#8212;&#8212;&#8212;&#8212;&#8212;&#8212;&#8212;&#8211;<\/p>\n<p>[1] <a href=\"https:\/\/ratsinfo.arnsberg.de\/sdnetrim\/Lh0LgvGcu9To9Sm0Nl.HayEYv8Tq8Sj1Kg1HauCWqBZo5Ok5KeyIjvIWsBSq4Qn0KezKeyDWq8Sn6Rk1Lf0KjvFavETqASj1Mj0KaxJYr8Zm9UGJ\/Anlagen_Freifunk_Antraege.pdf\" target=\"_blank\">Zum Antrag<\/a><\/p>\n<p>[2] <a href=\"https:\/\/ratsinfo.arnsberg.de\/sdnetrim\/Lh0LgvGcu9To9Sm0Nl.HayIYu8Tq8Sj1Kg1HauCWqBZo5Ok5KeyJcyLWt9Vs4Qr1Qe-Ie1CXuCWn4Oi0Lg-IbvDauHTp8To1Ok0HbwHau8Vt6Pi7Kj2GJ\/Beschlussvorlage_85-2015.pdf#search=Freifunk%20Freifunknetzes%20Freifunkern%20Freifunkvereins%20freifunkrheinland%20Freifunknetze%20freifunk%20Freifunks%20Freifunknetz%20Freifunkinteressierte%20Freifunkverein%20Freifunker\" target=\"_blank\">Zur Verwaltungsvorlage<\/a><\/p>\n<p>&nbsp;<\/p>\n","protected":false},"excerpt":{"rendered":"<p>Arnsberg. (piraten_pm) Bereits zu Anfang des Jahres brachten die Fraktionen der SPD und FDP einen unter der Federf\u00fchrung der PIRATEN erstellten Antrag [1] in den Rat der Stadt Arnsberg ein. &hellip; <a href=\"https:\/\/www.schiebener.net\/wordpress\/pressemitteilung-der-piraten-arnsberg-freifunk-als-buergernetz-aber-richtig\/\" class=\"more-link\"><span class=\"screen-reader-text\">\u201ePressemitteilung der PIRATEN Arnsberg: Freifunk als B\u00fcrgernetz \u2013 aber richtig!\u201c <\/span>weiterlesen<\/a><\/p>\n","protected":false},"author":17,"featured_media":0,"comment_status":"open","ping_status":"open","sticky":false,"template":"","format":"standard","meta":{"footnotes":""},"categories":[303,80,1043],"tags":[5057,4815,655],"class_list":["post-33332","post","type-post","status-publish","format-standard","hentry","category-in-unserem-briefkasten","category-lokales","category-pressemitteilungen","tag-freifunk-arnsberg","tag-piraten-arnsberg","tag-pressemitteilung"],"_links":{"self":[{"href":"https:\/\/www.schiebener.net\/wordpress\/wp-json\/wp\/v2\/posts\/33332","targetHints":{"allow":["GET"]}}],"collection":[{"href":"https:\/\/www.schiebener.net\/wordpress\/wp-json\/wp\/v2\/posts"}],"about":[{"href":"https:\/\/www.schiebener.net\/wordpress\/wp-json\/wp\/v2\/types\/post"}],"author":[{"embeddable":true,"href":"https:\/\/www.schiebener.net\/wordpress\/wp-json\/wp\/v2\/users\/17"}],"replies":[{"embeddable":true,"href":"https:\/\/www.schiebener.net\/wordpress\/wp-json\/wp\/v2\/comments?post=33332"}],"version-history":[{"count":0,"href":"https:\/\/www.schiebener.net\/wordpress\/wp-json\/wp\/v2\/posts\/33332\/revisions"}],"wp:attachment":[{"href":"https:\/\/www.schiebener.net\/wordpress\/wp-json\/wp\/v2\/media?parent=33332"}],"wp:term":[{"taxonomy":"category","embeddable":true,"href":"https:\/\/www.schiebener.net\/wordpress\/wp-json\/wp\/v2\/categories?post=33332"},{"taxonomy":"post_tag","embeddable":true,"href":"https:\/\/www.schiebener.net\/wordpress\/wp-json\/wp\/v2\/tags?post=33332"}],"curies":[{"name":"wp","href":"https:\/\/api.w.org\/{rel}","templated":true}]}}