{"id":33324,"date":"2015-08-27T06:29:54","date_gmt":"2015-08-27T05:29:54","guid":{"rendered":"http:\/\/www.schiebener.net\/wordpress\/?p=33324"},"modified":"2015-08-27T06:29:54","modified_gmt":"2015-08-27T05:29:54","slug":"unterwegs-in-der-region-dirk-wiese-auf-led-tour","status":"publish","type":"post","link":"https:\/\/www.schiebener.net\/wordpress\/unterwegs-in-der-region-dirk-wiese-auf-led-tour\/","title":{"rendered":"Unterwegs in der Region: Dirk Wiese auf LED-Tour"},"content":{"rendered":"<figure id=\"attachment_33326\" aria-describedby=\"caption-attachment-33326\" style=\"width: 640px\" class=\"wp-caption aligncenter\"><img loading=\"lazy\" decoding=\"async\" class=\"size-full wp-image-33326\" src=\"http:\/\/www.schiebener.net\/wordpress\/wp-content\/uploads\/2015\/08\/PMWiese20150826.jpg\" alt=\"Abschlussfoto am Fraunhofer-Institut (foto: spd)\" width=\"640\" height=\"427\" srcset=\"https:\/\/www.schiebener.net\/wordpress\/wp-content\/uploads\/2015\/08\/PMWiese20150826.jpg 640w, https:\/\/www.schiebener.net\/wordpress\/wp-content\/uploads\/2015\/08\/PMWiese20150826-300x200.jpg 300w\" sizes=\"auto, (max-width: 709px) 85vw, (max-width: 909px) 67vw, (max-width: 984px) 61vw, (max-width: 1362px) 45vw, 600px\" \/><figcaption id=\"caption-attachment-33326\" class=\"wp-caption-text\">Abschlussfoto am Fraunhofer-Institut (foto: spd)<\/figcaption><\/figure>\n<p><strong>Meschede. (spd_pm) Am vergangenen Montag, dem 24. August, unternahm der heimische Abgeordnete Dirk Wiese zusammen mit seinem Kollegen Wolfgang Hellmich, MdB f\u00fcr den Kreis Soest, eine LED-Tour durch die Region.<\/strong><\/p>\n<p>Sie besuchten das Fraunhofer-Anwendungszentrum f\u00fcr Anorganische Leuchtstoffe in Soest sowie die Firma Schmitz-Leuchten in Arnsberg.<\/p>\n<p>Als zust\u00e4ndiger Berichterstatter f\u00fcr die neue Beleuchtungstechnik der Leuchtdioden (LEDs) konnte sich Dirk Wiese ein umfangreiches Bild \u00fcber die Arbeit des Fraunhofer Instituts und die Projekte machen.<\/p>\n<p>\u201eLED-Lampen sind die Zukunft der Beleuchtungstechnik. Gegen\u00fcber konventionellen Gl\u00fch- und Energiesparlampen bieten moderne LEDs enorme Vorteile im Hinblick auf Effizienz, Kompaktheit, Lebensdauer und Umweltschutz\u201c, so Dirk Wiese.<\/p>\n<p>W\u00e4hrend des Besuchs bei Schmitz-Leuchten konnten Dirk Wiese und Wolfgang Hellmich weitgehende Einblicke in die LED-Produkte gewinnen und sich von der Effizienz der LEDs \u00fcberzeugen.<\/p>\n","protected":false},"excerpt":{"rendered":"<p>Meschede. (spd_pm) Am vergangenen Montag, dem 24. August, unternahm der heimische Abgeordnete Dirk Wiese zusammen mit seinem Kollegen Wolfgang Hellmich, MdB f\u00fcr den Kreis Soest, eine LED-Tour durch die Region. &hellip; <a href=\"https:\/\/www.schiebener.net\/wordpress\/unterwegs-in-der-region-dirk-wiese-auf-led-tour\/\" class=\"more-link\"><span class=\"screen-reader-text\">\u201eUnterwegs in der Region: Dirk Wiese auf LED-Tour\u201c <\/span>weiterlesen<\/a><\/p>\n","protected":false},"author":17,"featured_media":0,"comment_status":"open","ping_status":"open","sticky":false,"template":"","format":"standard","meta":{"footnotes":""},"categories":[303,80,1043],"tags":[655],"class_list":["post-33324","post","type-post","status-publish","format-standard","hentry","category-in-unserem-briefkasten","category-lokales","category-pressemitteilungen","tag-pressemitteilung"],"_links":{"self":[{"href":"https:\/\/www.schiebener.net\/wordpress\/wp-json\/wp\/v2\/posts\/33324","targetHints":{"allow":["GET"]}}],"collection":[{"href":"https:\/\/www.schiebener.net\/wordpress\/wp-json\/wp\/v2\/posts"}],"about":[{"href":"https:\/\/www.schiebener.net\/wordpress\/wp-json\/wp\/v2\/types\/post"}],"author":[{"embeddable":true,"href":"https:\/\/www.schiebener.net\/wordpress\/wp-json\/wp\/v2\/users\/17"}],"replies":[{"embeddable":true,"href":"https:\/\/www.schiebener.net\/wordpress\/wp-json\/wp\/v2\/comments?post=33324"}],"version-history":[{"count":0,"href":"https:\/\/www.schiebener.net\/wordpress\/wp-json\/wp\/v2\/posts\/33324\/revisions"}],"wp:attachment":[{"href":"https:\/\/www.schiebener.net\/wordpress\/wp-json\/wp\/v2\/media?parent=33324"}],"wp:term":[{"taxonomy":"category","embeddable":true,"href":"https:\/\/www.schiebener.net\/wordpress\/wp-json\/wp\/v2\/categories?post=33324"},{"taxonomy":"post_tag","embeddable":true,"href":"https:\/\/www.schiebener.net\/wordpress\/wp-json\/wp\/v2\/tags?post=33324"}],"curies":[{"name":"wp","href":"https:\/\/api.w.org\/{rel}","templated":true}]}}